{"id":8180,"date":"2023-03-07T16:34:33","date_gmt":"2023-03-07T16:34:33","guid":{"rendered":"https:\/\/dekkbi.com\/?p=8180"},"modified":"2023-03-07T16:34:34","modified_gmt":"2023-03-07T16:34:34","slug":"senegalais-de-tunisie-140-personnes-sur-le-chemin-du-retour","status":"publish","type":"post","link":"https:\/\/dekkbi.com\/?p=8180","title":{"rendered":"S\u00e9n\u00e9galais de Tunisie : 140 personnes sur le chemin du retour"},"content":{"rendered":"\n<p><\/p>\n\n\n\n<p><strong>Dans un communiqu\u00e9 dat\u00e9 du 5 mars 2023, le minist\u00e8re des Affaires \u00e9trang\u00e8res et des S\u00e9n\u00e9galais de l\u2019ext\u00e9rieur annonce l\u2019ouverture d\u2019un registre pour recenser les citoyens s\u00e9n\u00e9galais r\u00e9sidant en Tunisie qui \u00absouhaitent rentrer au S\u00e9n\u00e9gal et faciliter leur rapatriement\u00bb. Une mesure salu\u00e9e \u00e0 sa juste valeur, m\u00eame si d\u2019aucuns jugent qu\u2019elle pouvait intervenir plus t\u00f4t et s\u2019accompagner d\u2019autres dispositions plus concr\u00e8tes.<\/strong><\/p>\n\n\n\n<p><strong>Par Abdoul Rahim KA \u2013<\/strong>&nbsp;\u00abChoquantes\u00bb, \u00abracistes\u00bb, \u00abmaladroites\u00bb, \u00abx\u00e9nophobes\u00bb\u2026 Tels sont les qualificatifs utilis\u00e9s en r\u00e9ponse aux d\u00e9clarations du Pr\u00e9sident tunisien Ka\u00efs Sa\u00efed. Les exactions, la tension et la peur n\u00e9es de ces propos ont conduit des Etats subsahariens \u00e0 organiser le rapatriement de leurs ressortissants. Une voie r\u00e9cemment emprunt\u00e9e par le S\u00e9n\u00e9gal. Selon Bilal Sall, le pr\u00e9sident de l\u2019Association des S\u00e9n\u00e9galais de Tunisie, ils ont d\u00fb faire les premiers pas. \u00abLe recensement, nous l\u2019avons commenc\u00e9 depuis. On avait contact\u00e9 l\u2019ambassade et ouvert une liste. Ce sont nos num\u00e9ros qui sont d\u2019ailleurs donn\u00e9s aux S\u00e9n\u00e9galais. Actuellement nous comptons plus de 140 personnes qui souhaitent rentrer et les inscriptions se poursuivent\u00bb, dit-il. M\u00eame s\u2019il accueille positivement et pour le principe, l\u2019annonce de l\u2019ouverture du pont a\u00e9rien, Bilal Sall souligne des impairs dans la gestion de la situation.<\/p>\n\n\n\n<p>\u00abPour le moment, aucun moyen concret n\u2019a \u00e9t\u00e9 mis sur la table. Nous n\u2019avons que des communiqu\u00e9s que nous d\u00e9plorons d\u2019ailleurs. Nous nous attendions \u00e0 ce que l\u2019Etat du S\u00e9n\u00e9gal condamne d\u2019abord fermement les propos du Pr\u00e9sident tunisien. Aussi, nous voyons que les autres pays ont d\u00e9j\u00e0 ramen\u00e9 leurs enfants et nous, on nous parle encore de recensement et de cellule de crise\u00bb, dit-il. Il salue cependant les efforts consentis par la repr\u00e9sentation s\u00e9n\u00e9galaise pour obtenir, avec \u00abquelques employeurs qui le veulent bien, des contrats de travail pour les S\u00e9n\u00e9galais car il est difficile voire impossible pour un \u00e9tranger de trouver un contrat\u00bb.<\/p>\n\n\n\n<blockquote class=\"wp-block-quote is-layout-flow wp-block-quote-is-layout-flow\">\n<h1 class=\"wp-block-heading\"><a href=\"https:\/\/lequotidien.sn\/racisme-en-tunisie-dakar-met-en-place-un-pont-aerien\/\">Racisme en Tunisie : Dakar met en place un pont a\u00e9rien<\/a><\/h1>\n<\/blockquote>\n\n\n\n<p>Du communiqu\u00e9 du minist\u00e8re des Affaires \u00e9trang\u00e8res et des S\u00e9n\u00e9galais de l\u2019ext\u00e9rieur, Ibrahima Ba, \u00e9tabli en Tunisie depuis 2015, \u00e0 une lecture globale. \u00abSi les repr\u00e9sentations subsahariennes, apr\u00e8s plusieurs r\u00e9unions avec les autorit\u00e9s tunisiennes, ne trouvent d\u2019autre solution que d\u2019ouvrir des ponts a\u00e9riens, cela veut dire que tout subsaharien qui vit ici est en danger et ne doit pas esp\u00e9rer un lendemain meilleur parce que ce n\u2019est pas l\u2019Etat actuel qui va assurer sa s\u00e9curit\u00e9\u00bb, assure-t-il.<\/p>\n\n\n\n<p>Pour lui, deux alternatives s\u2019offrent donc \u00e0 tout migrant noir : \u00abR\u00e9gulariser sa situation si possible ou se pr\u00e9parer \u00e0 quitter le pays.\u00bb Une situation d\u00e9l\u00e9t\u00e8re donc, \u00abun temps d\u2019observation\u00bb, qui ne l\u2019emp\u00eache cependant pas de vaquer \u00e0 ses occupations. \u00abDans nos groupes de discussions, beaucoup disent qu\u2019il faut rentrer et que l\u2019Etat s\u00e9n\u00e9galais doit suivre l\u2019exemple de ses homologues. Personnellement, je travaille ici et ne suis pas tent\u00e9 pour le retour pour le moment. Je pense que le calme reviendra et que tout n\u2019est pas \u00e0 jeter dans ce pays. Il y a m\u00eame des manifestations de soutien aux subsahariens, mais on ne le montre pas\u00bb, rappelle-t-il.<\/p>\n\n\n\n<p><strong>Questions autour d\u2019un retour<\/strong><br>Le calme, Our\u00e8ye Diouf trouve qu\u2019il revient d\u00e9j\u00e0 et que les tensions ont \u00e9t\u00e9 surtout vues les premiers jours avec une vague d\u2019arrestations de migrants&nbsp;: \u00abLa vie reprend son cours normal. Les gens vaquent \u00e0 leurs occupations. On sent m\u00eame que les autorit\u00e9s tunisiennes essaient de rattraper leur erreur.\u00bb Cela n\u2019emp\u00eachera cependant pas, \u00e0 en croire notre interlocutrice qui totalise 20 ans de pr\u00e9sence en Tunisie, les S\u00e9n\u00e9galais de s\u2019inscrire en masse sur le registre ouvert pour le rapatriement volontaire, parce que beaucoup voulaient rentrer bien avant les \u00e9v\u00e9nements sans en avoir les moyens. \u00abIl est tr\u00e8s difficile d\u2019avoir une carte de s\u00e9jour. Apr\u00e8s les 3 mois de pr\u00e9sence tol\u00e9r\u00e9e sur le sol tunisien, beaucoup se retrouvent en situation irr\u00e9guli\u00e8re. Depuis 3 ans maintenant, avec une nouvelle loi, quelle que soit la dur\u00e9e pass\u00e9e sur le territoire, le migrant sans papiers doit payer la somme de 3000 dinars, soit pr\u00e8s 600 000f Cfa, s\u2019il souhaite quitter le pays. C\u2019est cette amende et le co\u00fbt du billet qui obligent beaucoup de S\u00e9n\u00e9galais \u00e0 rester\u00bb, explique-t-elle.<\/p>\n\n\n\n<p>Le retour au pays, Ousseynou Mbaye le souhaite imminent. \u00abNous demandons au Pr\u00e9sident Macky Sall de nous aider en affr\u00e9tant rapidement un vol comme l\u2019ont fait la Guin\u00e9e, le Mali et la C\u00f4te d\u2019Ivoire. Si on ne peut plus travailler, si on risque d\u2019\u00eatre expuls\u00e9s du jour au lendemain de nos maisons, si on n\u2019est pas en s\u00e9curit\u00e9 malgr\u00e9 nos papiers, mieux vaut rentrer chez soi et chercher \u00e0 faire quelque chose l\u00e0- bas\u00bb, alerte M. Mbaye. M\u00eame s\u2019il fait observer qu\u2019aucun S\u00e9n\u00e9galais n\u2019a, pour l\u2019heure, \u00e9t\u00e9 victime d\u2019agression physique, il d\u00e9nonce des \u00e9carts, des violences verbales et un climat lourd pour tout subsaharien : \u00abNul n\u2019est \u00e0 l\u2019abri actuellement. Ceux qui agressent ne reconnaissent ni Ivoirien, ni Gabonais ou S\u00e9n\u00e9galais. Il suffit d\u2019avoir la peau noire\u00bb, d\u00e9plore-t-il. Le retour au pays, c\u2019est ce que souhaitent bon nombre de S\u00e9n\u00e9galais vivant en Tunisie. Leur repr\u00e9sentant, Bilal Sall, souhaite qu\u2019il soit mat\u00e9rialis\u00e9 dans les meilleurs d\u00e9lais et qu\u2019une fois au pays, qu\u2019ils soient accompagn\u00e9s \u00e0 travers des structures comme la Der. Il attend \u00e9galement de l\u2019Etat qu\u2019il facilite l\u2019insertion des \u00e9tudiants dans les universit\u00e9s s\u00e9n\u00e9galaises.<\/p>\n\n\n\n<p>Parmi les \u00e9tudiants dont il faudra envisager l\u2019insertion, il y a Ibrahima Ngom, inscrit en Master 2 de chimie organique. \u00abJe dois soutenir mon m\u00e9moire entre juin et juillet prochains, mais je me suis inscrit sur la liste pour le d\u00e9part par pr\u00e9caution, en attendant d\u2019en discuter avec ma famille et d\u2019\u00e9valuer l\u2019\u00e9volution de la situation. C\u2019est une d\u00e9cision difficile\u00bb, confie le repr\u00e9sentant des \u00e9tudiants et stagiaires s\u00e9n\u00e9galais en Tunisie. De son point de vue, il y a certes un semblant d\u2019accalmie, mais les perspectives ne sont pas pour autant rassurantes ; ce qui complique la prise de d\u00e9cision de certains de ses condisciples. \u00abJe ne dirais pas que \u00e7a va \u00e0 100%, mais \u00e7a se calme. L\u00e0 (interrog\u00e9 hier vers 21h), je reviens de mon lieu de stage. Beaucoup d\u2019\u00e9tudiants ont aussi repris le chemin des amphis. L\u2019ambassade appelle r\u00e9guli\u00e8rement pour prendre de nos nouvelles. Il y a pour le moment une trentaine d\u2019inscrits. Il y a par contre des \u00e9tudiants qui ont d\u00e9j\u00e0 pay\u00e9 toute leur scolarisation et pr\u00e9f\u00e8rent finir l\u2019ann\u00e9e\u00bb, pr\u00e9cise Ibrahima Ngom.<\/p>\n","protected":false},"excerpt":{"rendered":"<p>Dans un communiqu\u00e9 dat\u00e9 du 5 mars 2023, le minist\u00e8re des Affaires \u00e9trang\u00e8res et des S\u00e9n\u00e9galais de l\u2019ext\u00e9rieur annonce l\u2019ouverture<\/p>\n","protected":false},"author":1,"featured_media":8181,"comment_status":"open","ping_status":"open","sticky":false,"template":"","format":"standard","meta":{"footnotes":""},"categories":[21],"tags":[],"class_list":["post-8180","post","type-post","status-publish","format-standard","has-post-thumbnail","hentry","category-societe"],"_links":{"self":[{"href":"https:\/\/dekkbi.com\/index.php?rest_route=\/wp\/v2\/posts\/8180","targetHints":{"allow":["GET"]}}],"collection":[{"href":"https:\/\/dekkbi.com\/index.php?rest_route=\/wp\/v2\/posts"}],"about":[{"href":"https:\/\/dekkbi.com\/index.php?rest_route=\/wp\/v2\/types\/post"}],"author":[{"embeddable":true,"href":"https:\/\/dekkbi.com\/index.php?rest_route=\/wp\/v2\/users\/1"}],"replies":[{"embeddable":true,"href":"https:\/\/dekkbi.com\/index.php?rest_route=%2Fwp%2Fv2%2Fcomments&post=8180"}],"version-history":[{"count":1,"href":"https:\/\/dekkbi.com\/index.php?rest_route=\/wp\/v2\/posts\/8180\/revisions"}],"predecessor-version":[{"id":8182,"href":"https:\/\/dekkbi.com\/index.php?rest_route=\/wp\/v2\/posts\/8180\/revisions\/8182"}],"wp:featuredmedia":[{"embeddable":true,"href":"https:\/\/dekkbi.com\/index.php?rest_route=\/wp\/v2\/media\/8181"}],"wp:attachment":[{"href":"https:\/\/dekkbi.com\/index.php?rest_route=%2Fwp%2Fv2%2Fmedia&parent=8180"}],"wp:term":[{"taxonomy":"category","embeddable":true,"href":"https:\/\/dekkbi.com\/index.php?rest_route=%2Fwp%2Fv2%2Fcategories&post=8180"},{"taxonomy":"post_tag","embeddable":true,"href":"https:\/\/dekkbi.com\/index.php?rest_route=%2Fwp%2Fv2%2Ftags&post=8180"}],"curies":[{"name":"wp","href":"https:\/\/api.w.org\/{rel}","templated":true}]}}