{"id":8162,"date":"2023-03-07T11:36:51","date_gmt":"2023-03-07T11:36:51","guid":{"rendered":"https:\/\/dekkbi.com\/?p=8162"},"modified":"2023-03-07T11:36:52","modified_gmt":"2023-03-07T11:36:52","slug":"rdc-lopposition-sindigne-des-propos-de-felix-tshisekedi-sur-un-eventuel-report-des-elections","status":"publish","type":"post","link":"https:\/\/dekkbi.com\/?p=8162","title":{"rendered":"RDC: l\u2019opposition s\u2019indigne des propos de F\u00e9lix Tshisekedi sur un \u00e9ventuel report des \u00e9lections"},"content":{"rendered":"\n<p><strong>En R\u00e9publique d\u00e9mocratique du Congo (RDC), lors d\u2019une conf\u00e9rence de presse commune avec le pr\u00e9sident fran\u00e7ais Emmanuel Macron, F\u00e9lix Tshisekedi s&rsquo;est interrog\u00e9 sur l&rsquo;impact \u00e9ventuel de la crise dans l&rsquo;Est du pays sur le calendrier \u00e9lectoral. La pr\u00e9sidentielle notamment est pr\u00e9vue le 20 d\u00e9cembre 2023. Des propos du chef de l\u2019\u00c9tat qui indignent au sein d\u2019une partie de l&rsquo;opposition politique<\/strong>.<\/p>\n\n\n\n<p><em>Tous propos recueillis par\u00a0<\/em><strong>Guillaume Thibault,<\/strong> RFI<\/p>\n\n\n\n<p>\u00ab&nbsp;<em>Est-ce qu\u2019il faut stopper le processus d\u2019enr\u00f4lement des \u00e9lecteurs en attendant que la paix revienne, avec le risque que cela impacte le respect du calendrier ?<\/em>&nbsp;\u00bb Cette question, pos\u00e9e par F\u00e9lix Tshisekedi le 4 mars 2023, durant une conf\u00e9rence de presse commune avec Emmanuel Macron, a provoqu\u00e9 l\u2019indignation au sein d\u2019une partie de l\u2019opposition congolaise.<\/p>\n\n\n\n<p>La R\u00e9publique d\u00e9mocratique du Congo (RDC) s\u2019est lanc\u00e9e le 24 d\u00e9cembre 2022 dans une vaste campagne d\u2019enr\u00f4lement des \u00e9lecteurs, zone g\u00e9ographique par zone, en vue des prochaines \u00e9ch\u00e9ances \u00e9lectorales et notamment de la Pr\u00e9sidentielle, pr\u00e9vue le 20 d\u00e9cembre 2023. Une campagne qui, selon le chef de l\u2019\u00c9tat, serait donc en p\u00e9ril, en raison entre autres de la situation s\u00e9curitaire dans l\u2019Est du pays, o\u00f9 les Forces arm\u00e9es de la RDC (FARDC) affrontent plusieurs mouvements et milices, notamment la r\u00e9bellion du M23.<\/p>\n\n\n\n<p><\/p>\n\n\n\n<p>\u00ab&nbsp;<em>Faut-il continuer le processus en ne prenant pas en compte les populations nombreuses de d\u00e9plac\u00e9s de guerre&nbsp;? C\u2019est cela qui peut poser probl\u00e8me<\/em>&nbsp;\u00bb, s\u2019est encore interrog\u00e9 F\u00e9lix Tshisekedi, samedi dernier.<\/p>\n\n\n\n<h2 class=\"wp-block-heading\"><em>\u00ab C\u2019est au pr\u00e9sident d&rsquo;\u00e9vacuer, d&rsquo;\u00e9liminer tous ces risques&nbsp;\u00bb<\/em><\/h2>\n\n\n\n<p><\/p>\n\n\n\n<p>\u00ab\u00a0<em>La question est pertinente, mais seulement c&rsquo;est \u00e0 lui de donner la r\u00e9ponse<\/em>, r\u00e9agit Adolphe Muzito, candidat \u00e0 la pr\u00e9sidentielle et fondateur du parti Nouvel Elan.\u00a0<em>Puisqu&rsquo;il y a ces risques, c&rsquo;est \u00e0 lui, qui est aux responsabilit\u00e9s du pays, d&rsquo;\u00e9vacuer, d&rsquo;\u00e9liminer tous ces risques, pour que les \u00e9lections se tiennent dans les d\u00e9lais constitutionnels<\/em>\u00a0\u00bb.<\/p>\n\n\n\n<p>Pour Ch\u00e9rubin Okende Senga, ancien ministre des Transports de F\u00e9lix Tshisekedi et d\u00e9sormais porte-parole d\u2019un Mo\u00efse Katumbi candidat \u00e0 l&rsquo;\u00e9lection pr\u00e9sidentielle, la justification brandie par le pr\u00e9sident ne tient pas.&nbsp;<em>\u00ab&nbsp;La situation \u00e0 l&rsquo;est du pays ne devrait pas constituer un pr\u00e9texte pour le pr\u00e9sident&nbsp;<\/em><em>Tshisekedi<\/em>, affirme-t-il.<em>&nbsp;Je dois rappeler que lui-m\u00eame, \u00e0 l&rsquo;or\u00e9e de son investiture, avait promis au peuple congolais d&rsquo;\u00e9tablir son \u00e9tat-major \u00e0 l&rsquo;est du pays, pour \u00e9radiquer les forces \u00e9trang\u00e8res et toutes les forces n\u00e9gatives. Quatre ans apr\u00e8s, c&rsquo;est une incapacit\u00e9 de pouvoir de la part du r\u00e9gime en place de pouvoir restaurer la paix dans cette partie de la R\u00e9publique<\/em>&nbsp;\u00bb.<\/p>\n\n\n\n<h2 class=\"wp-block-heading\"><em>\u00ab&nbsp;Monsieur Tshisekedi le 23 janvier 2024 \u00e0 minuit doit partir&nbsp;\u00bb<\/em><\/h2>\n\n\n\n<p>Pour Martin Fayulu, le leader du parti ECIDE, quoi qu&rsquo;il arrive, report ou non, F\u00e9lix Tshisekedi devra quitter son poste dans les d\u00e9lais. \u00ab&nbsp;<em>L&rsquo;article 70 de notre Constitution dit que le Pr\u00e9sident de la R\u00e9publique est \u00e9lu pour un mandat de 5 ans et Monsieur&nbsp;<\/em><em>Tshisekedi le 23 janvier 2024 \u00e0 minuit doit partir<\/em>, insiste-t-il.<em>&nbsp;Maintenant organiser les \u00e9lections plus tard ou autre chose, \u00e7a, \u00e7a n&rsquo;a rien \u00e0 voir avec le mandat. Il l&rsquo;a soutenu sur vos antennes au mois de septembre dernier&nbsp;: que le pr\u00e9sident de la commission \u00e9lectorale lui avait dit que les \u00e9lections se tiendront \u00e0 date, et qu\u2019il n&rsquo;avait pas de raison de mettre cela en doute. Il \u00e9tait rassur\u00e9.<\/em><em>&nbsp;<\/em><em>Et il va venir aujourd&rsquo;hui, parce qu&rsquo;il voit qu\u2019on surveille de pr\u00e8s la Commission nationale \u00e9lectorale ind\u00e9pendante (Ceni) et que sa fraude ne peut pas passer, il veut \u00e9voquer le probl\u00e8me de l&rsquo;ins\u00e9curit\u00e9 \u00e0 l&rsquo;Est pour rester sur son fauteuil&nbsp;<\/em>\u00bb.<\/p>\n\n\n\n<p>Une Ceni dont le pr\u00e9sident, Denis Kadima, a tir\u00e9 la sonnette d\u2019alarme le 6 mars dernier sur la cha\u00eene T\u00e9l\u00e9 50, sur la situation financi\u00e8re de l\u2019institution charg\u00e9e de l\u2019identification et de l\u2019enr\u00f4lement des \u00e9lecteurs.<\/p>\n","protected":false},"excerpt":{"rendered":"<p>En R\u00e9publique d\u00e9mocratique du Congo (RDC), lors d\u2019une conf\u00e9rence de presse commune avec le pr\u00e9sident fran\u00e7ais Emmanuel Macron, F\u00e9lix Tshisekedi<\/p>\n","protected":false},"author":1,"featured_media":8163,"comment_status":"open","ping_status":"open","sticky":false,"template":"","format":"standard","meta":{"footnotes":""},"categories":[51],"tags":[],"class_list":["post-8162","post","type-post","status-publish","format-standard","has-post-thumbnail","hentry","category-general"],"_links":{"self":[{"href":"https:\/\/dekkbi.com\/index.php?rest_route=\/wp\/v2\/posts\/8162","targetHints":{"allow":["GET"]}}],"collection":[{"href":"https:\/\/dekkbi.com\/index.php?rest_route=\/wp\/v2\/posts"}],"about":[{"href":"https:\/\/dekkbi.com\/index.php?rest_route=\/wp\/v2\/types\/post"}],"author":[{"embeddable":true,"href":"https:\/\/dekkbi.com\/index.php?rest_route=\/wp\/v2\/users\/1"}],"replies":[{"embeddable":true,"href":"https:\/\/dekkbi.com\/index.php?rest_route=%2Fwp%2Fv2%2Fcomments&post=8162"}],"version-history":[{"count":1,"href":"https:\/\/dekkbi.com\/index.php?rest_route=\/wp\/v2\/posts\/8162\/revisions"}],"predecessor-version":[{"id":8164,"href":"https:\/\/dekkbi.com\/index.php?rest_route=\/wp\/v2\/posts\/8162\/revisions\/8164"}],"wp:featuredmedia":[{"embeddable":true,"href":"https:\/\/dekkbi.com\/index.php?rest_route=\/wp\/v2\/media\/8163"}],"wp:attachment":[{"href":"https:\/\/dekkbi.com\/index.php?rest_route=%2Fwp%2Fv2%2Fmedia&parent=8162"}],"wp:term":[{"taxonomy":"category","embeddable":true,"href":"https:\/\/dekkbi.com\/index.php?rest_route=%2Fwp%2Fv2%2Fcategories&post=8162"},{"taxonomy":"post_tag","embeddable":true,"href":"https:\/\/dekkbi.com\/index.php?rest_route=%2Fwp%2Fv2%2Ftags&post=8162"}],"curies":[{"name":"wp","href":"https:\/\/api.w.org\/{rel}","templated":true}]}}