{"id":8157,"date":"2023-03-07T11:33:43","date_gmt":"2023-03-07T11:33:43","guid":{"rendered":"https:\/\/dekkbi.com\/?p=8157"},"modified":"2023-03-07T11:33:45","modified_gmt":"2023-03-07T11:33:45","slug":"france-les-premieres-actions-contre-la-reforme-des-retraites-ont-commence","status":"publish","type":"post","link":"https:\/\/dekkbi.com\/?p=8157","title":{"rendered":"France: les premi\u00e8res actions contre la r\u00e9forme des retraites ont commenc\u00e9"},"content":{"rendered":"\n<p><strong>Manifestations, gr\u00e8ves reconductibles, ronds-points occup\u00e9s: plusieurs premi\u00e8res actions de blocage ont commenc\u00e9 ce mardi 7 mars pour mettre la France \u00ab\u00a0\u00e0 l&rsquo;arr\u00eat\u00a0\u00bb contre la tr\u00e8s contest\u00e9e r\u00e9forme des retraites d\u00e9fendue par Emmanuel Macron, avant sa probable adoption par le Parlement d&rsquo;ici quelques jours.<\/strong><\/p>\n\n\n\n<p><\/p>\n\n\n\n<p>Premi\u00e8re action d&rsquo;envergure de la journ\u00e9e, les exp\u00e9ditions de carburants ont \u00e9t\u00e9 bloqu\u00e9es dans la matin\u00e9e \u00e0 la sortie de \u00ab<em>&nbsp;toutes les raffineries<\/em>&nbsp;\u00bb de France, a affirm\u00e9 \u00e0 l&rsquo;AFP le syndicat CGT-Chimie, assurant que des raffineries de TotalEnergies, Esso-ExxonMobil et Petroineos \u00e9taient notamment affect\u00e9es. Dans la nuit de lundi \u00e0 mardi, des manifestants ont, eux, commenc\u00e9 \u00e0 bloquer un important axe routier de Rennes, dans l&rsquo;ouest de la France.<\/p>\n\n\n\n<p>Cette sixi\u00e8me journ\u00e9e d&rsquo;actions doit \u00e9galement \u00eatre marqu\u00e9e par le lancement de gr\u00e8ves reconductibles dans plusieurs secteurs, des transports aux raffineries en passant par l&rsquo;\u00e9nergie, le commerce ou les d\u00e9chets, et par des manifestations qui s&rsquo;annoncent tr\u00e8s suivies.&nbsp;La manifestation parisienne s&rsquo;\u00e9branlera \u00e0 14h00 de S\u00e8vres-Babylone en direction de la place d&rsquo;Italie (est) et la CGT a annonc\u00e9 au total 265 rassemblements en France.&nbsp;Selon la CFDT, quelque \u00ab&nbsp;<em>320 points de rassemblements<\/em>&nbsp;\u00bb sont pr\u00e9vus, y compris \u00ab&nbsp;<em>dans des endroits o\u00f9 il y en a jamais eu&nbsp;<\/em>\u00bb avec des d\u00e9fil\u00e9s annonc\u00e9s de Paris \u00e0 Marseille en passant par Nice, Montpellier et de plus petites villes comme St Lo (Manche), Valenciennes (Nord) et Calais (Pas-de-Calais). Des rassemblements ont par ailleurs eu lieu sur des ronds-points depuis le d\u00e9but de la matin\u00e9e.<\/p>\n\n\n\n<p>Les responsables des principaux syndicats ont indiqu\u00e9 attendre \u00ab\u00a0<em>plus de 2 millions<\/em>\u00a0\u00bb de manifestants pour cette journ\u00e9e qui marque selon eux le d\u00e9but d&rsquo;une \u00ab\u00a0<em>nouvelle phase<\/em>\u00a0\u00bb du mouvement social. \u00ab\u00a0<em>Je pense qu&rsquo;on va mettre plus de deux millions de personnes dans la rue aujourd&rsquo;hui\u00a0<\/em>\u00bb, a d\u00e9clar\u00e9 ce mardi matin Fr\u00e9d\u00e9ric Souillot sur RTL.<\/p>\n\n\n\n<p><strong>Newsletter<\/strong>Recevez toute l&rsquo;actualit\u00e9 internationale directement dans votre boite mail<a href=\"https:\/\/emailing.rfi.fr\/fr\/subscribe\" target=\"_blank\" rel=\"noreferrer noopener\">Je m&rsquo;abonne<\/a><\/p>\n\n\n\n<p>Le secr\u00e9taire g\u00e9n\u00e9ral de Force ouvri\u00e8re a affirm\u00e9 que \u00ab&nbsp;<em>dans plein d&rsquo;endroits, la France est \u00e0 l&rsquo;arr\u00eat&nbsp;<\/em>\u00bb, suivant le mot d&rsquo;ordre de l&rsquo;intersyndicale, ce qui \u00ab<em>&nbsp;d\u00e9montre que la strat\u00e9gie fonctionne&nbsp;<\/em>\u00bb et justifie donc de poursuivre \u00ab&nbsp;<em>jusqu&rsquo;au retrait de cette r\u00e9forme&nbsp;<\/em>\u00bb.<\/p>\n\n\n\n<p>Avis partag\u00e9 par Laurent Berger : \u00ab&nbsp;<em>Il ne faut pas se r\u00e9signer, c&rsquo;est possible de faire reculer le gouvernement sur les 64 ans<\/em>&nbsp;\u00bb, a lanc\u00e9 sur LCI le patron de la CFDT, qui esp\u00e8re lui aussi battre le record du 31 janvier (1,27 million de participants selon les autorit\u00e9s, 2,5 millions d&rsquo;apr\u00e8s les organisateurs). \u00ab&nbsp;<em>Il y aura plus de monde, je vous le dis<\/em>&nbsp;\u00bb, a-t-il assur\u00e9, pr\u00e9venant que \u00ab<em>&nbsp;la grande majorit\u00e9 des salari\u00e9s seront appel\u00e9s \u00e0 de nouvelles initiatives&nbsp;<\/em>\u00bb si l&rsquo;ex\u00e9cutif ne revient pas sur son projet.<\/p>\n\n\n\n<p>Le taux moyen d&rsquo;enseignants gr\u00e9vistes est, ce 7 mars, de 32,71%, dont 35,35% dans le primaire et 30,09% dans le secondaire (coll\u00e8ges et lyc\u00e9es) selon le minist\u00e8re, bien en de\u00e7\u00e0 des chiffres des syndicats. Les syndicats Snuipp-FSU et Snes-FSU ont de leur c\u00f4t\u00e9 annonc\u00e9 des taux de gr\u00e9vistes d&rsquo;au moins 60% dans le premier et le second degr\u00e9. Le taux de gr\u00e9vistes le plus \u00e9lev\u00e9 chez les enseignants date du 19 janvier, lors de la premi\u00e8re journ\u00e9e d&rsquo;action, avec 42,35% dans le primaire et 34,66% dans le secondaire, selon le minist\u00e8re.<\/p>\n\n\n\n<p>Cette journ\u00e9e fait figure de test majeur pour le gouvernement fran\u00e7ais qui veut relever l&rsquo;\u00e2ge de d\u00e9part \u00e0 la retraite de 62 \u00e0 64 ans dans le but affich\u00e9 d&rsquo;assurer le financement du syst\u00e8me, pilier du mod\u00e8le social \u00e0 la fran\u00e7aise.<\/p>\n\n\n\n<figure class=\"wp-block-image size-full\"><img loading=\"lazy\" decoding=\"async\" width=\"1\" height=\"1\" src=\"https:\/\/dekkbi.com\/wp-content\/uploads\/2023\/03\/image-4.gif\" alt=\"\" class=\"wp-image-8159\"\/><figcaption class=\"wp-element-caption\">Lors d&rsquo;un barrage routier pr\u00e8s du Havre, dans le nord-ouest de la France, le 7 mars 2023.&nbsp;AFP &#8211; LOU BENOIST<\/figcaption><\/figure>\n\n\n\n<p>(avec agences) <\/p>\n","protected":false},"excerpt":{"rendered":"<p>Manifestations, gr\u00e8ves reconductibles, ronds-points occup\u00e9s: plusieurs premi\u00e8res actions de blocage ont commenc\u00e9 ce mardi 7 mars pour mettre la France<\/p>\n","protected":false},"author":1,"featured_media":8160,"comment_status":"open","ping_status":"open","sticky":false,"template":"","format":"standard","meta":{"footnotes":""},"categories":[3],"tags":[],"class_list":["post-8157","post","type-post","status-publish","format-standard","has-post-thumbnail","hentry","category-event-more-news"],"_links":{"self":[{"href":"https:\/\/dekkbi.com\/index.php?rest_route=\/wp\/v2\/posts\/8157","targetHints":{"allow":["GET"]}}],"collection":[{"href":"https:\/\/dekkbi.com\/index.php?rest_route=\/wp\/v2\/posts"}],"about":[{"href":"https:\/\/dekkbi.com\/index.php?rest_route=\/wp\/v2\/types\/post"}],"author":[{"embeddable":true,"href":"https:\/\/dekkbi.com\/index.php?rest_route=\/wp\/v2\/users\/1"}],"replies":[{"embeddable":true,"href":"https:\/\/dekkbi.com\/index.php?rest_route=%2Fwp%2Fv2%2Fcomments&post=8157"}],"version-history":[{"count":1,"href":"https:\/\/dekkbi.com\/index.php?rest_route=\/wp\/v2\/posts\/8157\/revisions"}],"predecessor-version":[{"id":8161,"href":"https:\/\/dekkbi.com\/index.php?rest_route=\/wp\/v2\/posts\/8157\/revisions\/8161"}],"wp:featuredmedia":[{"embeddable":true,"href":"https:\/\/dekkbi.com\/index.php?rest_route=\/wp\/v2\/media\/8160"}],"wp:attachment":[{"href":"https:\/\/dekkbi.com\/index.php?rest_route=%2Fwp%2Fv2%2Fmedia&parent=8157"}],"wp:term":[{"taxonomy":"category","embeddable":true,"href":"https:\/\/dekkbi.com\/index.php?rest_route=%2Fwp%2Fv2%2Fcategories&post=8157"},{"taxonomy":"post_tag","embeddable":true,"href":"https:\/\/dekkbi.com\/index.php?rest_route=%2Fwp%2Fv2%2Ftags&post=8157"}],"curies":[{"name":"wp","href":"https:\/\/api.w.org\/{rel}","templated":true}]}}