{"id":8154,"date":"2023-03-07T11:11:40","date_gmt":"2023-03-07T11:11:40","guid":{"rendered":"https:\/\/dekkbi.com\/?p=8154"},"modified":"2023-03-07T11:11:42","modified_gmt":"2023-03-07T11:11:42","slug":"elections-de-representativite-syndicale-une-plateforme-de-vote-electronique-officiellement-lancee","status":"publish","type":"post","link":"https:\/\/dekkbi.com\/?p=8154","title":{"rendered":"Elections de repr\u00e9sentativit\u00e9 syndicale: une plateforme de vote \u00e9lectronique officiellement lanc\u00e9e"},"content":{"rendered":"\n<p>(APS) \u2013 Le ministre du Travail, du Dialogue social et des Relations avec les institutions, Samba Sy, a proc\u00e9d\u00e9 lundi \u00e0 Dakar au lancement officiel de la plateforme de vote \u00e9lectronique d\u00e9nomm\u00e9e \u2018\u2019mirador\u2019\u2019 en perspective des \u00e9lections de repr\u00e9sentativit\u00e9 syndicale des enseignants d\u00e9marr\u00e9es ce lundi, a constat\u00e9 l\u2019APS.<\/p>\n\n\n\n<p>\u2018\u2019Le vote \u00e9lectronique est une grande innovation pour les \u00e9lections de repr\u00e9sentativit\u00e9 syndicale dans le secteur public de l\u2019\u00e9ducation et de la formation. Cette plateforme va permettre de mani\u00e8re efficace de d\u00e9terminer les syndicats d\u2019enseignants les plus repr\u00e9sentatifs au pr\u00e9scolaire \u00e0 l\u2019\u00e9l\u00e9mentaire, au moyen-secondaire et dans les corps de contr\u00f4le\u2019\u2019, s\u2019est f\u00e9licit\u00e9 le ministre du Travail, du Dialogue social et des Relations avec les institutions.<\/p>\n\n\n\n<p>Le vote qui a commenc\u00e9 ce lundi va se poursuivre jusqu\u2019au 13 mars prochain. Quelque \u2018\u2019cent-dix mille enseignants sont concern\u00e9s par ces \u00e9lections de repr\u00e9sentativit\u00e9 syndicale&nbsp;\u00bb, a pr\u00e9cis\u00e9 M. Sy. Il a salu\u00e9 \u2018\u2019l\u2019affluence\u2019\u2019 et \u2018\u2019l\u2019engouement\u2019\u2019 constat\u00e9s d\u00e8s le d\u00e9but de cette op\u00e9ration de vote \u00e9lectronique.<\/p>\n\n\n\n<p>\u2019\u2019Nous devons faire en sorte que ce vote puisse s\u2019effectuer avec un taux de participation appr\u00e9ciable\u2019\u2019, a-t-il souhait\u00e9, ajoutant que \u2018\u2019le vote \u00e9lectronique donne davantage de commodit\u00e9s \u00e0 tout le monde\u2019\u2019.<\/p>\n\n\n\n<p>Selon le ministre, il est de la mission des enseignants \u2018\u2019 de frayer des voies nouvelles et de faire un meilleur usage de ce que la science et la technique du jour accordent comme possibilit\u00e9 \u00e0 l\u2019humain\u2019\u2019. Il estime que cette op\u00e9ration de vote \u00e9lectronique est \u2018\u2019une op\u00e9ration essentielle dans le progr\u00e8s de notre soci\u00e9t\u00e9\u2019\u2019.<\/p>\n\n\n\n<p>Le ministre souligne \u00e9galement que son d\u00e9partement a pris toutes \u2018\u2019les dispositions possibles\u2019\u2019 pour faire de ces \u00e9lections une \u2018\u2019r\u00e9ussite totale\u2019\u2019.<\/p>\n\n\n\n<p>\u2018\u2019Nous pensons (\u2026) que tous les param\u00e8tres n\u00e9cessaires qui devraient permettre d\u2019\u00e9largir le r\u00e9seau seront disponibles pour que les enseignants puissent voter convenablement \u00e0 tout instant\u2019\u2019, a soutenu Assane Sadio Bocoum, parlant au nom des syndicats.<\/p>\n\n\n\n<p>\u2018\u2019Si on veut voter et assurer les enseignements-apprentissages\u2019\u2019, explique-t-il, il faut qu\u2019on ait un \u2018\u2019parcours tr\u00e8s court afin de permettre aux \u00e9lecteurs de se connecter tr\u00e8s rapidement\u2019\u2019.<\/p>\n\n\n\n<p>M. Bocoum faisait allusion aux &nbsp;difficult\u00e9s li\u00e9es \u00e0 la \u2018\u2019r\u00e9initialisation&nbsp;\u00bb des mots de passe . Parce que les r\u00e9ponses \u2018\u2019ne sont plus automatiques\u2019\u2019, constate-t-il.<\/p>\n\n\n\n<p>\u2018\u2019Nous pensons que l\u2019on doit prendre en charge l\u2019ensemble des pr\u00e9occupations des enseignants pour \u00e9largir davantage l\u2019autoroute de la connectivit\u00e9. Cela permettra aux votants d\u2019effectuer leur devoir le plus rapidement possible\u2019\u2019, a fait remarquer le repr\u00e9sentant syndical.<\/p>\n","protected":false},"excerpt":{"rendered":"<p>(APS) \u2013 Le ministre du Travail, du Dialogue social et des Relations avec les institutions, Samba Sy, a proc\u00e9d\u00e9 lundi<\/p>\n","protected":false},"author":1,"featured_media":8155,"comment_status":"open","ping_status":"open","sticky":false,"template":"","format":"standard","meta":{"footnotes":""},"categories":[21],"tags":[],"class_list":["post-8154","post","type-post","status-publish","format-standard","has-post-thumbnail","hentry","category-societe"],"_links":{"self":[{"href":"https:\/\/dekkbi.com\/index.php?rest_route=\/wp\/v2\/posts\/8154","targetHints":{"allow":["GET"]}}],"collection":[{"href":"https:\/\/dekkbi.com\/index.php?rest_route=\/wp\/v2\/posts"}],"about":[{"href":"https:\/\/dekkbi.com\/index.php?rest_route=\/wp\/v2\/types\/post"}],"author":[{"embeddable":true,"href":"https:\/\/dekkbi.com\/index.php?rest_route=\/wp\/v2\/users\/1"}],"replies":[{"embeddable":true,"href":"https:\/\/dekkbi.com\/index.php?rest_route=%2Fwp%2Fv2%2Fcomments&post=8154"}],"version-history":[{"count":1,"href":"https:\/\/dekkbi.com\/index.php?rest_route=\/wp\/v2\/posts\/8154\/revisions"}],"predecessor-version":[{"id":8156,"href":"https:\/\/dekkbi.com\/index.php?rest_route=\/wp\/v2\/posts\/8154\/revisions\/8156"}],"wp:featuredmedia":[{"embeddable":true,"href":"https:\/\/dekkbi.com\/index.php?rest_route=\/wp\/v2\/media\/8155"}],"wp:attachment":[{"href":"https:\/\/dekkbi.com\/index.php?rest_route=%2Fwp%2Fv2%2Fmedia&parent=8154"}],"wp:term":[{"taxonomy":"category","embeddable":true,"href":"https:\/\/dekkbi.com\/index.php?rest_route=%2Fwp%2Fv2%2Fcategories&post=8154"},{"taxonomy":"post_tag","embeddable":true,"href":"https:\/\/dekkbi.com\/index.php?rest_route=%2Fwp%2Fv2%2Ftags&post=8154"}],"curies":[{"name":"wp","href":"https:\/\/api.w.org\/{rel}","templated":true}]}}