{"id":8144,"date":"2023-03-07T10:11:53","date_gmt":"2023-03-07T10:11:53","guid":{"rendered":"https:\/\/dekkbi.com\/?p=8144"},"modified":"2023-03-07T10:11:55","modified_gmt":"2023-03-07T10:11:55","slug":"7e-edition-de-la-foire-de-caritas-a-tamba-la-femme-rurale-a-lhonneur","status":"publish","type":"post","link":"https:\/\/dekkbi.com\/?p=8144","title":{"rendered":"7e \u00e9dition de la Foire de Caritas \u00e0 Tamba\u00a0: La femme rurale \u00e0 l\u2019honneur\u00a0"},"content":{"rendered":"\n<p><strong>La Caritas de Tambacounda va organiser la 7\u00e8me \u00e9dition de sa Foire r\u00e9gionale. Cette ann\u00e9e, c\u2019est la femme rurale qui est \u00e0 l\u2019honneur. En atteste m\u00eame le th\u00e8me retenu&nbsp;: \u00abSouverainet\u00e9 alimentaire, quelles strat\u00e9gies pour une contribution active de la femme rurale.\u00bb Le mois de mars aidant, les organisateurs veulent rendre hommage aux valeureuses femmes.<\/strong><\/p>\n\n\n\n<p><strong>Par Abdoulaye FALL(Correspondant)<\/strong>&nbsp;\u2013 Du 9 au 13 mars, il va \u00eatre tenu \u00e0 Tambacounda, la 7\u00e8me \u00e9dition de la Foire r\u00e9gionale de l\u2019Ong Caritas. La derni\u00e8re \u00e9dition remonte au mois de f\u00e9vrier 2020. Cette ann\u00e9e, le mois de mars aidant, les organisateurs vont en profiter pour rendre hommage aux dames.<\/p>\n\n\n\n<p>D\u2019ailleurs, le th\u00e8me retenu en atteste pour beaucoup&nbsp;: \u00abSouverainet\u00e9 alimentaire, quelles strat\u00e9gies pour une contribution active de la femme rurale.\u00bb<\/p>\n\n\n\n<p>L\u2019objectif, explique le charg\u00e9 des programmes de Caritas, consiste \u00e0 renforcer la sensibilisation sur l\u2019acc\u00e8s de la femme rurale \u00e0 la terre et aux moyens de production agricole. L\u00e9on Sarr indique aussi qu\u2019il va \u00eatre cr\u00e9\u00e9 des cr\u00e9neaux d\u2019\u00e9changes entre producteurs et acheteurs de produits et mat\u00e9riels agricoles. Il sera l\u2019occasion de cr\u00e9er des opportunit\u00e9s de collaboration entre acteurs du secteur de l\u2019agriculture.<\/p>\n\n\n\n<p>L\u2019organisation de la foire est aussi une mani\u00e8re pour Caritas de contribuer \u00e0 la r\u00e9alisation des orientations du gouvernement en mati\u00e8re agricole et de promotion des produits agricoles pour la lutte contre la pauvret\u00e9, notamment en milieu rural. Et face \u00e0 la probl\u00e9matique de la s\u00e9curit\u00e9 et de la souverainet\u00e9 alimentaire et la pauvret\u00e9 galopante en milieu rural, le r\u00f4le de la femme reste d\u00e9terminant pour le succ\u00e8s des initiatives et autres politiques gouvernementales. D\u2019o\u00f9 toute la pertinence du choix du th\u00e8me de cette ann\u00e9e, rel\u00e8ve M. Sarr. Le charg\u00e9 des programmes de l\u2019Ong caritative de poursuivre&nbsp;: \u00abLes femmes sont les pi\u00e8ces ma\u00eetresses du dispositif social, m\u00eame si elles sont de plus en plus expos\u00e9es \u00e0 la f\u00e9minisation de la pauvret\u00e9. Elles repr\u00e9sentent, avec les filles, plus de 50% de la main d\u2019\u0153uvre \u00e9conomique dans les pays en voie de d\u00e9veloppement. Elles demeurent les actrices fondamentales pour orienter nos soci\u00e9t\u00e9s vers un d\u00e9veloppement durable. C\u2019est pourquoi elles doivent jouer un r\u00f4le primordial dans la gestion des cons\u00e9quences des changements climatiques et aussi dans l\u2019atteinte de l\u2019autosuffisance alimentaire et agricole. La foire permet de mobiliser l\u2019ensemble des acteurs de la fili\u00e8re agricole. De la production \u00e0 la consommation finale. Plusieurs exposants y sont attendus.\u00bb Un grand panel sera aussi organis\u00e9 pour permettre aux experts et aux participants de discuter sur le th\u00e8me et faire des propositions pour des solutions durables. Sur le nombre de visiteurs attendus, le charg\u00e9 des programmes soutient que les \u00e9ditions pr\u00e9c\u00e9dentes ont enregistr\u00e9 chacune une moyenne de 3500 visiteurs. Pour cette ann\u00e9e, assure M. Sarr, \u00abavec le ministre de l\u2019Agriculture, retenu comme parrain, et la Caritas de Ziguinchor comme invit\u00e9e, nous esp\u00e9rons enregistrer beaucoup plus de visiteurs\u00bb.<br><strong>afall@lequotidien.sn<\/strong><\/p>\n","protected":false},"excerpt":{"rendered":"<p>La Caritas de Tambacounda va organiser la 7\u00e8me \u00e9dition de sa Foire r\u00e9gionale. Cette ann\u00e9e, c\u2019est la femme rurale qui<\/p>\n","protected":false},"author":1,"featured_media":8145,"comment_status":"open","ping_status":"open","sticky":false,"template":"","format":"standard","meta":{"footnotes":""},"categories":[3],"tags":[],"class_list":["post-8144","post","type-post","status-publish","format-standard","has-post-thumbnail","hentry","category-event-more-news"],"_links":{"self":[{"href":"https:\/\/dekkbi.com\/index.php?rest_route=\/wp\/v2\/posts\/8144","targetHints":{"allow":["GET"]}}],"collection":[{"href":"https:\/\/dekkbi.com\/index.php?rest_route=\/wp\/v2\/posts"}],"about":[{"href":"https:\/\/dekkbi.com\/index.php?rest_route=\/wp\/v2\/types\/post"}],"author":[{"embeddable":true,"href":"https:\/\/dekkbi.com\/index.php?rest_route=\/wp\/v2\/users\/1"}],"replies":[{"embeddable":true,"href":"https:\/\/dekkbi.com\/index.php?rest_route=%2Fwp%2Fv2%2Fcomments&post=8144"}],"version-history":[{"count":1,"href":"https:\/\/dekkbi.com\/index.php?rest_route=\/wp\/v2\/posts\/8144\/revisions"}],"predecessor-version":[{"id":8146,"href":"https:\/\/dekkbi.com\/index.php?rest_route=\/wp\/v2\/posts\/8144\/revisions\/8146"}],"wp:featuredmedia":[{"embeddable":true,"href":"https:\/\/dekkbi.com\/index.php?rest_route=\/wp\/v2\/media\/8145"}],"wp:attachment":[{"href":"https:\/\/dekkbi.com\/index.php?rest_route=%2Fwp%2Fv2%2Fmedia&parent=8144"}],"wp:term":[{"taxonomy":"category","embeddable":true,"href":"https:\/\/dekkbi.com\/index.php?rest_route=%2Fwp%2Fv2%2Fcategories&post=8144"},{"taxonomy":"post_tag","embeddable":true,"href":"https:\/\/dekkbi.com\/index.php?rest_route=%2Fwp%2Fv2%2Ftags&post=8144"}],"curies":[{"name":"wp","href":"https:\/\/api.w.org\/{rel}","templated":true}]}}