{"id":8126,"date":"2023-03-05T12:37:34","date_gmt":"2023-03-05T12:37:34","guid":{"rendered":"https:\/\/dekkbi.com\/?p=8126"},"modified":"2023-03-05T12:37:34","modified_gmt":"2023-03-05T12:37:34","slug":"harry-et-meghan-finalement-presents-au-couronnement-de-charles-iii-le-prince-a-recu-un-mail","status":"publish","type":"post","link":"https:\/\/dekkbi.com\/?p=8126","title":{"rendered":"Harry et Meghan finalement pr\u00e9sents au couronnement de Charles III? \u201cLe prince a re\u00e7u un mail\u201d"},"content":{"rendered":"\n<p>Le prince Harry et Meghan Markle ont \u00e9t\u00e9 invit\u00e9s \u00e0 assister au couronnement du roi Charles III, rapporte dimanche The Sunday Times, mais le couple, parti avec fracas vivre aux \u00c9tats-Unis en 2020, n\u2019a pas encore fait savoir s\u2019il ferait le d\u00e9placement <\/p>\n\n\n\n<p>Selon un porte-parole du couple cit\u00e9 par le quotidien britannique, le prince Harry \u201ca re\u00e7u r\u00e9cemment un mail du bureau de sa majest\u00e9 \u00e0 propos du couronnement\u201d de Charles, 74 ans, qui doit se tenir le 6 mai prochain. \u201cUne d\u00e9cision imm\u00e9diate sur la pr\u00e9sence du duc et de la duchesse ne sera pas communiqu\u00e9e de notre c\u00f4t\u00e9 \u00e0 ce stade\u201d, a pr\u00e9cis\u00e9 ce porte-parole.Le retour des \u201cSussex\u201d au Royaume-Uni pour assister au couronnement fait l\u2019objet de nombreuses sp\u00e9culations dans les m\u00e9dias britanniques ces derniers mois, apr\u00e8s les attaques virulentes faites par le couple sur la famille royale.M\u00e9moires controvers\u00e9esApr\u00e8s un documentaire diffus\u00e9 sur Netflix en d\u00e9cembre, Harry, 38 ans a publi\u00e9 d\u00e9but janvier ses m\u00e9moires controvers\u00e9s intitul\u00e9s \u201cLe Suppl\u00e9ant\u201d, dans lesquels il raconte son adolescence marqu\u00e9e par la drogue et l\u2019alcool et d\u00e9taille la rupture de ses relations avec son p\u00e8re, le roi Charles III, et son fr\u00e8re William.Encore samedi soir, le duc de Sussex a fait de nouvelles confessions lors d\u2019un entretien avec un sp\u00e9cialiste des traumatismes, Gabor Mate, diffus\u00e9 sur internet avec un acc\u00e8s payant. Il y explique notamment s\u2019\u00eatre toujours senti \u201cl\u00e9g\u00e8rement diff\u00e9rent\u201d du reste de la famille royale britannique et confie qu\u2019ayant grandi dans une \u201cfamille bris\u00e9e\u201d, il fait de son mieux pour ne pas transmettre de \u201ctraumatismes\u201d \u00e0 ses enfants, Archie 3 ans, et Lilibet, 1 an.Expulsion de Frogmore CottageHarry et Megan ne sont revenus au Royaume-Uni qu\u2019\u00e0 de rares occasions depuis leur d\u00e9part en 2020, notamment pour assister aux obs\u00e8ques de la reine Elizabeth II en septembre dernier. Le duc de Sussex s\u2019\u00e9tait d\u00e9plac\u00e9 seul pour l\u2019enterrement de son grand-p\u00e8re le prince Philip en 2021, en pleine pand\u00e9mie de Covid-19.Lors de ces voyages, le couple s\u00e9journait au Frogmore Cottage, une r\u00e9sidence royale situ\u00e9e \u00e0 Windsor, que le roi Charles III leur a demand\u00e9 de restituer, avait indiqu\u00e9 en d\u00e9but de semaine un porte-parole du couple. Selon une source proche des Sussex, cit\u00e9e par leur biographe, Omid Scobie, ils auraient \u201cjusqu\u2019au d\u00e9but de l\u2019\u00e9t\u00e9\u201d, soit apr\u00e8s le couronnement de Charles, pour d\u00e9m\u00e9nager leurs affaires restant dans la r\u00e9sidence.<\/p>\n","protected":false},"excerpt":{"rendered":"<p>Le prince Harry et Meghan Markle ont \u00e9t\u00e9 invit\u00e9s \u00e0 assister au couronnement du roi Charles III, rapporte dimanche The<\/p>\n","protected":false},"author":1,"featured_media":7948,"comment_status":"open","ping_status":"open","sticky":false,"template":"","format":"standard","meta":{"footnotes":""},"categories":[51],"tags":[],"class_list":["post-8126","post","type-post","status-publish","format-standard","has-post-thumbnail","hentry","category-general"],"_links":{"self":[{"href":"https:\/\/dekkbi.com\/index.php?rest_route=\/wp\/v2\/posts\/8126","targetHints":{"allow":["GET"]}}],"collection":[{"href":"https:\/\/dekkbi.com\/index.php?rest_route=\/wp\/v2\/posts"}],"about":[{"href":"https:\/\/dekkbi.com\/index.php?rest_route=\/wp\/v2\/types\/post"}],"author":[{"embeddable":true,"href":"https:\/\/dekkbi.com\/index.php?rest_route=\/wp\/v2\/users\/1"}],"replies":[{"embeddable":true,"href":"https:\/\/dekkbi.com\/index.php?rest_route=%2Fwp%2Fv2%2Fcomments&post=8126"}],"version-history":[{"count":1,"href":"https:\/\/dekkbi.com\/index.php?rest_route=\/wp\/v2\/posts\/8126\/revisions"}],"predecessor-version":[{"id":8127,"href":"https:\/\/dekkbi.com\/index.php?rest_route=\/wp\/v2\/posts\/8126\/revisions\/8127"}],"wp:featuredmedia":[{"embeddable":true,"href":"https:\/\/dekkbi.com\/index.php?rest_route=\/wp\/v2\/media\/7948"}],"wp:attachment":[{"href":"https:\/\/dekkbi.com\/index.php?rest_route=%2Fwp%2Fv2%2Fmedia&parent=8126"}],"wp:term":[{"taxonomy":"category","embeddable":true,"href":"https:\/\/dekkbi.com\/index.php?rest_route=%2Fwp%2Fv2%2Fcategories&post=8126"},{"taxonomy":"post_tag","embeddable":true,"href":"https:\/\/dekkbi.com\/index.php?rest_route=%2Fwp%2Fv2%2Ftags&post=8126"}],"curies":[{"name":"wp","href":"https:\/\/api.w.org\/{rel}","templated":true}]}}