{"id":8092,"date":"2023-03-05T11:37:58","date_gmt":"2023-03-05T11:37:58","guid":{"rendered":"https:\/\/dekkbi.com\/?p=8092"},"modified":"2023-03-05T11:37:59","modified_gmt":"2023-03-05T11:37:59","slug":"bon-vent-enfin-un-accord-a-lonu-pour-proteger-la-haute-mer","status":"publish","type":"post","link":"https:\/\/dekkbi.com\/?p=8092","title":{"rendered":"Bon vent! Enfin un accord \u00e0 l&rsquo;ONU pour prot\u00e9ger la haute mer"},"content":{"rendered":"\n<p>Les Etats membres de l&rsquo;ONU se sont enfin mis d&rsquo;accord samedi sur le premier trait\u00e9 international de protection de la haute mer, destin\u00e9 \u00e0 contrecarrer les menaces qui p\u00e8sent sur des \u00e9cosyst\u00e8mes vitaux pour l&rsquo;humanit\u00e9.\u00a0\u00bbLe navire a atteint le rivage\u00a0\u00bb, a annonc\u00e9 la pr\u00e9sidente de la conf\u00e9rence Rena Lee, au si\u00e8ge de l&rsquo;ONU \u00e0 New York samedi peu avant 21H30 (02H30 GMT), sous les applaudissements nourris et prolong\u00e9s des d\u00e9l\u00e9gu\u00e9s.Apr\u00e8s plus de 15 ans de discussions, dont quatre ann\u00e9es de n\u00e9gociations formelles, la troisi\u00e8me \u00ab\u00a0derni\u00e8re\u00a0\u00bb session \u00e0 New York a finalement \u00e9t\u00e9 la bonne, ou presque.Les d\u00e9l\u00e9gu\u00e9s ont finalis\u00e9 le texte au contenu d\u00e9sormais gel\u00e9 sur le fond, mais il sera formellement adopt\u00e9 \u00e0 une date ult\u00e9rieure apr\u00e8s avoir \u00e9t\u00e9 pass\u00e9 au crible par les services juridiques et traduit pour \u00eatre disponible dans les six langues officielles de l&rsquo;ONU.Le contenu exact du texte n&rsquo;a pas \u00e9t\u00e9 publi\u00e9 dans l&rsquo;imm\u00e9diat mais les militants l&rsquo;ont salu\u00e9 comme \u00e9tant un tournant d\u00e9cisif pour la protection de la biodiversit\u00e9.\u00a0\u00bbC&rsquo;est un jour historique pour la conservation et le signe que dans un monde divis\u00e9 la protection de la nature et des personnes peut triompher sur la g\u00e9opolitique\u00a0\u00bb, a d\u00e9clar\u00e9 Laura Meller, de Greenpeace.Apr\u00e8s deux semaines d&rsquo;intenses discussions, dont une session marathon dans la nuit de vendredi \u00e0 samedi, les d\u00e9l\u00e9gu\u00e9s ont finalis\u00e9 un texte qui ne peut d\u00e9sormais plus \u00eatre modifi\u00e9 de mani\u00e8re significative.\u00a0\u00bbIl n&rsquo;y aura pas de r\u00e9ouverture ni de discussions de fond\u00a0\u00bb sur ce dossier, a affirm\u00e9 Mme Lee aux n\u00e9gociateurs.Le secr\u00e9taire g\u00e9n\u00e9ral des Nations unies, Antonio Guterres, a f\u00e9licit\u00e9 les d\u00e9l\u00e9gu\u00e9s, saluant une \u00ab\u00a0victoire pour le multilat\u00e9ralisme et pour les efforts mondiaux visant \u00e0 contrer les tendances destructrices qui menacent la sant\u00e9 des oc\u00e9ans, aujourd&rsquo;hui et pour les g\u00e9n\u00e9rations \u00e0 venir\u00a0\u00bb.L&rsquo;Union europ\u00e9enne s&rsquo;est \u00e9galement r\u00e9jouie de cette \u00ab\u00a0\u00e9tape cruciale pour pr\u00e9server la vie marine et la biodiversit\u00e9 qui sont essentielles pour nous et les g\u00e9n\u00e9rations \u00e0 venir\u00a0\u00bb, par la voix du commissaire europ\u00e9en \u00e0 l&rsquo;Environnement, Virginijus Sinkevicius, qui s&rsquo;est dit \u00ab\u00a0tr\u00e8s fier\u00a0\u00bb de ce r\u00e9sultat.- Aires marines prot\u00e9g\u00e9es -La haute mer commence o\u00f9 s&rsquo;arr\u00eatent les zones \u00e9conomiques exclusives (ZEE) des Etats, \u00e0 maximum 200 milles nautiques (370 km) des c\u00f4tes et n&rsquo;est donc sous la juridiction d&rsquo;aucun Etat.M\u00eame si elle repr\u00e9sente plus de 60% des oc\u00e9ans et pr\u00e8s de la moiti\u00e9 de la plan\u00e8te, elle a longtemps \u00e9t\u00e9 ignor\u00e9e dans le combat environnemental, au profit des zones c\u00f4ti\u00e8res et de quelques esp\u00e8ces embl\u00e9matiques.Avec les progr\u00e8s de la science, la preuve a \u00e9t\u00e9 faite de l&rsquo;importance de prot\u00e9ger tout entier ces oc\u00e9ans foisonnant d&rsquo;une biodiversit\u00e9 souvent microscopique, qui fournit aussi la moiti\u00e9 de l&rsquo;oxyg\u00e8ne que nous respirons et limite le r\u00e9chauffement climatique en absorbant une partie importante du CO2 \u00e9mis par les activit\u00e9s humaines.Mais les oc\u00e9ans s&rsquo;affaiblissent, victimes de ces \u00e9missions (r\u00e9chauffement, acidification de l&rsquo;eau&#8230;), des pollutions en tout genre et de la surp\u00eache.Alors le nouveau trait\u00e9, quand il entrera en vigueur apr\u00e8s avoir \u00e9t\u00e9 formellement adopt\u00e9, sign\u00e9 puis ratifi\u00e9 par suffisamment de pays, permettra de cr\u00e9er des aires marines prot\u00e9g\u00e9es dans ces eaux internationales.Environ 1% seulement de la haute mer fait l&rsquo;objet de mesures de conservation, et cet outil embl\u00e9matique est jug\u00e9 indispendable pour esp\u00e9rer prot\u00e9ger d&rsquo;ici 2030 30% des terres et des oc\u00e9ans de la plan\u00e8te, comme s&rsquo;y sont engag\u00e9s l&rsquo;ensemble des gouvernements de la plan\u00e8te en d\u00e9cembre.\u00a0\u00bbLes zones de haute mer prot\u00e9g\u00e9es peuvent jouer un r\u00f4le essentiel pour renforcer la r\u00e9silience face aux effets du changement climatique\u00a0\u00bb, a d\u00e9clar\u00e9 Liz Karan, de l&rsquo;ONG Pew Charitable Trusts qui a qualifi\u00e9 cet accord de \u00ab\u00a0r\u00e9alisation capitale\u00a0\u00bb.Le trait\u00e9 sur \u00ab\u00a0la conservation et l&rsquo;utilisation durable de la biodiversit\u00e9 marine des zones ne relevant pas de la juridiction nationale\u00a0\u00bb introduit \u00e9galement l&rsquo;obligation de r\u00e9aliser des \u00e9tudes d&rsquo;impact sur l&rsquo;environnement des activit\u00e9s envisag\u00e9es en haute mer.- Partage des b\u00e9n\u00e9fices -Enfin, chapitre hautement sensible qui a cristallis\u00e9 les tensions jusqu&rsquo;\u00e0 la derni\u00e8re minute, le principe du partage des b\u00e9n\u00e9fices des ressources marines g\u00e9n\u00e9tiques collect\u00e9es en haute mer.Les pays en d\u00e9veloppement qui n&rsquo;ont pas les moyens de financer de tr\u00e8s co\u00fbteuses exp\u00e9ditions et recherches se sont battus pour ne pas \u00eatre exclus de l&rsquo;acc\u00e8s aux ressources marines g\u00e9n\u00e9tiques et du partage des b\u00e9n\u00e9fices anticip\u00e9s de la commercialisation de ces ressources &#8211; qui n&rsquo;appartiennent \u00e0 personne &#8211; dont entreprises pharmaceutiques ou cosm\u00e9tiques esp\u00e8rent tirer des mol\u00e9cules miracles.Comme dans d&rsquo;autres forums internationaux, notamment les n\u00e9gociations climat, le d\u00e9bat a fini par se r\u00e9sumer \u00e0 une question d&rsquo;\u00e9quit\u00e9 Nord-Sud, ont comment\u00e9 des observateurs.Avec une annonce vue comme un geste pour renforcer la confiance Nord-Sud, l&rsquo;Union europ\u00e9enne a promis, \u00e0 New York, 40 millions d&rsquo;euros pour faciliter la ratification du trait\u00e9 et sa mise en oeuvre initiale.Au-del\u00e0, elle s&rsquo;est engag\u00e9 \u00e0 consacrer plus de 800 millions d&rsquo;euros \u00e0 la protection des oc\u00e9ans en g\u00e9n\u00e9ral pour 2023 lors de la conf\u00e9rence \u00ab\u00a0Notre Oc\u00e9an\u00a0\u00bb qui s&rsquo;est achev\u00e9e vendredi \u00e0 Panama.Au total, la ministre panam\u00e9enne des Affaires \u00e9trang\u00e8res Janaina Tewaney a annonc\u00e9 que \u00ab\u00a0341 nouveaux engagements\u00a0\u00bb, d&rsquo;un montant de pr\u00e8s de 20 milliards de dollars &#8212; dont pr\u00e8s de 6 milliards des Etats-Unis&#8211;, avaient \u00e9t\u00e9 pris lors de cette conf\u00e9rence pour prot\u00e9ger les <div>mers.<\/div> <\/p>\n","protected":false},"excerpt":{"rendered":"<p>Les Etats membres de l&rsquo;ONU se sont enfin mis d&rsquo;accord samedi sur le premier trait\u00e9 international de protection de la<\/p>\n","protected":false},"author":1,"featured_media":5042,"comment_status":"open","ping_status":"open","sticky":false,"template":"","format":"standard","meta":{"footnotes":""},"categories":[3],"tags":[],"class_list":["post-8092","post","type-post","status-publish","format-standard","has-post-thumbnail","hentry","category-event-more-news"],"_links":{"self":[{"href":"https:\/\/dekkbi.com\/index.php?rest_route=\/wp\/v2\/posts\/8092","targetHints":{"allow":["GET"]}}],"collection":[{"href":"https:\/\/dekkbi.com\/index.php?rest_route=\/wp\/v2\/posts"}],"about":[{"href":"https:\/\/dekkbi.com\/index.php?rest_route=\/wp\/v2\/types\/post"}],"author":[{"embeddable":true,"href":"https:\/\/dekkbi.com\/index.php?rest_route=\/wp\/v2\/users\/1"}],"replies":[{"embeddable":true,"href":"https:\/\/dekkbi.com\/index.php?rest_route=%2Fwp%2Fv2%2Fcomments&post=8092"}],"version-history":[{"count":1,"href":"https:\/\/dekkbi.com\/index.php?rest_route=\/wp\/v2\/posts\/8092\/revisions"}],"predecessor-version":[{"id":8093,"href":"https:\/\/dekkbi.com\/index.php?rest_route=\/wp\/v2\/posts\/8092\/revisions\/8093"}],"wp:featuredmedia":[{"embeddable":true,"href":"https:\/\/dekkbi.com\/index.php?rest_route=\/wp\/v2\/media\/5042"}],"wp:attachment":[{"href":"https:\/\/dekkbi.com\/index.php?rest_route=%2Fwp%2Fv2%2Fmedia&parent=8092"}],"wp:term":[{"taxonomy":"category","embeddable":true,"href":"https:\/\/dekkbi.com\/index.php?rest_route=%2Fwp%2Fv2%2Fcategories&post=8092"},{"taxonomy":"post_tag","embeddable":true,"href":"https:\/\/dekkbi.com\/index.php?rest_route=%2Fwp%2Fv2%2Ftags&post=8092"}],"curies":[{"name":"wp","href":"https:\/\/api.w.org\/{rel}","templated":true}]}}