{"id":8083,"date":"2023-03-05T10:53:58","date_gmt":"2023-03-05T10:53:58","guid":{"rendered":"https:\/\/dekkbi.com\/?p=8083"},"modified":"2023-03-05T10:53:59","modified_gmt":"2023-03-05T10:53:59","slug":"emmanuel-macron-a-kinshasa-la-rdc-ne-doit-pas-etre-un-butin-de-guerre","status":"publish","type":"post","link":"https:\/\/dekkbi.com\/?p=8083","title":{"rendered":"Emmanuel Macron \u00e0 Kinshasa: la RDC \u00abne doit pas \u00eatre un butin de guerre\u00bb"},"content":{"rendered":"\n<p>A Kinshasa ultime \u00e9tape de la tourn\u00e9e africaine du pr\u00e9sident fran\u00e7ais, Emmanuel Macron a rencontr\u00e9 son homologue F\u00e9lix Tshisekedi. Les deux chefs d&rsquo;\u00c9tat ont tenu une conf\u00e9rence de presse tr\u00e8s largement consacr\u00e9e \u00e0 la crise dans l\u2019est du pays. Pendant les quatre jours de son voyage, le pr\u00e9sident fran\u00e7ais a essay\u00e9 de mettre en avant sa nouvelle m\u00e9thode pour tourner la page d\u2019une Fran\u00e7afrique dat\u00e9e historiquement <\/p>\n\n\n\n<p>Macron a eu plus de difficult\u00e9s \u00e0 poser clairement ses propos sur le sujet. Il a fallu plusieurs relances pour qu\u2019on le voie condamner le soutien du Rwanda au M23. \u00ab On ne pensait pas que c\u2019\u00e9tait le bon moment \u00bb, confie une source \u00e0 l\u2019\u00c9lys\u00e9e. Chacun doit \u00ab prendre ses responsabilit\u00e9s, y compris le Rwanda \u00bb, a-t-il d\u00e9clar\u00e9. Puis plus loin : \u00ab Le pillage \u00e0 ciel ouvert de la R\u00e9publique d\u00e9mocratique du Congo doit cesser. Ni pillage, ni balkanisation, ni guerre \u00bb, a encore martel\u00e9 Emmanuel Macron.<\/p>\n","protected":false},"excerpt":{"rendered":"<p>A Kinshasa ultime \u00e9tape de la tourn\u00e9e africaine du pr\u00e9sident fran\u00e7ais, Emmanuel Macron a rencontr\u00e9 son homologue F\u00e9lix Tshisekedi. Les<\/p>\n","protected":false},"author":1,"featured_media":8084,"comment_status":"open","ping_status":"open","sticky":false,"template":"","format":"standard","meta":{"footnotes":""},"categories":[6],"tags":[],"class_list":["post-8083","post","type-post","status-publish","format-standard","has-post-thumbnail","hentry","category-politics"],"_links":{"self":[{"href":"https:\/\/dekkbi.com\/index.php?rest_route=\/wp\/v2\/posts\/8083","targetHints":{"allow":["GET"]}}],"collection":[{"href":"https:\/\/dekkbi.com\/index.php?rest_route=\/wp\/v2\/posts"}],"about":[{"href":"https:\/\/dekkbi.com\/index.php?rest_route=\/wp\/v2\/types\/post"}],"author":[{"embeddable":true,"href":"https:\/\/dekkbi.com\/index.php?rest_route=\/wp\/v2\/users\/1"}],"replies":[{"embeddable":true,"href":"https:\/\/dekkbi.com\/index.php?rest_route=%2Fwp%2Fv2%2Fcomments&post=8083"}],"version-history":[{"count":1,"href":"https:\/\/dekkbi.com\/index.php?rest_route=\/wp\/v2\/posts\/8083\/revisions"}],"predecessor-version":[{"id":8085,"href":"https:\/\/dekkbi.com\/index.php?rest_route=\/wp\/v2\/posts\/8083\/revisions\/8085"}],"wp:featuredmedia":[{"embeddable":true,"href":"https:\/\/dekkbi.com\/index.php?rest_route=\/wp\/v2\/media\/8084"}],"wp:attachment":[{"href":"https:\/\/dekkbi.com\/index.php?rest_route=%2Fwp%2Fv2%2Fmedia&parent=8083"}],"wp:term":[{"taxonomy":"category","embeddable":true,"href":"https:\/\/dekkbi.com\/index.php?rest_route=%2Fwp%2Fv2%2Fcategories&post=8083"},{"taxonomy":"post_tag","embeddable":true,"href":"https:\/\/dekkbi.com\/index.php?rest_route=%2Fwp%2Fv2%2Ftags&post=8083"}],"curies":[{"name":"wp","href":"https:\/\/api.w.org\/{rel}","templated":true}]}}