{"id":8074,"date":"2023-03-05T10:33:54","date_gmt":"2023-03-05T10:33:54","guid":{"rendered":"https:\/\/dekkbi.com\/?p=8074"},"modified":"2023-03-05T10:33:55","modified_gmt":"2023-03-05T10:33:55","slug":"ambassade-de-la-tunisie-au-senegal-le-film-de-larrestation-du-depute-guy-marius-sagna","status":"publish","type":"post","link":"https:\/\/dekkbi.com\/?p=8074","title":{"rendered":"Ambassade de la Tunisie au S\u00e9n\u00e9gal : Le film de l\u2019arrestation du d\u00e9put\u00e9 Guy Marius Sagna \u2026"},"content":{"rendered":"\n<p><strong>Ce samedi 04 mars 2023 peu apr\u00e8s 10 heures, dix-huit (18) membres de Frapp partis d\u00e9poser une lettre de protestation \u00e0 l\u2019ambassade de la Tunisie \u00e0 Dakar, contre la chasse et la pers\u00e9cution des africains noirs en Tunisie suscit\u00e9es par les \u00ab\u00a0propos irresponsables, racistes et n\u00e9grophobes du Pr\u00e9sident tunisien, ont \u00e9t\u00e9 arr\u00eat\u00e9s et conduits au commissariat central de Dakar\u00a0\u00bb.<\/strong><\/p>\n\n\n\n<p>Le d\u00e9put\u00e9 Guy Marius Sagna, \u00e9charpe en bandouli\u00e8re, est parmi eux. Ils sont accus\u00e9s d\u2019avoir particip\u00e9 \u00e0 une marche non autoris\u00e9e, pr\u00e9cis\u00e9 leur avocat, Me Moussa Sarr. \u00ab Guy Marius Sagna et les autres manifestants arr\u00eat\u00e9s sont actuellement d\u00e9tenus dans les locaux de la S\u00fbret\u00e9 urbaine. Leur audition va d\u00e9marrer incessamment \u00bb, a-t-il d\u00e9clar\u00e9.<\/p>\n","protected":false},"excerpt":{"rendered":"<p>Ce samedi 04 mars 2023 peu apr\u00e8s 10 heures, dix-huit (18) membres de Frapp partis d\u00e9poser une lettre de protestation<\/p>\n","protected":false},"author":1,"featured_media":8075,"comment_status":"open","ping_status":"open","sticky":false,"template":"","format":"standard","meta":{"footnotes":""},"categories":[21],"tags":[],"class_list":["post-8074","post","type-post","status-publish","format-standard","has-post-thumbnail","hentry","category-societe"],"_links":{"self":[{"href":"https:\/\/dekkbi.com\/index.php?rest_route=\/wp\/v2\/posts\/8074","targetHints":{"allow":["GET"]}}],"collection":[{"href":"https:\/\/dekkbi.com\/index.php?rest_route=\/wp\/v2\/posts"}],"about":[{"href":"https:\/\/dekkbi.com\/index.php?rest_route=\/wp\/v2\/types\/post"}],"author":[{"embeddable":true,"href":"https:\/\/dekkbi.com\/index.php?rest_route=\/wp\/v2\/users\/1"}],"replies":[{"embeddable":true,"href":"https:\/\/dekkbi.com\/index.php?rest_route=%2Fwp%2Fv2%2Fcomments&post=8074"}],"version-history":[{"count":1,"href":"https:\/\/dekkbi.com\/index.php?rest_route=\/wp\/v2\/posts\/8074\/revisions"}],"predecessor-version":[{"id":8076,"href":"https:\/\/dekkbi.com\/index.php?rest_route=\/wp\/v2\/posts\/8074\/revisions\/8076"}],"wp:featuredmedia":[{"embeddable":true,"href":"https:\/\/dekkbi.com\/index.php?rest_route=\/wp\/v2\/media\/8075"}],"wp:attachment":[{"href":"https:\/\/dekkbi.com\/index.php?rest_route=%2Fwp%2Fv2%2Fmedia&parent=8074"}],"wp:term":[{"taxonomy":"category","embeddable":true,"href":"https:\/\/dekkbi.com\/index.php?rest_route=%2Fwp%2Fv2%2Fcategories&post=8074"},{"taxonomy":"post_tag","embeddable":true,"href":"https:\/\/dekkbi.com\/index.php?rest_route=%2Fwp%2Fv2%2Ftags&post=8074"}],"curies":[{"name":"wp","href":"https:\/\/api.w.org\/{rel}","templated":true}]}}