{"id":8068,"date":"2023-03-05T10:17:07","date_gmt":"2023-03-05T10:17:07","guid":{"rendered":"https:\/\/dekkbi.com\/?p=8068"},"modified":"2023-03-05T10:21:02","modified_gmt":"2023-03-05T10:21:02","slug":"frontiere-mali-16-camions-senegalais-avec-du-materiel-de-larmee-bloques-depuis-4-mois-video","status":"publish","type":"post","link":"https:\/\/dekkbi.com\/?p=8068","title":{"rendered":"Fronti\u00e8re Mali : 16 camions s\u00e9n\u00e9galais avec du mat\u00e9riel de l\u2019arm\u00e9e bloqu\u00e9s depuis 4 mois (vid\u00e9o"},"content":{"rendered":"\n<p>Seize (16) camions s\u00e9n\u00e9galais contenant du mat\u00e9riel de l\u2019arm\u00e9e sont bloqu\u00e9s depuis plus de 4 mois \u00e0 la fronti\u00e8re malienne. Les conducteurs tr\u00e8s inquiets de la situation ont contact\u00e9 Senego.<\/p>\n\n\n\n<p>D\u2019apr\u00e8s notre interlocuteur, certains chauffeurs, qui en avaient marre d\u2019attendre, ont laiss\u00e9 les camions sur place, pour rentrer.Les camions transportent des voitures de l\u2019arm\u00e9e qui doivent \u00eatre transport\u00e9s \u00e0 Savar\u00e9, la plus grande ville de la r\u00e9gion de Mopti dans le centre du Mali.Les chauffeurs disent avoir pris le mat\u00e9riel de l\u2019arm\u00e9e \u00e0 Dakar, pr\u00e9cis\u00e9ment au camp militaire ESCOA.  \u00bb Nous sommes actuellement \u00e0 Diboli, depuis plus d\u2019un mois 10 jours. Nous n\u2019avons vu aucune autorit\u00e9. Depuis le 5 novembre, nous sommes l\u00e0 \u00bb, ont-ils d\u00e9nonc\u00e9 entre autres.<\/p>\n\n\n\n<figure class=\"wp-block-embed is-type-rich is-provider-prise-en-charge-des-contenus-embarques wp-block-embed-prise-en-charge-des-contenus-embarques wp-embed-aspect-16-9 wp-has-aspect-ratio\"><div class=\"wp-block-embed__wrapper\">\n<iframe loading=\"lazy\" title=\"Mali : Des camions s\u00e9n\u00e9galais bloqu\u00e9s depuis 4  mois \u00e0 la fronti\u00e8re (1)\" width=\"800\" height=\"450\" src=\"https:\/\/www.youtube.com\/embed\/e9Y3A98yvlY?feature=oembed\" frameborder=\"0\" allow=\"accelerometer; autoplay; clipboard-write; encrypted-media; gyroscope; picture-in-picture; web-share\" allowfullscreen><\/iframe>\n<\/div><\/figure>\n\n\n\n<p><\/p>\n","protected":false},"excerpt":{"rendered":"<p>Seize (16) camions s\u00e9n\u00e9galais contenant du mat\u00e9riel de l\u2019arm\u00e9e sont bloqu\u00e9s depuis plus de 4 mois \u00e0 la fronti\u00e8re malienne.<\/p>\n","protected":false},"author":1,"featured_media":8072,"comment_status":"open","ping_status":"open","sticky":false,"template":"","format":"standard","meta":{"footnotes":""},"categories":[26],"tags":[],"class_list":["post-8068","post","type-post","status-publish","format-standard","has-post-thumbnail","hentry","category-fait-divers"],"_links":{"self":[{"href":"https:\/\/dekkbi.com\/index.php?rest_route=\/wp\/v2\/posts\/8068","targetHints":{"allow":["GET"]}}],"collection":[{"href":"https:\/\/dekkbi.com\/index.php?rest_route=\/wp\/v2\/posts"}],"about":[{"href":"https:\/\/dekkbi.com\/index.php?rest_route=\/wp\/v2\/types\/post"}],"author":[{"embeddable":true,"href":"https:\/\/dekkbi.com\/index.php?rest_route=\/wp\/v2\/users\/1"}],"replies":[{"embeddable":true,"href":"https:\/\/dekkbi.com\/index.php?rest_route=%2Fwp%2Fv2%2Fcomments&post=8068"}],"version-history":[{"count":2,"href":"https:\/\/dekkbi.com\/index.php?rest_route=\/wp\/v2\/posts\/8068\/revisions"}],"predecessor-version":[{"id":8082,"href":"https:\/\/dekkbi.com\/index.php?rest_route=\/wp\/v2\/posts\/8068\/revisions\/8082"}],"wp:featuredmedia":[{"embeddable":true,"href":"https:\/\/dekkbi.com\/index.php?rest_route=\/wp\/v2\/media\/8072"}],"wp:attachment":[{"href":"https:\/\/dekkbi.com\/index.php?rest_route=%2Fwp%2Fv2%2Fmedia&parent=8068"}],"wp:term":[{"taxonomy":"category","embeddable":true,"href":"https:\/\/dekkbi.com\/index.php?rest_route=%2Fwp%2Fv2%2Fcategories&post=8068"},{"taxonomy":"post_tag","embeddable":true,"href":"https:\/\/dekkbi.com\/index.php?rest_route=%2Fwp%2Fv2%2Ftags&post=8068"}],"curies":[{"name":"wp","href":"https:\/\/api.w.org\/{rel}","templated":true}]}}