{"id":8065,"date":"2023-03-05T10:10:42","date_gmt":"2023-03-05T10:10:42","guid":{"rendered":"https:\/\/dekkbi.com\/?p=8065"},"modified":"2023-03-05T10:10:42","modified_gmt":"2023-03-05T10:10:42","slug":"lespagne-veut-recruter-100-migrants-senegalais","status":"publish","type":"post","link":"https:\/\/dekkbi.com\/?p=8065","title":{"rendered":"L\u2019Espagne veut recruter 100 migrants s\u00e9n\u00e9galais"},"content":{"rendered":"\n<p>L\u2019Espagne \u00e9tend un programme dit de migration circulaire au S\u00e9n\u00e9gal. Il veut faire venir au moins 100 personnes du S\u00e9n\u00e9gal pour travailler dans ses fermes pendant la saison des r\u00e9coltes, relate Rewmi.Le programme, qui doit d\u00e9marrer en avril, vise \u00e0 reproduire le succ\u00e8s d\u2019un programme de migration circulaire de 22 ans avec le Maroc. Programme dans lequel, environ 15 000 travailleurs saisonniers sont amen\u00e9s \u00e0 travailler chaque ann\u00e9e dans le secteur agricole espagnol pendant une dur\u00e9e limit\u00e9e avant de rentrer chez eux.Selon Reuters, le plan s\u00e9n\u00e9galais fait suite \u00e0 un programme pilote avec le Honduras qui a fait venir 250 travailleurs en 2022. Cette ann\u00e9e, jusqu\u2019\u00e0 415 travailleurs honduriens et 102 \u00e9quatoriens sont venus cueillir des baies, restant en moyenne cinq mois.L\u2019Espagne est aux prises avec une immigration clandestine provenant du S\u00e9n\u00e9gal depuis des d\u00e9cennies. En 2006, l\u2019arriv\u00e9e de plus de 30 000 migrants s\u00e9n\u00e9galais aux \u00eeles Canaries a \u00e9t\u00e9 r\u00e9solue par un accord de vigilance accrue de la police des fronti\u00e8res de l\u2019UE sur les bateaux quittant Dakar en \u00e9change d\u2019une aide et d\u2019un engagement \u00e0 accueillir des travailleurs l\u00e9gaux.Le programme a eu ses probl\u00e8mes de d\u00e9marrage. Un projet pilote en 2019 a \u00e9chou\u00e9 apr\u00e8s que seulement 18 travailleurs s\u00e9n\u00e9galais sur 47 soient rentr\u00e9s chez eux.<\/p>\n","protected":false},"excerpt":{"rendered":"<p>L\u2019Espagne \u00e9tend un programme dit de migration circulaire au S\u00e9n\u00e9gal. Il veut faire venir au moins 100 personnes du S\u00e9n\u00e9gal<\/p>\n","protected":false},"author":1,"featured_media":8066,"comment_status":"open","ping_status":"open","sticky":false,"template":"","format":"standard","meta":{"footnotes":""},"categories":[21],"tags":[],"class_list":["post-8065","post","type-post","status-publish","format-standard","has-post-thumbnail","hentry","category-societe"],"_links":{"self":[{"href":"https:\/\/dekkbi.com\/index.php?rest_route=\/wp\/v2\/posts\/8065","targetHints":{"allow":["GET"]}}],"collection":[{"href":"https:\/\/dekkbi.com\/index.php?rest_route=\/wp\/v2\/posts"}],"about":[{"href":"https:\/\/dekkbi.com\/index.php?rest_route=\/wp\/v2\/types\/post"}],"author":[{"embeddable":true,"href":"https:\/\/dekkbi.com\/index.php?rest_route=\/wp\/v2\/users\/1"}],"replies":[{"embeddable":true,"href":"https:\/\/dekkbi.com\/index.php?rest_route=%2Fwp%2Fv2%2Fcomments&post=8065"}],"version-history":[{"count":1,"href":"https:\/\/dekkbi.com\/index.php?rest_route=\/wp\/v2\/posts\/8065\/revisions"}],"predecessor-version":[{"id":8067,"href":"https:\/\/dekkbi.com\/index.php?rest_route=\/wp\/v2\/posts\/8065\/revisions\/8067"}],"wp:featuredmedia":[{"embeddable":true,"href":"https:\/\/dekkbi.com\/index.php?rest_route=\/wp\/v2\/media\/8066"}],"wp:attachment":[{"href":"https:\/\/dekkbi.com\/index.php?rest_route=%2Fwp%2Fv2%2Fmedia&parent=8065"}],"wp:term":[{"taxonomy":"category","embeddable":true,"href":"https:\/\/dekkbi.com\/index.php?rest_route=%2Fwp%2Fv2%2Fcategories&post=8065"},{"taxonomy":"post_tag","embeddable":true,"href":"https:\/\/dekkbi.com\/index.php?rest_route=%2Fwp%2Fv2%2Ftags&post=8065"}],"curies":[{"name":"wp","href":"https:\/\/api.w.org\/{rel}","templated":true}]}}