{"id":8062,"date":"2023-03-05T10:07:21","date_gmt":"2023-03-05T10:07:21","guid":{"rendered":"https:\/\/dekkbi.com\/?p=8062"},"modified":"2023-03-05T10:07:22","modified_gmt":"2023-03-05T10:07:22","slug":"salon-international-de-lagriculture-le-senegal-fait-vibrer-paris","status":"publish","type":"post","link":"https:\/\/dekkbi.com\/?p=8062","title":{"rendered":"Salon international de l\u2019agriculture: Le S\u00e9n\u00e9gal fait vibrer Paris"},"content":{"rendered":"\n<p>La capitale fran\u00e7aise qui abrite le salon international de l\u2019agriculture a vibr\u00e9 hier au son des tams-tams pour marquer la journ\u00e9e d\u00e9di\u00e9e au S\u00e9n\u00e9gal dans cet \u00e9v\u00e8nement qui a d\u00e9marr\u00e9 depuis le 25 pour se terminer le weekend prochain. Pr\u00e9sidant de la d\u00e9l\u00e9gation s\u00e9n\u00e9galaise, le ministre de l\u2019Agriculture accompagn\u00e9 de ses collaborateurs a expos\u00e9 la voie du S\u00e9n\u00e9gal pour l\u2019autosuffisance alimentaire.<\/p>\n\n\n\n<p>Paris, un froid de canard s\u00e9vit en ce jeudi 2 mars 2023. Malgr\u00e9 cette souffrance impos\u00e9e par la rigueur du temps, les S\u00e9n\u00e9galais ont troqu\u00e9 leurs manteaux et autres jackets contre les boubous et pagnes traditionnels. Au parc des expositions, c\u2019est la voix du S\u00e9n\u00e9gal qui vibre. Au del\u00e0 de son drapeau qui tr\u00f4ne, ce sont surtout les sonorit\u00e9s s\u00e9n\u00e9galaises qui attirent. Des pas de danse endiabl\u00e9s au son du tam-tam. Point besoin de demander. L\u2019ambiance est \u00e0 son paroxysme. Qui pour acheter des sp\u00e9cificit\u00e9s de notre pays, d\u2019autres, en majorit\u00e9 des expatri\u00e9s, pour renouer avec les mets s\u00e9n\u00e9galais pr\u00e9par\u00e9s soigneusement pour la circonstance.La reine du fonio Fanta Souar\u00e9, venue de Goudiry, la reine du riz Korka Diaw, les institutions \u00e0 l\u2019image de Sodagri, la Sonacos , etc\u2026 chacun a expos\u00e9 ses produits et vant\u00e9 leurs m\u00e9rites aux passants. Un peu plus loin dans une salle archicomble, loin des stands, se tiennent les panels. Ici le thermom\u00e8tre est \u00e0 40 degr\u00e9s, contrastant avec le froid de l\u2019ext\u00e9rieur. Le ministre Aly Ngouille Ndiaye, accompagn\u00e9 de ses collaborateurs, a expos\u00e9 les ambitions du S\u00e9n\u00e9gal pour assurer sa s\u00e9curit\u00e9 alimentaire devant le regard de son coll\u00e8gue Aly Saleh Diop.Les orateurs se suivent, mais le diagnostic est le m\u00eame : Des efforts \u00e0 faire. Toutefois, il faut reconna\u00eetre que l\u2019optimisme est \u00e0 fleur de peau, si l\u2019on se fie aux nombreux instruments \u00e9tatiques (Der, Fongip, la banque agricole). Pour le secteur de l\u2019\u00e9levage notamment la viande, le lait et les \u0153ufs o\u00f9 le S\u00e9n\u00e9gal exportait plus de 60% , les objectifs sont \u00e0 port\u00e9e de main, d\u2019apr\u00e8s le ministre Aly Ngouille Ndiaye. A l\u2019horizon 2028, si le rythme de m\u00e9canisation se poursuit, tout comme la modernisation du secteur agricole, de la p\u00eache et de l\u2019\u00e9levage, l\u2019autosuffisance alimentaire sera atteinte. Au pavillon du S\u00e9n\u00e9gal, on parle aussi business. Une belle opportunit\u00e9 d\u2019affaire pour des rencontres \u00abbe to be\u00bb pour convaincre les nombreux investisseurs qui affluent. \u00c9lus et officiels sont venus en masse pour donner un cachet populaire \u00e0 la journ\u00e9e d\u00e9di\u00e9e au S\u00e9n\u00e9gal.L&rsquo;As<\/p>\n","protected":false},"excerpt":{"rendered":"<p>La capitale fran\u00e7aise qui abrite le salon international de l\u2019agriculture a vibr\u00e9 hier au son des tams-tams pour marquer la<\/p>\n","protected":false},"author":1,"featured_media":8063,"comment_status":"open","ping_status":"open","sticky":false,"template":"","format":"standard","meta":{"footnotes":""},"categories":[3],"tags":[],"class_list":["post-8062","post","type-post","status-publish","format-standard","has-post-thumbnail","hentry","category-event-more-news"],"_links":{"self":[{"href":"https:\/\/dekkbi.com\/index.php?rest_route=\/wp\/v2\/posts\/8062","targetHints":{"allow":["GET"]}}],"collection":[{"href":"https:\/\/dekkbi.com\/index.php?rest_route=\/wp\/v2\/posts"}],"about":[{"href":"https:\/\/dekkbi.com\/index.php?rest_route=\/wp\/v2\/types\/post"}],"author":[{"embeddable":true,"href":"https:\/\/dekkbi.com\/index.php?rest_route=\/wp\/v2\/users\/1"}],"replies":[{"embeddable":true,"href":"https:\/\/dekkbi.com\/index.php?rest_route=%2Fwp%2Fv2%2Fcomments&post=8062"}],"version-history":[{"count":1,"href":"https:\/\/dekkbi.com\/index.php?rest_route=\/wp\/v2\/posts\/8062\/revisions"}],"predecessor-version":[{"id":8064,"href":"https:\/\/dekkbi.com\/index.php?rest_route=\/wp\/v2\/posts\/8062\/revisions\/8064"}],"wp:featuredmedia":[{"embeddable":true,"href":"https:\/\/dekkbi.com\/index.php?rest_route=\/wp\/v2\/media\/8063"}],"wp:attachment":[{"href":"https:\/\/dekkbi.com\/index.php?rest_route=%2Fwp%2Fv2%2Fmedia&parent=8062"}],"wp:term":[{"taxonomy":"category","embeddable":true,"href":"https:\/\/dekkbi.com\/index.php?rest_route=%2Fwp%2Fv2%2Fcategories&post=8062"},{"taxonomy":"post_tag","embeddable":true,"href":"https:\/\/dekkbi.com\/index.php?rest_route=%2Fwp%2Fv2%2Ftags&post=8062"}],"curies":[{"name":"wp","href":"https:\/\/api.w.org\/{rel}","templated":true}]}}