{"id":8057,"date":"2023-03-05T09:59:37","date_gmt":"2023-03-05T09:59:37","guid":{"rendered":"https:\/\/dekkbi.com\/?p=8057"},"modified":"2023-03-05T09:59:38","modified_gmt":"2023-03-05T09:59:38","slug":"hann-bel-air-un-collectif-soppose-a-la-construction-dune-gare-maritime","status":"publish","type":"post","link":"https:\/\/dekkbi.com\/?p=8057","title":{"rendered":"Hann Bel Air :Un collectif s&rsquo;oppose \u00e0 la construction d\u2019une gare maritime"},"content":{"rendered":"\n<h3 class=\"wp-block-heading\">Des habitants des communes de Bel Air et de Dalifort (banlieue de Dakar), regroup\u00e9s au sein du Collectif pour la protection de la Baie de Hann, ont demand\u00e9, vendredi, l\u2019arr\u00eat d\u2019un projet de construction d\u2019une gare maritime dans la zone de la baie de Hann.<\/h3>\n\n\n\n<p>\u00a0\u00bb Le collectif a saisi entam\u00e9 des proc\u00e9dures et d\u00e9marches aupr\u00e8s des autorit\u00e9s pour demander l\u2019arr\u00eat de ce projet. Nous marquons notre solidarit\u00e9 \u00e0 tous ces acteurs qui seront impact\u00e9s par l\u2019\u00e9rection de ce projet\u2019\u2019, a indiqu\u00e9 Babacar Diagne, membre dudit collectif, dans une d\u00e9claration lue devant la presse.<div>\u2018\u2019Nous demandons au promoteur de renoncer \u00e0 son projet. Nous avons saisi les autorit\u00e9s par \u00e9crit. Aujourd\u2019hui, nous avons fait une sortie en pr\u00e9sence de la presse. Nous allons poser d\u2019autres actes\u2019\u2019, a-t-il ajout\u00e9.<\/div><div>Plusieurs autres membres de ce collectif ont pris la parole pour expliquer l\u2019inopportunit\u00e9 de ce projet de construction d&rsquo;une gare maritime, \u2018\u2019qui va n\u00e9gativement toucher\u00a0\u00bb de nombreux riverains de la baie de Hann.<\/div><div>\u2018\u2019Nous ne d\u00e9sirons point cette gare maritime. Nous n\u2019avons que cette mer et pas autre chose, nous voulons qu\u2019on laisse notre plage\u2019\u2019, a dit, pour sa part, Fatou Sarr, \u00e9galement membre dudit collectif et habitante de Bel Air.<\/div><div>\u2018\u2019Nous demandons aux autorit\u00e9s de tout faire pour arr\u00eater ce projet. Qu\u2019on nous laisse notre plage\u2019\u2019, a-t-elle insist\u00e9.<\/div><div>Sud Quotidien<\/div><\/p>\n","protected":false},"excerpt":{"rendered":"<p>Des habitants des communes de Bel Air et de Dalifort (banlieue de Dakar), regroup\u00e9s au sein du Collectif pour la<\/p>\n","protected":false},"author":1,"featured_media":8058,"comment_status":"open","ping_status":"open","sticky":false,"template":"","format":"standard","meta":{"footnotes":""},"categories":[21],"tags":[],"class_list":["post-8057","post","type-post","status-publish","format-standard","has-post-thumbnail","hentry","category-societe"],"_links":{"self":[{"href":"https:\/\/dekkbi.com\/index.php?rest_route=\/wp\/v2\/posts\/8057","targetHints":{"allow":["GET"]}}],"collection":[{"href":"https:\/\/dekkbi.com\/index.php?rest_route=\/wp\/v2\/posts"}],"about":[{"href":"https:\/\/dekkbi.com\/index.php?rest_route=\/wp\/v2\/types\/post"}],"author":[{"embeddable":true,"href":"https:\/\/dekkbi.com\/index.php?rest_route=\/wp\/v2\/users\/1"}],"replies":[{"embeddable":true,"href":"https:\/\/dekkbi.com\/index.php?rest_route=%2Fwp%2Fv2%2Fcomments&post=8057"}],"version-history":[{"count":1,"href":"https:\/\/dekkbi.com\/index.php?rest_route=\/wp\/v2\/posts\/8057\/revisions"}],"predecessor-version":[{"id":8059,"href":"https:\/\/dekkbi.com\/index.php?rest_route=\/wp\/v2\/posts\/8057\/revisions\/8059"}],"wp:featuredmedia":[{"embeddable":true,"href":"https:\/\/dekkbi.com\/index.php?rest_route=\/wp\/v2\/media\/8058"}],"wp:attachment":[{"href":"https:\/\/dekkbi.com\/index.php?rest_route=%2Fwp%2Fv2%2Fmedia&parent=8057"}],"wp:term":[{"taxonomy":"category","embeddable":true,"href":"https:\/\/dekkbi.com\/index.php?rest_route=%2Fwp%2Fv2%2Fcategories&post=8057"},{"taxonomy":"post_tag","embeddable":true,"href":"https:\/\/dekkbi.com\/index.php?rest_route=%2Fwp%2Fv2%2Ftags&post=8057"}],"curies":[{"name":"wp","href":"https:\/\/api.w.org\/{rel}","templated":true}]}}