{"id":8040,"date":"2023-03-03T20:05:50","date_gmt":"2023-03-03T20:05:50","guid":{"rendered":"https:\/\/dekkbi.com\/?p=8040"},"modified":"2023-03-03T20:05:51","modified_gmt":"2023-03-03T20:05:51","slug":"birmanie-la-junte-fait-la-guerre-a-son-propre-peuple-selon-lonu","status":"publish","type":"post","link":"https:\/\/dekkbi.com\/?p=8040","title":{"rendered":"Birmanie: la junte \u00abfait la guerre \u00e0 son propre peuple\u00bb, selon l\u2019ONU"},"content":{"rendered":"\n<p><div><span style=\"background-color: rgb(255, 255, 255);\"> <\/span><\/div>Deux ans apr\u00e8s le coup d&rsquo;\u00c9tat du 1er f\u00e9vrier 2021 qui a renvers\u00e9 le gouvernement civil d&rsquo;Aung San Suu Kyi, la situation est une \u00ab catastrophe qui empire \u00bb, a d\u00e9clar\u00e9 le chef des droits de l&rsquo;Homme de l&rsquo;ONU Volker T\u00fcrk, ajoutant que l&rsquo;arm\u00e9e op\u00e8re en \u00ab totale impunit\u00e9 \u00bb.<\/p>\n\n\n\n<p><div><span style=\"background-color: rgb(255, 255, 255);\">Dans un rapport publi\u00e9 ce vendredi 3 mars, le Haut-Commissariat aux droits de l&rsquo;homme de l&rsquo;ONU accuse les militaires au pouvoir en Birmanie de \u00ab cr\u00e9er une crise \u00bb \u00e0 l\u2019origine d\u2019une \u00ab catastrophe \u00bb humanitaire<\/span><\/div> de morts est probablement beaucoup plus \u00e9lev\u00e9, reconna\u00eet James Rodehaver, responsable du bureau Birmanie au Haut-Commissariat. Car ni lui ni ses collaborateurs n&rsquo;ont acc\u00e8s directement au pays. \u00ab Ce qu&rsquo;ils font maintenant, c&rsquo;est qu&rsquo;ils traitent le peuple birman comme leur opposant et leur adversaire, a-t-il d\u00e9clar\u00e9. Vous avez une arm\u00e9e qui fait la guerre \u00e0 son propre peuple. \u00bb<\/p>\n\n\n\n<h1 class=\"wp-block-heading\"><a href=\"https:\/\/www.rfi.fr\/fr\/\">RFI &#8211; Actualit\u00e9s, info, news en direct &#8211; Radio France Internationale<\/a><\/h1>\n\n\n\n<ol class=\"wp-block-list\">\n<li><a href=\"https:\/\/www.rfi.fr\/fr\/\"><\/a><\/li>\n\n\n\n<li>\/&nbsp;<a href=\"https:\/\/www.rfi.fr\/fr\/asie-pacifique\/\">Asie-Pacifique<\/a><\/li>\n<\/ol>\n\n\n\n<h1 class=\"wp-block-heading\">Birmanie: la junte \u00abfait la guerre \u00e0 son propre peuple\u00bb, selon l\u2019ONU<\/h1>\n\n\n\n<p><a href=\"https:\/\/www.facebook.com\/dialog\/share?app_id=113191652055439&amp;href=https%3A%2F%2Frfi.my%2F9D4B.F&amp;redirect_uri=https%3A%2F%2Fwww.rfi.fr%2Ffr%2Fasie-pacifique%2F20230303-birmanie-la-junte-fait-la-guerre-%25C3%25A0-son-propre-peuple-selon-l-onu&amp;locale=fr_FR\" target=\"_blank\" rel=\"noreferrer noopener\"><\/a><a href=\"https:\/\/twitter.com\/intent\/tweet?url=https%3A%2F%2Frfi.my%2F9D4B.T&amp;via=RFI&amp;related=rfi&amp;text=Birmanie%3A%20la%20junte%20%C2%ABfait%20la%20guerre%20%C3%A0%20son%20propre%20peuple%C2%BB%2C%20selon%20l%E2%80%99ONU&amp;lang=fr\" target=\"_blank\" rel=\"noreferrer noopener\"><\/a><a href=\"\/\/send?text=Birmanie%3A%20la%20junte%20%C2%ABfait%20la%20guerre%20%C3%A0%20son%20propre%20peuple%C2%BB%2C%20selon%20l%E2%80%99ONU%20-%20https%3A%2F%2Frfi.my%2F9D4B.W\" target=\"_blank\" rel=\"noreferrer noopener\"><\/a><\/p>\n\n\n\n<p>Publi\u00e9 le :&nbsp;03\/03\/2023 &#8211; 16:03<\/p>\n\n\n\n<figure class=\"wp-block-image size-full\"><img loading=\"lazy\" decoding=\"async\" width=\"1\" height=\"1\" src=\"https:\/\/dekkbi.com\/wp-content\/uploads\/2023\/03\/image.gif\" alt=\"\" class=\"wp-image-8041\"\/><figcaption class=\"wp-element-caption\">Le g\u00e9n\u00e9ral Min Aung Hlaing, chef de la junte birmane, lors de la r\u00e9union du Conseil de la d\u00e9fense nationale et de la s\u00e9curit\u00e9 du mardi 31 janvier 2023 \u00e0 Naypyidaw.&nbsp;AP<\/figcaption><\/figure>\n\n\n\n<p>Texte par :<a href=\"https:\/\/www.rfi.fr\/fr\/auteur\/rfi\/\">RFI<\/a><a href=\"https:\/\/twitter.com\/intent\/follow?screen_name=rfi\" target=\"_blank\" rel=\"noreferrer noopener\">Suivre<\/a><\/p>\n\n\n\n<p>2 mn<\/p>\n\n\n\n<p>Dans un rapport publi\u00e9 ce vendredi 3 mars, le Haut-Commissariat aux droits de l&rsquo;homme de l&rsquo;ONU accuse les militaires&nbsp;au pouvoir en Birmanie de \u00ab&nbsp;<em>cr\u00e9er une crise<\/em>&nbsp;\u00bb \u00e0 l\u2019origine d\u2019une \u00ab&nbsp;<em>catastrophe<\/em>&nbsp;\u00bb humanitaire.<\/p>\n\n\n\n<p><\/p>\n\n\n\n<p>Deux ans apr\u00e8s le coup d&rsquo;\u00c9tat du 1er f\u00e9vrier 2021 qui a renvers\u00e9 le gouvernement civil d&rsquo;Aung San Suu Kyi, la situation est une \u00ab&nbsp;<strong><em><a href=\"https:\/\/www.rfi.fr\/fr\/podcasts\/le-monde-en-questions\/20230113-deux-ans-apr%C3%A8s-le-coup-d-%C3%A9tat-militaire-la-birmanie-au-bord-du-gouffre\">catastrophe qui empire<\/a><\/em><\/strong>&nbsp;\u00bb, a d\u00e9clar\u00e9 le chef des droits de l&rsquo;Homme de l&rsquo;ONU Volker T\u00fcrk, ajoutant que&nbsp;<strong><a href=\"https:\/\/www.rfi.fr\/fr\/asie-pacifique\/20230201-birmanie-la-prolongation-de-l-%C3%A9tat-d-urgence-tout-sauf-une-surprise\">l&rsquo;arm\u00e9e op\u00e8re en \u00ab&nbsp;<em>totale impunit\u00e9<\/em>&nbsp;\u00bb<\/a><\/strong>.<\/p>\n\n\n\n<p>Dans un&nbsp;<strong><a href=\"https:\/\/t.co\/6XJFCRujrJ\" target=\"_blank\" rel=\"noreferrer noopener\">rapport examinant les deux premi\u00e8res ann\u00e9es<\/a><\/strong>&nbsp;depuis le coup d&rsquo;\u00c9tat militaire, le Haut-Commissariat aux droits de l&rsquo;homme a d\u00e9clar\u00e9 qu&rsquo;au moins 2&nbsp;940 personnes avaient \u00e9t\u00e9 tu\u00e9es, dont pr\u00e8s de 30% sont mortes en d\u00e9tention.<\/p>\n\n\n\n<p>Cependant, le v\u00e9ritable nombre de morts est probablement beaucoup plus \u00e9lev\u00e9, reconna\u00eet James Rodehaver, responsable du bureau Birmanie au Haut-Commissariat. Car ni lui ni ses collaborateurs n&rsquo;ont acc\u00e8s directement au pays. \u00ab&nbsp;<em>Ce qu&rsquo;ils font maintenant, c&rsquo;est qu&rsquo;ils traitent le peuple birman comme leur opposant et leur adversaire<\/em>, a-t-il d\u00e9clar\u00e9.&nbsp;<em>Vous avez une arm\u00e9e qui fait la guerre \u00e0 son propre peuple.<\/em>&nbsp;\u00bb<\/p>\n\n\n\n<p><\/p>\n\n\n\n<p>Selon lui, les forces arm\u00e9es combattent d\u00e9sormais activement sur environ treize fronts diff\u00e9rents. \u00ab&nbsp;<em>L&rsquo;arm\u00e9e est de plus en plus sollicit\u00e9e<\/em>&nbsp;\u00bb, a-t-il d\u00e9clar\u00e9 lors d&rsquo;un point de presse \u00e0 Gen\u00e8ve. \u00ab&nbsp;<em>Il n&rsquo;y a jamais eu de moment et de situation o\u00f9 une crise en Birmanie a atteint une telle ampleur dans tout le pays<\/em>&nbsp;\u00bb, a-t-il expliqu\u00e9.<\/p>\n\n\n\n<p>Car l\u2019arm\u00e9e s&rsquo;est donc de plus en plus appuy\u00e9e sur la puissance a\u00e9rienne et l&rsquo;artillerie, avec plus de 300 frappes a\u00e9riennes l&rsquo;ann\u00e9e derni\u00e8re. Pr\u00e8s de 80% des 330 cantons du pays ont \u00e9t\u00e9 touch\u00e9s par des affrontements arm\u00e9s, selon le rapport.<\/p>\n\n\n\n<p><\/p>\n\n\n\n<p><div><span style=\"background-color: rgb(255, 255, 255);\"><\/span><span style=\"background-color: rgb(255, 255, 255);\"><\/span><span style=\"background-color: rgb(255, 255, 255);\"><\/span><\/div><\/p>\n","protected":false},"excerpt":{"rendered":"<p>Deux ans apr\u00e8s le coup d&rsquo;\u00c9tat du 1er f\u00e9vrier 2021 qui a renvers\u00e9 le gouvernement civil d&rsquo;Aung San Suu Kyi,<\/p>\n","protected":false},"author":1,"featured_media":8042,"comment_status":"open","ping_status":"open","sticky":false,"template":"","format":"standard","meta":{"footnotes":""},"categories":[51],"tags":[],"class_list":["post-8040","post","type-post","status-publish","format-standard","has-post-thumbnail","hentry","category-general"],"_links":{"self":[{"href":"https:\/\/dekkbi.com\/index.php?rest_route=\/wp\/v2\/posts\/8040","targetHints":{"allow":["GET"]}}],"collection":[{"href":"https:\/\/dekkbi.com\/index.php?rest_route=\/wp\/v2\/posts"}],"about":[{"href":"https:\/\/dekkbi.com\/index.php?rest_route=\/wp\/v2\/types\/post"}],"author":[{"embeddable":true,"href":"https:\/\/dekkbi.com\/index.php?rest_route=\/wp\/v2\/users\/1"}],"replies":[{"embeddable":true,"href":"https:\/\/dekkbi.com\/index.php?rest_route=%2Fwp%2Fv2%2Fcomments&post=8040"}],"version-history":[{"count":1,"href":"https:\/\/dekkbi.com\/index.php?rest_route=\/wp\/v2\/posts\/8040\/revisions"}],"predecessor-version":[{"id":8043,"href":"https:\/\/dekkbi.com\/index.php?rest_route=\/wp\/v2\/posts\/8040\/revisions\/8043"}],"wp:featuredmedia":[{"embeddable":true,"href":"https:\/\/dekkbi.com\/index.php?rest_route=\/wp\/v2\/media\/8042"}],"wp:attachment":[{"href":"https:\/\/dekkbi.com\/index.php?rest_route=%2Fwp%2Fv2%2Fmedia&parent=8040"}],"wp:term":[{"taxonomy":"category","embeddable":true,"href":"https:\/\/dekkbi.com\/index.php?rest_route=%2Fwp%2Fv2%2Fcategories&post=8040"},{"taxonomy":"post_tag","embeddable":true,"href":"https:\/\/dekkbi.com\/index.php?rest_route=%2Fwp%2Fv2%2Ftags&post=8040"}],"curies":[{"name":"wp","href":"https:\/\/api.w.org\/{rel}","templated":true}]}}