{"id":8000,"date":"2023-03-03T16:37:40","date_gmt":"2023-03-03T16:37:40","guid":{"rendered":"https:\/\/dekkbi.com\/?p=8000"},"modified":"2023-03-03T16:37:42","modified_gmt":"2023-03-03T16:37:42","slug":"angola-congo-b-puis-rdc-la-journee-marathon-en-afrique-centrale-demmanuel-macron","status":"publish","type":"post","link":"https:\/\/dekkbi.com\/?p=8000","title":{"rendered":"Angola, Congo-B puis RDC: la journ\u00e9e marathon en Afrique centrale d&rsquo;Emmanuel Macron"},"content":{"rendered":"\n<p><strong>Emmanuel Macron, qui effectue une tourn\u00e9e en Afrique centrale du 1er au 5 mars 2023, se trouve dans trois pays de la r\u00e9gion en l&rsquo;espace de 24 heures, ce vendredi 3 mars: l&rsquo;Angola, le Congo-Brazzaville puis la RDC. Apr\u00e8s le Gabon, o\u00f9 il a, par ailleurs, rencontr\u00e9 le pr\u00e9sident centrafricain Faustin Archange Touad\u00e9ra en pr\u00e9sence du pr\u00e9sident gabonais Ali Bongo, le chef de l&rsquo;\u00c9tat fran\u00e7ais multiplie les r\u00e9unions, comme celles \u00e0 Luanda o\u00f9 il a \u00e9t\u00e9 fortement question d&rsquo;agriculture et d&rsquo;\u00e9conomie.<\/strong><\/p>\n\n\n\n<p><em>Avec notre envoy\u00e9e sp\u00e9ciale \u00e0 Luanda,&nbsp;<\/em><strong>Paulina Zidi<\/strong><\/p>\n\n\n\n<p>Suite de la tourn\u00e9e africaine du pr\u00e9sident fran\u00e7ais Emmanuel Macron. Apr\u00e8s deux jours au Gabon, o\u00f9 il a surtout \u00e9t\u00e9 question d\u2019environnement, avec un sommet sur la protection des for\u00eats tropicales, le chef de l\u2019\u00c9tat fran\u00e7ais est arriv\u00e9 le 2 mars 2023 \u00e0 Luanda en Angola. Une visite qui aurait d\u00fb avoir lieu il y a trois ans, mais qui a \u00e9t\u00e9 repouss\u00e9e plusieurs fois en raison de la crise sanitaire.<\/p>\n\n\n\n<p>Ce voyage s\u2019inscrit dans la volont\u00e9 de la France de renforcer les liens avec de nouveaux partenaires sur le continent. Une visite o\u00f9 l\u2019\u00e9conomie a occup\u00e9 une partie de la matin\u00e9e avec un forum consacr\u00e9 surtout \u00e0 l\u2019agriculture.\u00a0<strong>En effet, l\u2019Angola souhaite diversifier son \u00e9conomie<\/strong>, aujourd\u2019hui totalement d\u00e9pendante du secteur p\u00e9trolier et surtout garantir sa s\u00e9curit\u00e9 alimentaire dans un pays qui importe beaucoup.<\/p>\n\n\n\n<p>La France s\u2019est donc engag\u00e9e dans le secteur agricole avec notamment une aide de l\u2019Agence fran\u00e7aise au d\u00e9veloppement (AFD) de 200 millions d\u2019euros pour un programme de r\u00e9silience climatique.<\/p>\n\n\n\n<p><\/p>\n\n\n\n<p>Les deux pr\u00e9sidents, Jo\u00e3o Louren\u00e7o et Emmanuel Macron, se sont ensuite rencontr\u00e9s pendant une petite heure pour aborder des sujets politiques et diplomatiques, et notamment la crise dans l\u2019est de la RDC.<\/p>\n\n\n\n<p><\/p>\n\n\n\n<h2 class=\"wp-block-heading\">\u00c9tape express et complexe \u00e0 Brazzaville<\/h2>\n\n\n\n<p>Emmanuel Macron poursuit ensuit son marathon avec deux autres pays au programme, puisqu\u2019apr\u00e8s l\u2019Angola, le pr\u00e9sident s\u2019envole pour quelques heures au Congo-Brazzaville. Une visite express o\u00f9 un entretien avec le pr\u00e9sident Denis Sassou-Nguesso est au programme. Et c\u2019est peut-\u00eatre l\u2019\u00e9tape o\u00f9 il sera le plus difficile pour l\u2019\u00c9lys\u00e9e de jouer la carte du \u00ab&nbsp;<em>nouveau logiciel<\/em>&nbsp;\u00bb dont parlait le pr\u00e9sident Macron le 27 f\u00e9vrier dans son discours avant cette tourn\u00e9e africaine. En effet, il arrive dans un pays qui n\u2019a pas connu d\u2019alternance d\u00e9mocratique depuis 1992 avec \u00e0 sa t\u00eate l\u2019un des plus anciens pr\u00e9sidents africains encore en exercice.<\/p>\n\n\n\n<blockquote class=\"wp-block-quote is-layout-flow wp-block-quote-is-layout-flow\">\n<p>Nous attendons du pr\u00e9sident Emmanuel Macron qu\u2019il rappelle qu\u2019il est insupportable de voir des d\u00e9tenus d\u2019opinion en prison. Je rappelle que tous les deux, Jean-Marie Michel Mokoko et Andr\u00e9 Okombi Salissa, ont \u00e9t\u00e9 condamn\u00e9s avec des proc\u00e8s totalement farces.<\/p>\n<\/blockquote>\n\n\n\n<p>Ma\u00eetre Norbert Tricaud, membre du collectif d&rsquo;avocats des opposants politiques congolais Jean-Marie Michel Mokoko et Andr\u00e9 Okombi Salissa, emprisonn\u00e9s pour atteinte \u00e0 la s\u00e9curit\u00e9 int\u00e9rieure de l&rsquo;\u00c9tat<\/p>\n\n\n\n<p>Sidy Yansan\u00e9<\/p>\n\n\n\n<p>Il doit aussi y rencontrer la communaut\u00e9 fran\u00e7aise pour une intervention sous le signe de la m\u00e9moire, celle du r\u00f4le du Congo-Brazzaville lors de la seconde guerre mondiale.<\/p>\n\n\n\n<p>Et puis dans la soir\u00e9e, Emmanuel Macron d\u00e9collera pour la derni\u00e8re \u00e9tape de cette tourn\u00e9e. Un vol assez court, juste le fleuve \u00e0 traverser pour se rendre \u00e0 Kinshasa, en R\u00e9publique d\u00e9mocratique du Congo (RDC).<\/p>\n\n\n\n<p>\u00c0 Libreville, une rencontre Macron-Touad\u00e9ra, en pr\u00e9sence d\u2019Ali Bongo<\/p>\n\n\n\n<p>En marge de cette tourn\u00e9e en Afrique centrale, le pr\u00e9sident fran\u00e7ais a aussi rencontr\u00e9 le 2 mars 2023 au Gabon son homologue centrafricain, Faustin Archange Touad\u00e9ra, en pr\u00e9sence du pr\u00e9sident gabonais. C\u2019est au palais pr\u00e9sidentiel \u00e0 Libreville que les deux chefs d\u2019Etats se sont rencontr\u00e9s, en pr\u00e9sence d\u2019Ali Bongo. Un entretien bref. Une information confirm\u00e9e par une source proche de l\u2019Elys\u00e9e et une source haut-plac\u00e9e \u00e0 Libreville. En revanche, rien n\u2019a encore filtr\u00e9 sur la teneur des discussions entre Faustin Archange Touad\u00e9ra et Emmanuel Macron.&nbsp;<\/p>\n","protected":false},"excerpt":{"rendered":"<p>Emmanuel Macron, qui effectue une tourn\u00e9e en Afrique centrale du 1er au 5 mars 2023, se trouve dans trois pays<\/p>\n","protected":false},"author":1,"featured_media":8001,"comment_status":"open","ping_status":"open","sticky":false,"template":"","format":"standard","meta":{"footnotes":""},"categories":[6],"tags":[],"class_list":["post-8000","post","type-post","status-publish","format-standard","has-post-thumbnail","hentry","category-politics"],"_links":{"self":[{"href":"https:\/\/dekkbi.com\/index.php?rest_route=\/wp\/v2\/posts\/8000","targetHints":{"allow":["GET"]}}],"collection":[{"href":"https:\/\/dekkbi.com\/index.php?rest_route=\/wp\/v2\/posts"}],"about":[{"href":"https:\/\/dekkbi.com\/index.php?rest_route=\/wp\/v2\/types\/post"}],"author":[{"embeddable":true,"href":"https:\/\/dekkbi.com\/index.php?rest_route=\/wp\/v2\/users\/1"}],"replies":[{"embeddable":true,"href":"https:\/\/dekkbi.com\/index.php?rest_route=%2Fwp%2Fv2%2Fcomments&post=8000"}],"version-history":[{"count":1,"href":"https:\/\/dekkbi.com\/index.php?rest_route=\/wp\/v2\/posts\/8000\/revisions"}],"predecessor-version":[{"id":8002,"href":"https:\/\/dekkbi.com\/index.php?rest_route=\/wp\/v2\/posts\/8000\/revisions\/8002"}],"wp:featuredmedia":[{"embeddable":true,"href":"https:\/\/dekkbi.com\/index.php?rest_route=\/wp\/v2\/media\/8001"}],"wp:attachment":[{"href":"https:\/\/dekkbi.com\/index.php?rest_route=%2Fwp%2Fv2%2Fmedia&parent=8000"}],"wp:term":[{"taxonomy":"category","embeddable":true,"href":"https:\/\/dekkbi.com\/index.php?rest_route=%2Fwp%2Fv2%2Fcategories&post=8000"},{"taxonomy":"post_tag","embeddable":true,"href":"https:\/\/dekkbi.com\/index.php?rest_route=%2Fwp%2Fv2%2Ftags&post=8000"}],"curies":[{"name":"wp","href":"https:\/\/api.w.org\/{rel}","templated":true}]}}