{"id":7990,"date":"2023-03-03T15:33:33","date_gmt":"2023-03-03T15:33:33","guid":{"rendered":"https:\/\/dekkbi.com\/?p=7990"},"modified":"2023-03-03T16:34:30","modified_gmt":"2023-03-03T16:34:30","slug":"recrutement-fonction-publique-les-maitres-contractuels-haussent-le-ton","status":"publish","type":"post","link":"https:\/\/dekkbi.com\/?p=7990","title":{"rendered":"Recrutement Fonction Publique: Les maitres contractuels haussent le ton\u2026"},"content":{"rendered":"\n<p><strong>Le collectif des enseignants \u00ab&nbsp;mon arr\u00eat\u00e9, mon combat&nbsp;\u00bb est mont\u00e9 au cr\u00e9neau pour d\u00e9noncer leurs dures conditions de vie. Ce vendredi, lors de leur Sit-in, ils ont appel\u00e9 les autorit\u00e9s, notamment le ministre de l\u2019Education nationale \u00e0 sortir leurs arr\u00eat\u00e9es d\u2019admission apr\u00e8s l\u2019obtention de leur Certificat d\u2019aptitude p\u00e9dagogique (CAP) pour int\u00e9grer carr\u00e9ment la fonction publique.<\/strong><\/p>\n\n\n\n<p>\u00ab&nbsp;Nous avons organis\u00e9 ce Sit-in pour manifester un cri de ras-le-bol d\u00fb \u00e0 un sentiment de d\u00e9passement. Monsieur le ministre, nous les enseignements du S\u00e9n\u00e9gal, plus particuli\u00e8rement les maitres contractuels, souffrons des lenteurs administratives, dans des situations tr\u00e8s difficiles. Pendant plus de trois (3) ans, nous attendons la commission pour l\u2019obtention de nos Certificats d\u2019aptitude p\u00e9dagogique (CAP) et de deux ans pour l\u2019 arr\u00eat\u00e9 d\u2019admission&nbsp;\u00bb, a d\u00e9plor\u00e9 Monique Ndiaye, enseignante \u00e0 l\u2019Inspection De L\u2019Education Et de la Formation De&nbsp;Diofior.<\/p>\n\n\n\n<p>\u00ab&nbsp;C\u2019est cet arr\u00eat\u00e9 qui confirme que nous avons obtenu l\u2019examen professionnel (CAP) pour int\u00e9grer la fonction publique&nbsp;\u00bb, a ajout\u00e9 Amadou Ka, Coordonnateur du collectif.<\/p>\n\n\n\n<p>Les maitres contractuels ont interpel\u00e9 les autorit\u00e9s comp\u00e9tentes: &nbsp;\u00ab\u00a0Si rien n\u2019est fait notamment la sortie imm\u00e9diates des arr\u00eat\u00e9s, nous comptons passer \u00e0 la vitesse sup\u00e9rieure\u2026\u00a0\u00bb&nbsp;<\/p>\n","protected":false},"excerpt":{"rendered":"<p>Le collectif des enseignants \u00ab&nbsp;mon arr\u00eat\u00e9, mon combat&nbsp;\u00bb est mont\u00e9 au cr\u00e9neau pour d\u00e9noncer leurs dures conditions de vie. Ce<\/p>\n","protected":false},"author":1,"featured_media":7991,"comment_status":"open","ping_status":"open","sticky":false,"template":"","format":"standard","meta":{"footnotes":""},"categories":[21],"tags":[],"class_list":["post-7990","post","type-post","status-publish","format-standard","has-post-thumbnail","hentry","category-societe"],"_links":{"self":[{"href":"https:\/\/dekkbi.com\/index.php?rest_route=\/wp\/v2\/posts\/7990","targetHints":{"allow":["GET"]}}],"collection":[{"href":"https:\/\/dekkbi.com\/index.php?rest_route=\/wp\/v2\/posts"}],"about":[{"href":"https:\/\/dekkbi.com\/index.php?rest_route=\/wp\/v2\/types\/post"}],"author":[{"embeddable":true,"href":"https:\/\/dekkbi.com\/index.php?rest_route=\/wp\/v2\/users\/1"}],"replies":[{"embeddable":true,"href":"https:\/\/dekkbi.com\/index.php?rest_route=%2Fwp%2Fv2%2Fcomments&post=7990"}],"version-history":[{"count":2,"href":"https:\/\/dekkbi.com\/index.php?rest_route=\/wp\/v2\/posts\/7990\/revisions"}],"predecessor-version":[{"id":7999,"href":"https:\/\/dekkbi.com\/index.php?rest_route=\/wp\/v2\/posts\/7990\/revisions\/7999"}],"wp:featuredmedia":[{"embeddable":true,"href":"https:\/\/dekkbi.com\/index.php?rest_route=\/wp\/v2\/media\/7991"}],"wp:attachment":[{"href":"https:\/\/dekkbi.com\/index.php?rest_route=%2Fwp%2Fv2%2Fmedia&parent=7990"}],"wp:term":[{"taxonomy":"category","embeddable":true,"href":"https:\/\/dekkbi.com\/index.php?rest_route=%2Fwp%2Fv2%2Fcategories&post=7990"},{"taxonomy":"post_tag","embeddable":true,"href":"https:\/\/dekkbi.com\/index.php?rest_route=%2Fwp%2Fv2%2Ftags&post=7990"}],"curies":[{"name":"wp","href":"https:\/\/api.w.org\/{rel}","templated":true}]}}