{"id":7945,"date":"2023-03-02T16:18:50","date_gmt":"2023-03-02T16:18:50","guid":{"rendered":"https:\/\/dekkbi.com\/?p=7945"},"modified":"2023-03-02T16:18:51","modified_gmt":"2023-03-02T16:18:51","slug":"rdc-pourquoi-kinshasa-est-une-etape-importante-de-la-visite-demmanuel-macron-en-afrique-centrale","status":"publish","type":"post","link":"https:\/\/dekkbi.com\/?p=7945","title":{"rendered":"RDC : pourquoi Kinshasa est une \u00e9tape importante de la visite d\u2019Emmanuel Macron en Afrique centrale ?"},"content":{"rendered":"\n<h2 class=\"wp-block-heading\">Emmanuel Macron&nbsp;sera \u00e0 Kinshasa le 3 mars, \u00e9tape importante de sa visite en Afrique centrale. Situation s\u00e9curitaire \u00e0 l\u2019Est, transition \u00e9cologique, partenariats \u00e9conomiques\u2026 sur quels dossiers le pr\u00e9sident fran\u00e7ais est-il attendu ?<\/h2>\n\n\n\n<p><a href=\"https:\/\/www.addthis.com\/bookmark.php?v=300\"><\/a><a href=\"https:\/\/www.addthis.com\/bookmark.php?v=300\"><\/a><a href=\"https:\/\/www.addthis.com\/bookmark.php?v=300\" rel=\"noreferrer noopener\" target=\"_blank\"><\/a><a href=\"https:\/\/www.addthis.com\/bookmark.php?v=300\" rel=\"noreferrer noopener\" target=\"_blank\"><\/a><\/p>\n\n\n\n<p>\u00ab<em>&nbsp;L&rsquo;unit\u00e9, la souverainet\u00e9, l&rsquo;int\u00e9grit\u00e9 territoriale du Congo ne se discutent pas&nbsp;<\/em>\u00bb. \u00c0 la veille de son d\u00e9part pour le continent africain, le pr\u00e9sident fran\u00e7ais r\u00e9affirme sa position sur la r\u00e9surgence du conflit qui perturbe l\u2019Est de la R\u00e9publique D\u00e9mocratique du Congo depuis fin 2021. Dans son discours \u00e0 l\u2019\u00c9lys\u00e9e sur la strat\u00e9gie diplomatique et militaire de la France en Afrique, Emmanuel Macron a qualifi\u00e9 les combats de \u00ab&nbsp;<em>r\u00e9gression inacceptable<\/em>&nbsp;\u00bb.<\/p>\n\n\n\n<p>La question s\u00e9curitaire en RDC sera en effet un des sujets les plus attendus de sa visite du 2 mars&nbsp;affirme le politologue et professeur \u00e0 la Sorbonne, Alfred Tumba Shango Lokoho.&nbsp;\u00ab&nbsp;<em>Pour beaucoup de Congolais, il y a cette impression que la France ne souhaite pas prendre de position claire sur la question. Que ce soit F\u00e9lix&nbsp;Tshisekedi ou le peuple congolais, ce qui est attendu est une condamnation ferme d\u2019une part et d&rsquo;autre part un soutien ou une aide militaire.<\/em>&nbsp;\u00bb&nbsp;<\/p>\n\n\n\n<p><em>Je dirais qu\u2019il est attendu\u00a0plus qu\u2019une simple condamnation du soutien du Rwanda au M23, \u00a0d&rsquo;apporter la voix du Congo aux Nations unies ainsi que\u00a0de pr\u00e9voir des\u00a0sanctions onusiennes\u00a0contre contre le Rwanda.<\/em><strong>Christophe Rigaud, journaliste et fondateur du site\u00a0afrikarabia.com\u00a0consacr\u00e9 \u00e0 l\u2019actualit\u00e9 en RDC<\/strong><\/p>\n\n\n\n<p>\u00ab\u00a0<em>Je dirais qu\u2019il est attendu\u00a0plus qu\u2019une simple condamnation du soutien du Rwanda au M23, d&rsquo;apporter la voix du Congo aux Nations unies ainsi que\u00a0de pr\u00e9voir des\u00a0sanctions onusiennes\u00a0contre le Rwanda<\/em>, estime pour sa part, Christophe Rigaud, journaliste et fondateur du site\u00a0afrikarabia.com\u00a0consacr\u00e9 \u00e0 l\u2019actualit\u00e9 en RDC.\u00a0<em>La France s\u2019est grandement rapproch\u00e9 du\u00a0Rwanda, notamment par son r\u00f4le qu\u2019elle a jou\u00e9 dans le g\u00e9nocide.\u00a0[<\/em>NDLR : Kigali a reproch\u00e9 de nombreuses ann\u00e9es \u00e0 la France d&rsquo;avoir\u00a0soutenu\u00a0le r\u00e9gime hutu en 1994 et d&rsquo;avoir prot\u00e9g\u00e9, lors de l&rsquo;op\u00e9ration\u00a0Turquoise, des g\u00e9nocidaires du r\u00e9gime hutu face \u00e0 progression des hommes de Paul Kagam\u00e9.]\u00a0<em>Les Congolais consid\u00e8rent aujourd&rsquo;hui la France comme un pays pro-rwandais.\u00a0\u00bb<\/em><\/p>\n\n\n\n<p>Si Paris avait d\u00e9j\u00e0 en d\u00e9cembre 2022&nbsp;fait officiellement \u00e9tat du \u00ab\u00a0<em>soutien<\/em>\u00a0\u00bb de Kigali au M23, aucune rupture dans les relations diplomatiques franco-rwandaises ne semblent se dessiner prochainement.&nbsp;Dans son discours \u00e0 l\u2019Elys\u00e9e, Emmanuel Macron a d&rsquo;ailleurs insist\u00e9&nbsp;sur la n\u00e9cessit\u00e9 d\u2019&nbsp;\u00ab<em>&nbsp;une r\u00e9ponse collective<\/em>&nbsp;\u00bb, sous entendu r\u00e9gionale.<\/p>\n\n\n\n<p><\/p>\n\n\n\n<p><img loading=\"lazy\" decoding=\"async\" src=\"https:\/\/information.tv5monde.com\/sites\/info.tv5monde.com\/files\/styles\/large\/public\/assets\/images\/AP22361352789146_0.jpg?itok=fl4G_PbZ\" width=\"770\" height=\"512\" alt=\"La r\u00e9bellion majoritairement tutsi du M23, rest\u00e9e en sommeil pendant pr\u00e8s de dix ans, a repris les armes fin 2021 et s&amp;#039;est empar\u00e9e depuis de vastes pans de territoire du Nord-Kivu.\"><\/p>\n\n\n\n<p>La r\u00e9bellion majoritairement tutsi du M23, rest\u00e9e en sommeil pendant pr\u00e8s de dix ans, a repris les armes fin 2021 et s&rsquo;est empar\u00e9e depuis de vastes pans de territoire du Nord-Kivu.<\/p>\n\n\n\n<p>AP \/ Moses Sawasawa<\/p>\n\n\n\n<p>\u00ab&nbsp;<em>Cette r\u00e9ponse semble s\u2019appuyer notamment sur les processus de Luanda et Nairobi&nbsp;<\/em>(NDLR : deux accords de paix qui \u00e9voquent&nbsp;un&nbsp;\u00ab\u00a0processus de d\u00e9sescalade\u00a0\u00bb pour les deux pays).&nbsp;<em>Le probl\u00e8me c&rsquo;est qu&rsquo;il y a un tr\u00e8s grand scepticisme au Congo \u00e0 l&rsquo;\u00e9gard de ces accords qui jusqu&rsquo;\u00e0 maintenant n&rsquo;ont pas donn\u00e9 grand chose,&nbsp;<\/em>analyse Pierre Boisselet, coordinateur des recherches \u00e0 Ebuteli (Institut congolais de recherche sur la politique).<em>&nbsp;Le pr\u00e9sident Macron a parl\u00e9 de partenariat en mati\u00e8re de s\u00e9curit\u00e9, de formation militaire. Cela pourrait aller en ce sens bien que la France soit d\u00e9j\u00e0 engag\u00e9e dans la formation d\u2019officiers au Congo.<\/em>&nbsp;\u00bb<\/p>\n\n\n\n<h2 class=\"wp-block-heading\"><strong>Nouveaux partenariats&nbsp;<\/strong><\/h2>\n\n\n\n<p>La pr\u00e9sence du Commissaire europ\u00e9en en charge de l\u2019industrie et des services&nbsp;Thierry Breton, et de la Commissaire europ\u00e9enne aux partenariats internationaux, Jutta Urpilainen aux c\u00f4t\u00e9s d\u2019Emmanuel Macron lors de sa visite, pourrait indiquer la potentielle n\u00e9gociation de nouveaux partenariats \u00e9conomiques.&nbsp;<br><br>Les relations \u00e9conomiques sino-congolaises&nbsp;se sont d\u00e9t\u00e9rior\u00e9es, notamment concernant le \u00ab\u00a0<em>contrat du si\u00e8cle<\/em>\u00a0\u00bb sign\u00e9 en 2008 par lequel la Chine, partenaire \u00e9conomique congolais primordial,&nbsp;devait r\u00e9aliser des infrastructures en \u00e9change de l&rsquo;exploitation mini\u00e8re. L\u2019inspection g\u00e9n\u00e9rale des finances a point\u00e9&nbsp;le manque de transparence et le d\u00e9s\u00e9quilibre des contrats, ce qui&nbsp;a pouss\u00e9 F\u00e9lix Tshisekedi \u00e0 annoncer son intention de ren\u00e9gocier les contrats miniers, conclus \u00e0 l\u2019\u00e9poque sous Joseph Kabila. Une r\u00e9vision promise au nom des Congolais qui, d\u00e9clarait-il, \u00ab&nbsp;<em>croupissent toujours dans la mis\u00e8re<\/em>&nbsp;\u00bb. Le sous-sol minier congolais est par ailleurs l&rsquo;un des plus riches au monde avec le coltan, la&nbsp;cassit\u00e9rite, le cuivre, l&rsquo;or ou encore le diamant.<\/p>\n\n\n\n<p><\/p>\n\n\n\n<p>Ce contexte pourrait alors faire la part belle \u00e0 l\u2019Union europ\u00e9enne qui est en qu\u00eate de maintenir les relations avec le continent. Lors du dernier sommet UE-Afrique en f\u00e9vrier 2022,\u00a0Bruxelles a promis entre autres un paquet d&rsquo;investissements\u00a0d&rsquo;au moins 150 milliards d\u2019euros. L\u2019id\u00e9e de \u00ab\u00a0<em>diversifier les interlocuteurs<\/em>\u00a0\u00bb face \u00e0 une \u00ab\u00a0<em>Chine omnipr\u00e9sente<\/em>\u00a0\u00bb pourrait \u00eatre de fait partag\u00e9e par Kinshasa, afin de pouvoir conclure des partenariats \u00ab<em>\u00a0plus \u00e9quitables<\/em>\u00a0\u00bb s\u2019accorde \u00e0 dire\u00a0Christophe Rigaud.<br><br>\u00ab\u00a0<em>Dans le secteur des infrastructures par exemple, il y a le grand projet de barrage hydro\u00e9lectrique d&rsquo;Inga qui est quelque peu une Arl\u00e9sienne. Ce projet date depuis plus de 20 ans et n&rsquo;a toujours pas abouti.<\/em>\u00a0\u00bb donne comme exemple de projet le journaliste.<br><br>Emmanuel Macron avait par ailleurs d\u00e9cid\u00e9\u00a0de consacrer tout\u00a0une partie de\u00a0sa visite sur le continent \u00e0 l\u2019\u00e9cologie en organisant conjointement avec le chef d\u2019\u00c9tat gabonais le One Forest Summit \u00e0 Libreville, au Gabon. Un sommet qui a pour objectif d&rsquo;am\u00e9liorer la conservation des for\u00eats dans le monde et de contribuer \u00e0 la protection du climat et des esp\u00e8ces dans un contexte de d\u00e9r\u00e8glement climatique.<\/p>\n\n\n\n<p>Le bassin du Congo, 200 millions&nbsp;d&rsquo;hectares de massif forestier&nbsp;qui fait partie des trois grands bassins forestiers mondiaux avec la for\u00eat amazonienne et les for\u00eats tropicales d&rsquo;Asie du Sud-Est, devait \u00eatre au coeur des discussions. Seulement, le pr\u00e9sident F\u00e9lix Tshisekedi a annonc\u00e9 ne pas se joindre au rassemblement.<\/p>\n\n\n\n<h2 class=\"wp-block-heading\"><strong>Popularit\u00e9 en chute libre<\/strong><\/h2>\n\n\n\n<p>Au d\u00e9l\u00e0 des relations diplomatiques entre les deux pays, de quelle popularit\u00e9 b\u00e9n\u00e9ficie le chef de l\u2019\u00c9tat fran\u00e7ais&nbsp;en RDC, sachant que la pr\u00e9sence fran\u00e7aise est de plus en plus d\u00e9cri\u00e9e sur le continent ?<br><br>Selon le dernier sondage de l\u2019institut congolais de recherche sur la politique (Ebuteli), moins de 30% des Congolais auraient une bonne opinion de la France, se pla\u00e7ant ainsi derri\u00e8re la Russie, la Chine, la Su\u00e8de ou l\u2019Allemagne. Pierre Boisselet, coordinateur des recherches \u00e0 Ebuteli, a particip\u00e9 \u00e0 la r\u00e9alisation de ce sondage.<\/p>\n\n\n\n<p><img loading=\"lazy\" decoding=\"async\" src=\"https:\/\/information.tv5monde.com\/sites\/info.tv5monde.com\/files\/styles\/large\/public\/assets\/images\/Capture_decran_2023-02-25_a_18.17.44.png?itok=-CV5sBFq\" width=\"770\" height=\"645\" alt=\"Selon un sondade de l&amp;#039;institut &nbsp;congolais de recherche sur la politique, la gouvernance et la violence, Ebuteli, du&nbsp;GEC et du Bureau d&amp;#039;\u00e9tudes, de recherches et de consulting international (Berci),&nbsp;moins de 30% des Congolais ont une bonne opinion de la France.&nbsp;\"><\/p>\n\n\n\n<p>Selon un sondade de l&rsquo;institut &nbsp;congolais de recherche sur la politique, la gouvernance et la violence, Ebuteli, du&nbsp;GEC et du Bureau d&rsquo;\u00e9tudes, de recherches et de consulting international (Berci),&nbsp;moins de 30% des Congolais ont une bonne opinion de la France.&nbsp;<\/p>\n\n\n\n<p>@Ebuteli<\/p>\n\n\n\n<p>\u00ab&nbsp;<em>Il y a un vrai d\u00e9crochage de l&rsquo;image de la France dans ce pays. Je parle de d\u00e9crochage parce que \u00e7a n\u2019a pas toujours \u00e9t\u00e9 le cas. Lors du&nbsp;premier sondage qu&rsquo;on avait fait en 2016, 71% des sond\u00e9s estimaient que la France jouait un r\u00f4le plut\u00f4t positif ou positif au Congo. Elle \u00e9tait deuxi\u00e8me de la liste, juste derri\u00e8re les \u00c9tats Unis. On voit donc qu&rsquo;en l&rsquo;espace de sept ans, la chute est vertigineuse.&nbsp;<\/em>\u00bb explique le chercheur.<br><br>Un d\u00e9crochage qui peut \u00eatre directement li\u00e9 au manque de prise de position ferme de la part de Paris sur le conflit \u00e0 l\u2019Est. \u00ab&nbsp;<em>Ces 30% des sceptiques sont d\u00e9sesp\u00e9r\u00e9s par l&rsquo;impression qu\u2019ils ont que la France n&rsquo;en fait pas assez pour soutenir la RDC. C\u2019est ce qui suscite la d\u00e9fiance de beaucoup de jeunes Congolais vis-\u00e0-vis d\u2019Emmanuel Macron.&nbsp;<\/em>\u00bb confirme le professeur Alfred Tumba Shango Lokoho.<\/p>\n\n\n\n<p><em>Les Congolais voient ce qui se passe ailleurs, dans les pays francophones d&rsquo;Afrique et le rejet que la France suscite.<\/em><strong>Pierre Boisselet, coordinateur des recherches \u00e0 l&rsquo;institut congolais de recherche sur la politique<\/strong><\/p>\n\n\n\n<p>Une impopularit\u00e9 qui touche par ailleurs&nbsp;l\u2019ensemble des pays occidentaux. \u00ab&nbsp;<em>La communaut\u00e9 internationale est d\u00e9cr\u00e9dibilis\u00e9e pour son incapacit\u00e9 ou son absence de volont\u00e9, voire son r\u00f4le n\u00e9gatif dans la stabilit\u00e9 \u00e0 l&rsquo;est de la RDC. Cela s&rsquo;est mat\u00e9rialis\u00e9 notamment par la tr\u00e8s faible popularit\u00e9 de la mission de l&rsquo;ONU (Monusco) en RDC.&nbsp;\u00bb<\/em>&nbsp;con\u00e7oit Pierre Boisselet.<\/p>\n\n\n\n<p>\u00ab&nbsp;<em>M\u00eame si ce n&rsquo;est pas une ancienne colonie fran\u00e7aise, la RDC est le plus grand pays francophone<\/em>.&nbsp;<em>Les Congolais voient aussi ce qui se passe ailleurs, dans les pays francophones d&rsquo;Afrique et le rejet que la France suscite.&nbsp;<\/em>\u00bb poursuit-il.<\/p>\n\n\n\n<p>L\u2019\u00e9tape congolaise sera, in fine, \u00ab&nbsp;<em>l\u2019\u00e9tape la plus la plus dure politiquement<\/em>&nbsp;\u00bb<strong>&nbsp;<\/strong>estime le&nbsp;journaliste sp\u00e9cialis\u00e9 dans l\u2019actualit\u00e9 congolaise Christophe Rigaud. \u00c0&nbsp;la veille de son arriv\u00e9e,&nbsp;des dizaines de jeunes Congolais manifestaient d\u00e9j\u00e0 leur d\u00e9fiance vis-\u00e0-vis de la venue&nbsp;du pr\u00e9sident fran\u00e7ais.&nbsp;\u00ab\u00a0<em>Macron assassin, Poutine au secours<\/em>\u00ab\u00a0, scandaient les jeunes manifestants,&nbsp;rassembl\u00e9s devant l&rsquo;ambassade de France et munis de pancartes&nbsp;disant \u00ab\u00a0<em>les Congolais disent non \u00e0 la politique de la France<\/em>\u00a0\u00bb ou encore \u00ab\u00a0<em>Macron ind\u00e9sirable en&nbsp;RDC<\/em>\u00ab\u00a0.<\/p>\n","protected":false},"excerpt":{"rendered":"<p>Emmanuel Macron&nbsp;sera \u00e0 Kinshasa le 3 mars, \u00e9tape importante de sa visite en Afrique centrale. Situation s\u00e9curitaire \u00e0 l\u2019Est, transition<\/p>\n","protected":false},"author":1,"featured_media":2424,"comment_status":"open","ping_status":"open","sticky":false,"template":"","format":"standard","meta":{"footnotes":""},"categories":[51],"tags":[],"class_list":["post-7945","post","type-post","status-publish","format-standard","has-post-thumbnail","hentry","category-general"],"_links":{"self":[{"href":"https:\/\/dekkbi.com\/index.php?rest_route=\/wp\/v2\/posts\/7945","targetHints":{"allow":["GET"]}}],"collection":[{"href":"https:\/\/dekkbi.com\/index.php?rest_route=\/wp\/v2\/posts"}],"about":[{"href":"https:\/\/dekkbi.com\/index.php?rest_route=\/wp\/v2\/types\/post"}],"author":[{"embeddable":true,"href":"https:\/\/dekkbi.com\/index.php?rest_route=\/wp\/v2\/users\/1"}],"replies":[{"embeddable":true,"href":"https:\/\/dekkbi.com\/index.php?rest_route=%2Fwp%2Fv2%2Fcomments&post=7945"}],"version-history":[{"count":1,"href":"https:\/\/dekkbi.com\/index.php?rest_route=\/wp\/v2\/posts\/7945\/revisions"}],"predecessor-version":[{"id":7946,"href":"https:\/\/dekkbi.com\/index.php?rest_route=\/wp\/v2\/posts\/7945\/revisions\/7946"}],"wp:featuredmedia":[{"embeddable":true,"href":"https:\/\/dekkbi.com\/index.php?rest_route=\/wp\/v2\/media\/2424"}],"wp:attachment":[{"href":"https:\/\/dekkbi.com\/index.php?rest_route=%2Fwp%2Fv2%2Fmedia&parent=7945"}],"wp:term":[{"taxonomy":"category","embeddable":true,"href":"https:\/\/dekkbi.com\/index.php?rest_route=%2Fwp%2Fv2%2Fcategories&post=7945"},{"taxonomy":"post_tag","embeddable":true,"href":"https:\/\/dekkbi.com\/index.php?rest_route=%2Fwp%2Fv2%2Ftags&post=7945"}],"curies":[{"name":"wp","href":"https:\/\/api.w.org\/{rel}","templated":true}]}}