{"id":7863,"date":"2023-03-02T13:07:15","date_gmt":"2023-03-02T13:07:15","guid":{"rendered":"https:\/\/dekkbi.com\/?p=7863"},"modified":"2023-03-02T13:07:16","modified_gmt":"2023-03-02T13:07:16","slug":"benno-macky-contre-les-votes-sanction-le-sermon-de-sedhiou","status":"publish","type":"post","link":"https:\/\/dekkbi.com\/?p=7863","title":{"rendered":"Benno \u2013 Macky contre les votes-sanction: Le sermon de S\u00e9dhiou"},"content":{"rendered":"\n<p><strong>Il n\u2019est pas le patron de la mouvance pr\u00e9sidentielle par hasard. C\u2019est le message que Macky Sall a voulu faire passer en utilisant la rencontre avec ses responsables de S\u00e9dhiou en s\u2019insurgeant contre les votes-sanctions qui ont fait perdre \u00e0 Bby les d\u00e9partements de S\u00e9dhiou et Goudomp. Pour lui, la confiance s\u2019obtient. Aussi a-t-il appel\u00e9 ses partisans \u00e0 occuper le terrain. Se pr\u00e9pare-t-il pour 2024 ? El\u00e9ments de r\u00e9ponse !&nbsp;<\/strong><\/p>\n\n\n\n<p><strong>Par Malick GAYE \u2013<\/strong>&nbsp;A S\u00e9dhiou, le Pr\u00e9sident Macky Sall ne s\u2019y est pas rendu que pour \u00e9voquer les questions \u00e0 caract\u00e8re \u00e9conomique. A quel\u00adques mois de la Pr\u00e9si\u00addentielle de 2024, le patron de Benno bokk yaakaar (Bby) a mis \u00e0 profit son d\u00e9placement dans le Pakao pour remobiliser les troupes apr\u00e8s la d\u00e9faite de son camp dans la localit\u00e9 aux \u00e9lections l\u00e9gislatives du 31 juillet 2022. \u00abJ\u2019avoue que j\u2019ai \u00e9t\u00e9 tr\u00e8s d\u00e9\u00e7u par le d\u00e9partement (de S\u00e9dhiou, Ndlr) lors des derni\u00e8res L\u00e9gislatives, parce que je ne peux pas comprendre une perte \u00e0 Goudomp tout comme S\u00e9dhiou. C\u2019\u00e9tait une surprise ! Car on contr\u00f4le la majorit\u00e9 des mairies\u00bb, a d\u00e9clar\u00e9 Macky Sall. Un discours qui n\u2019est pas nouveau. En effet, ils sont nombreux \u00e0 interpr\u00e9ter la perc\u00e9e de l\u2019opposition comme le r\u00e9sultat de la division dans les rangs de la majorit\u00e9 pr\u00e9sidentielle.<\/p>\n\n\n\n<p>Pour cette rencontre avec les leaders politiques de la r\u00e9gion, Macky Sall a, une fois n\u2019est pas coutume, lanc\u00e9 des piques \u00e0 l\u2019opposition. Pour le patron de Bby, la division constat\u00e9e dans les rangs de la mouvance pr\u00e9sidentielle a favoris\u00e9 l\u2019opposition, qui \u00abse berce d\u2019illusions en pensant \u00eatre majoritaire dans ce pays\u00bb. \u00abCe r\u00e9sultat d\u00e9coulait du comportement des responsables qui travaillent dans la division. En faisant cela, vous pensez que vous sanctionnez des responsables, etc. C\u2019est \u00e0 la coalition tout enti\u00e8re que vous portez pr\u00e9judice\u00bb, a dit le patron de Bby. Ainsi, pour inverser la tendance, \u00abcela exige que chacun retourne \u00e0 sa base, pour faire le travail de prospection n\u00e9cessaire. Allez \u00e0 la rencontre des populations, conna\u00eetre leurs pr\u00e9occupations, etc. Vous faites les d\u00e9marches qu\u2019il faut et vous vous donnez la main. Nous ne sommes pas dans une phase o\u00f9 chacun s\u2019autoproclame leader\u00bb.<\/p>\n\n\n\n<p>D\u2019apr\u00e8s Macky Sall,\u00a0\u00abce qu\u2019il\u00a0faut retenir dans cette rencontre, c\u2019est que le pouvoir est b\u00e2ti sur la confiance des populations. Et celui qui n\u2019int\u00e8gre pas cela, c\u2019est qu\u2019il n\u2019a rien compris \u00e0 la politique\u00bb.\u00a0Le message du patron de Bby a ainsi la particularit\u00e9 d\u2019\u00eatre clair !<\/p>\n\n\n\n<p><br><strong>mgaye@lequotidien.sn<\/strong><\/p>\n","protected":false},"excerpt":{"rendered":"<p>Il n\u2019est pas le patron de la mouvance pr\u00e9sidentielle par hasard. C\u2019est le message que Macky Sall a voulu faire<\/p>\n","protected":false},"author":1,"featured_media":7179,"comment_status":"open","ping_status":"open","sticky":false,"template":"","format":"standard","meta":{"footnotes":""},"categories":[6],"tags":[],"class_list":["post-7863","post","type-post","status-publish","format-standard","has-post-thumbnail","hentry","category-politics"],"_links":{"self":[{"href":"https:\/\/dekkbi.com\/index.php?rest_route=\/wp\/v2\/posts\/7863","targetHints":{"allow":["GET"]}}],"collection":[{"href":"https:\/\/dekkbi.com\/index.php?rest_route=\/wp\/v2\/posts"}],"about":[{"href":"https:\/\/dekkbi.com\/index.php?rest_route=\/wp\/v2\/types\/post"}],"author":[{"embeddable":true,"href":"https:\/\/dekkbi.com\/index.php?rest_route=\/wp\/v2\/users\/1"}],"replies":[{"embeddable":true,"href":"https:\/\/dekkbi.com\/index.php?rest_route=%2Fwp%2Fv2%2Fcomments&post=7863"}],"version-history":[{"count":1,"href":"https:\/\/dekkbi.com\/index.php?rest_route=\/wp\/v2\/posts\/7863\/revisions"}],"predecessor-version":[{"id":7864,"href":"https:\/\/dekkbi.com\/index.php?rest_route=\/wp\/v2\/posts\/7863\/revisions\/7864"}],"wp:featuredmedia":[{"embeddable":true,"href":"https:\/\/dekkbi.com\/index.php?rest_route=\/wp\/v2\/media\/7179"}],"wp:attachment":[{"href":"https:\/\/dekkbi.com\/index.php?rest_route=%2Fwp%2Fv2%2Fmedia&parent=7863"}],"wp:term":[{"taxonomy":"category","embeddable":true,"href":"https:\/\/dekkbi.com\/index.php?rest_route=%2Fwp%2Fv2%2Fcategories&post=7863"},{"taxonomy":"post_tag","embeddable":true,"href":"https:\/\/dekkbi.com\/index.php?rest_route=%2Fwp%2Fv2%2Ftags&post=7863"}],"curies":[{"name":"wp","href":"https:\/\/api.w.org\/{rel}","templated":true}]}}