{"id":7857,"date":"2023-03-02T13:03:13","date_gmt":"2023-03-02T13:03:13","guid":{"rendered":"https:\/\/dekkbi.com\/?p=7857"},"modified":"2023-03-02T13:03:15","modified_gmt":"2023-03-02T13:03:15","slug":"mesure-de-baisse-les-loyers-concernes-et-ceux-qui-ne-sont-pas-concernes","status":"publish","type":"post","link":"https:\/\/dekkbi.com\/?p=7857","title":{"rendered":"Mesure de baisse : Les loyers concern\u00e9s et ceux qui ne sont pas concern\u00e9s !"},"content":{"rendered":"\n<p>Le gouvernement a adopt\u00e9, hier mercredi, plusieurs textes pour appliquer la mesure de baisse des loyers. Mais, ce que les s\u00e9n\u00e9galais doivent savoir, c\u2018est que tous les loyers ne sont pas concern\u00e9s par cette mesure.<\/p>\n\n\n\n<p>La nouvelle mesure de baisse des prix du loyer qui permettra de faire diminuer de 15% les loyers entre 0 et 300 000 francs Cfa. Puis, une baisse de 10% sur les loyers compris entre 300 000 francs Cfa et 500 000 francs Cfa et une baisse de 5 % au-del\u00e0.<br><br>Mais, Abdou Karim Fofana, le ministre du Commerce, a tenu \u00e0 faire une pr\u00e9cision, hier : \u00abQui est concern\u00e9 par cette baisse ? Il s\u2019agit des baux \u00e0 usage d\u2019habitation. On peut louer\u00a0 un local pour un atelier de tailleur et de couture, pour une boutique ou des locaux pour bureau. \u00c7a ne\u00a0 concerne pas la mesure. Ce sont les locaux \u00e0 usage d\u2019habitation qui sont concern\u00e9s.\u00bb<br><br>Est-ce que les bailleurs qui ont consenti une baisse en 2014 doivent encore consentir une autre baisse en 2023? La r\u00e9ponse est non. \u00abCeux qui ont baiss\u00e9 en 2014 et sont capables d\u2019apporter la preuve qu\u2019ils avaient baiss\u00e9 pour ce local, ne sont pas concern\u00e9s\u00bb, a indiqu\u00e9 le ministre.<\/p>\n\n\n\n<figure class=\"wp-block-image size-large is-resized\"><img loading=\"lazy\" decoding=\"async\" src=\"https:\/\/dekkbi.com\/wp-content\/uploads\/2023\/03\/image-1024x1024.png\" alt=\"\" class=\"wp-image-7858\" width=\"600\" height=\"600\" srcset=\"https:\/\/dekkbi.com\/wp-content\/uploads\/2023\/03\/image-1024x1024.png 1024w, https:\/\/dekkbi.com\/wp-content\/uploads\/2023\/03\/image-300x300.png 300w, https:\/\/dekkbi.com\/wp-content\/uploads\/2023\/03\/image-150x150.png 150w, https:\/\/dekkbi.com\/wp-content\/uploads\/2023\/03\/image-768x768.png 768w, https:\/\/dekkbi.com\/wp-content\/uploads\/2023\/03\/image.png 1080w\" sizes=\"auto, (max-width: 600px) 100vw, 600px\" \/><\/figure>\n\n\n\n<p><\/p>\n","protected":false},"excerpt":{"rendered":"<p>Le gouvernement a adopt\u00e9, hier mercredi, plusieurs textes pour appliquer la mesure de baisse des loyers. Mais, ce que les<\/p>\n","protected":false},"author":1,"featured_media":7859,"comment_status":"open","ping_status":"open","sticky":false,"template":"","format":"standard","meta":{"footnotes":""},"categories":[3],"tags":[],"class_list":["post-7857","post","type-post","status-publish","format-standard","has-post-thumbnail","hentry","category-event-more-news"],"_links":{"self":[{"href":"https:\/\/dekkbi.com\/index.php?rest_route=\/wp\/v2\/posts\/7857","targetHints":{"allow":["GET"]}}],"collection":[{"href":"https:\/\/dekkbi.com\/index.php?rest_route=\/wp\/v2\/posts"}],"about":[{"href":"https:\/\/dekkbi.com\/index.php?rest_route=\/wp\/v2\/types\/post"}],"author":[{"embeddable":true,"href":"https:\/\/dekkbi.com\/index.php?rest_route=\/wp\/v2\/users\/1"}],"replies":[{"embeddable":true,"href":"https:\/\/dekkbi.com\/index.php?rest_route=%2Fwp%2Fv2%2Fcomments&post=7857"}],"version-history":[{"count":1,"href":"https:\/\/dekkbi.com\/index.php?rest_route=\/wp\/v2\/posts\/7857\/revisions"}],"predecessor-version":[{"id":7860,"href":"https:\/\/dekkbi.com\/index.php?rest_route=\/wp\/v2\/posts\/7857\/revisions\/7860"}],"wp:featuredmedia":[{"embeddable":true,"href":"https:\/\/dekkbi.com\/index.php?rest_route=\/wp\/v2\/media\/7859"}],"wp:attachment":[{"href":"https:\/\/dekkbi.com\/index.php?rest_route=%2Fwp%2Fv2%2Fmedia&parent=7857"}],"wp:term":[{"taxonomy":"category","embeddable":true,"href":"https:\/\/dekkbi.com\/index.php?rest_route=%2Fwp%2Fv2%2Fcategories&post=7857"},{"taxonomy":"post_tag","embeddable":true,"href":"https:\/\/dekkbi.com\/index.php?rest_route=%2Fwp%2Fv2%2Ftags&post=7857"}],"curies":[{"name":"wp","href":"https:\/\/api.w.org\/{rel}","templated":true}]}}