{"id":7854,"date":"2023-03-02T12:42:34","date_gmt":"2023-03-02T12:42:34","guid":{"rendered":"https:\/\/dekkbi.com\/?p=7854"},"modified":"2023-03-02T12:42:35","modified_gmt":"2023-03-02T12:42:35","slug":"environ-200-milliards-pour-la-modernisation-du-reseau-de-transport-public-de-dakar","status":"publish","type":"post","link":"https:\/\/dekkbi.com\/?p=7854","title":{"rendered":"Environ 200 milliards pour la modernisation du r\u00e9seau de transport public de Dakar"},"content":{"rendered":"\n<p>(APS) \u2013 L\u2019\u00c9quipe Europe (Team Europe) va investir environ 200 milliards francs CFA (plus de 320 millions d\u2019euros) \u2018\u2019\u00e0 l\u2019appui de la modernisation du r\u00e9seau de transport public de Dakar\u2019\u2019, indique un communiqu\u00e9 parvenu \u00e0 l\u2019APS.<\/p>\n\n\n\n<p>Cet investissement, qui s\u2019inscrit dans le cadre du projet Global Gateway, \u2018\u2019va aider le S\u00e9n\u00e9gal \u00e0 relever les d\u00e9fis environnementaux en mettant \u00e0 la disposition des S\u00e9n\u00e9galais des transports publics plus propres, s\u00fbrs et abordables\u2019\u2019, souligne le texte.<\/p>\n\n\n\n<p>\u2018\u2019Le projet de r\u00e9seau de transport public \u00e0 Dakar contribue \u00e0 la mise en \u0153uvre du plan de d\u00e9veloppement national du S\u00e9n\u00e9gal pour la p\u00e9riode 2019-2023 et de son premier volet strat\u00e9gique pour la transformation structurelle de l\u2019\u00e9conomie. Le secteur des transports a un r\u00f4le essentiel \u00e0 jouer pour acc\u00e9l\u00e9rer le d\u00e9veloppement \u00e9conomique et social du pays. Et, ce projet repr\u00e9sente une avanc\u00e9e majeure qui tient compte de nos objectifs de d\u00e9veloppement durable\u2019\u2019, a expliqu\u00e9 Oulimata Sarr, ministre de l\u2019Economie, du Plan et de la Coop\u00e9ration du S\u00e9n\u00e9gal.<\/p>\n\n\n\n<p>Les 320,4 millions d\u2019Euros repr\u00e9sentant le montant du financement est ainsi r\u00e9parti : plus de 174 milliards francs CFA, soit 266,9 millions d\u2019euros de pr\u00eats et plus de 34 milliards FCFA, soit 53,5 millions d\u2019euros de subventions.<\/p>\n\n\n\n<p>Selon Jutta Urpilainen, commissaire europ\u00e9enne aux partenariats internationaux, \u2018\u2019ce projet constitue un nouveau t\u00e9moignage tangible de la strat\u00e9gie Global Gateway en action\u2019\u2019. Elle estime qu\u2019il \u2018\u2019profitera directement aux habitants de Dakar, car il am\u00e9liorera la qualit\u00e9 des transports publics abordables, r\u00e9duira la pollution de l\u2019air et rendra la ville plus agr\u00e9able \u00e0 vivre\u2019\u2019. En outre, il \u2018\u2019contribuera \u00e0 la transition verte du S\u00e9n\u00e9gal et \u00e0 la protection de l\u2019environnement et du climat\u2019\u2019, a-t-elle dit.<\/p>\n\n\n\n<p>Ce soutien financier servira principalement \u00e0 la restructuration du r\u00e9seau de bus de Dakar. Il concerne 14 lignes prioritaires et comprend l\u2019acquisition de 380 bus, la construction de deux d\u00e9p\u00f4ts, l\u2019installation d\u2019une billetterie et de syst\u00e8mes de gestion et de contr\u00f4le du r\u00e9seau, ainsi que la construction de 30 km de routes. L\u2019investissement apportera \u00e9galement un soutien institutionnel au CETUD, la r\u00e9gie des transports publics de Dakar.<\/p>\n\n\n\n<p>Le projet a \u00e9t\u00e9 annonc\u00e9 \u00e0 l\u2019occasion du premier Forum BEI au Luxembourg par Oulimata Sarr, ministre de l\u2019Economie, du Plan et de la Coop\u00e9ration du S\u00e9n\u00e9gal, Ambroise Fayolle, vice-pr\u00e9sident de la BEI, Koen Doens, directeur g\u00e9n\u00e9ral du d\u00e9partement Partenariats internationaux de la Commission europ\u00e9enne, Papa Amadou Sarr, directeur ex\u00e9cutif \u00e0 l\u2019AFD, Andr\u00e9 Ahlert, directeur de la strat\u00e9gie et des instruments financiers \u00e0 la KfW, et Markus Berndt, Directeur ex\u00e9cutif faisant fonction de BEI Monde.<\/p>\n\n\n\n<p>Le projet Global Gateway est men\u00e9 par la Banque europ\u00e9enne d\u2019investissement, avec le soutien de la Commission europ\u00e9enne, de l\u2019Agence fran\u00e7aise de d\u00e9veloppement (AFD) et de la KfW, Banque de d\u00e9veloppement pour le compte du minist\u00e8re f\u00e9d\u00e9ral allemand de la coop\u00e9ration \u00e9conomique et du d\u00e9veloppement.<\/p>\n","protected":false},"excerpt":{"rendered":"<p>(APS) \u2013 L\u2019\u00c9quipe Europe (Team Europe) va investir environ 200 milliards francs CFA (plus de 320 millions d\u2019euros) \u2018\u2019\u00e0 l\u2019appui<\/p>\n","protected":false},"author":1,"featured_media":6437,"comment_status":"open","ping_status":"open","sticky":false,"template":"","format":"standard","meta":{"footnotes":""},"categories":[3],"tags":[],"class_list":["post-7854","post","type-post","status-publish","format-standard","has-post-thumbnail","hentry","category-event-more-news"],"_links":{"self":[{"href":"https:\/\/dekkbi.com\/index.php?rest_route=\/wp\/v2\/posts\/7854","targetHints":{"allow":["GET"]}}],"collection":[{"href":"https:\/\/dekkbi.com\/index.php?rest_route=\/wp\/v2\/posts"}],"about":[{"href":"https:\/\/dekkbi.com\/index.php?rest_route=\/wp\/v2\/types\/post"}],"author":[{"embeddable":true,"href":"https:\/\/dekkbi.com\/index.php?rest_route=\/wp\/v2\/users\/1"}],"replies":[{"embeddable":true,"href":"https:\/\/dekkbi.com\/index.php?rest_route=%2Fwp%2Fv2%2Fcomments&post=7854"}],"version-history":[{"count":1,"href":"https:\/\/dekkbi.com\/index.php?rest_route=\/wp\/v2\/posts\/7854\/revisions"}],"predecessor-version":[{"id":7855,"href":"https:\/\/dekkbi.com\/index.php?rest_route=\/wp\/v2\/posts\/7854\/revisions\/7855"}],"wp:featuredmedia":[{"embeddable":true,"href":"https:\/\/dekkbi.com\/index.php?rest_route=\/wp\/v2\/media\/6437"}],"wp:attachment":[{"href":"https:\/\/dekkbi.com\/index.php?rest_route=%2Fwp%2Fv2%2Fmedia&parent=7854"}],"wp:term":[{"taxonomy":"category","embeddable":true,"href":"https:\/\/dekkbi.com\/index.php?rest_route=%2Fwp%2Fv2%2Fcategories&post=7854"},{"taxonomy":"post_tag","embeddable":true,"href":"https:\/\/dekkbi.com\/index.php?rest_route=%2Fwp%2Fv2%2Ftags&post=7854"}],"curies":[{"name":"wp","href":"https:\/\/api.w.org\/{rel}","templated":true}]}}