{"id":7845,"date":"2023-03-02T11:03:09","date_gmt":"2023-03-02T11:03:09","guid":{"rendered":"https:\/\/dekkbi.com\/?p=7845"},"modified":"2023-03-02T16:46:37","modified_gmt":"2023-03-02T16:46:37","slug":"aeroport-international-ahmed-sekou-toure-le-colonel-doumbouya-accueille-ses-compatriotes-guineens-venant-de-la-tunisie","status":"publish","type":"post","link":"https:\/\/dekkbi.com\/?p=7845","title":{"rendered":"GUINEE &#8211; le Colonel Doumbouya accueille ses compatriotes venant de la Tunisie"},"content":{"rendered":"\n<p>Le Pr\u00e9sident de la Transition, Chef de l\u2019Etat, le Colonel Mamadi Doumbouya, s\u2019est rendu ce mercredi 1er mars \u00e0 l\u2019A\u00e9roport International Ahmed S\u00e9kou Tour\u00e9 pour accueillir ses compatriotes guin\u00e9ens venant de la Tunisie. Le Chef de l\u2019Etat a tenu \u00e0 faire lui-m\u00eame le d\u00e9placement pour leur t\u00e9moigner de vive voix que les autorit\u00e9s suivent de pr\u00e8s leur situation depuis les d\u00e9clarations tenues au plus haut sommet de l&rsquo;Etat tunisien.<\/p>\n\n\n\n<p>Les Guin\u00e9ens, bien que fatigu\u00e9s \u00e9taient toujours tous fiers de leur arriv\u00e9e et la pr\u00e9sence \u00e0 l\u2019a\u00e9roport de leurs dirigeants leur a mis du baume au c\u0153ur et leur a fait oublier le traumatisme li\u00e9 aux convulsions de ces derniers jours en Tunisie.<\/p>\n\n\n\n<p>Le Pr\u00e9sident de la Transition \u00e9tait en effet en compagnie du Premier ministre, Chef du Gouvernement, Dr Bernard Goumou, du ministre Secr\u00e9taire G\u00e9n\u00e9ral, le Colonel Amara Camara, et du Ministre Directeur de Cabinet, Djiba Diakite ainsi que plusieurs autres membres de l\u2019\u00e9quipe gouvernementale et du chef d&rsquo;\u00e9tat-major g\u00e9n\u00e9ral des Arm\u00e9es. Ce d\u00e9placement de haut niveau de l\u2019appareil d\u2019Etat guin\u00e9en n\u2019a pas manqu\u00e9 de donner la mesure de l\u2019importance que les plus hautes autorit\u00e9s accordent \u00e0 la situation de nos compatriotes \u00e0 l\u2019Ext\u00e9rieur.<\/p>\n\n\n\n<p>Le Chef de l\u2019Etat, satisfait de constater que ses compatriotes ont ralli\u00e9 Conakry sans encombre, a rappel\u00e9 son attachement aux id\u00e9aux de panafricanisme, de rassemblement et d\u2019entraide entre tous les peuples africains qu\u2019ils soient noirs ou blancs. Il a esp\u00e9r\u00e9 que cet esprit soit compris par tous les dirigeants du continent afin de faire de l\u2019Afrique une entit\u00e9 une et indivisible. Car, ajoute-t-il \u00ab\u00a0cette situation qui vient de se passer en Tunisie n&rsquo;est ni normal ni acceptable en 2023.\u00a0\u00bb Il a regrett\u00e9 que cet esprit de panafricanisme en lequel il croit fermement tarde encore \u00e0 habiter tout le monde, mais dit avoir n\u00e9anmoins foi en la capacit\u00e9 de transformation positive de l\u2019\u00eatre humain.<\/p>\n\n\n\n<p><br>Sc\u00e8ne triste et poignante de cet accueil, c\u2019est quand le Chef de l\u2019Etat a montr\u00e9 son \u00e9motion et sa compassion en prenant dans ses bras un b\u00e9b\u00e9 \u00e2g\u00e9 de quelques mois d\u2019une compatriote oblig\u00e9e de fuir la Tunisie. Une image que tous les membres de la d\u00e9l\u00e9gation venus \u00e0 l\u2019a\u00e9roport emporteront cette nuit dans leurs chaumi\u00e8res.<br>Ce premier convoi de Guin\u00e9ens en appelle d\u2019autres, puisque le Colonel a ouvert directement un pont a\u00e9rien entre la Guin\u00e9e et la Tunisie pour tous les compatriotes d\u00e9sireux de rentrer au pays.<br>Le rapatriement des Guin\u00e9ens de la Tunisie est un autre exemple de r\u00e9activit\u00e9 qui vient prouver l\u2019attachement du Pr\u00e9sident de la Transition en l\u2019endroit de tous ses compatriotes en difficult\u00e9 hors de nos fronti\u00e8res.<\/p>\n\n\n\n<figure class=\"wp-block-image\"><a href=\"javascript:void(0)\"><img decoding=\"async\" src=\"https:\/\/www.leral.net\/photo\/art\/default\/71146906-49587393.jpg?v=1677720227\" alt=\"A\u00e9roport International Ahmed S\u00e9kou Tour\u00e9n le Colonel Doumbouya accueille ses compatriotes guin\u00e9ens venant de la Tunisie\" title=\"A\u00e9roport International Ahmed S\u00e9kou Tour\u00e9n le Colonel Doumbouya accueille ses compatriotes guin\u00e9ens venant de la Tunisie\"\/><\/a><\/figure>\n\n\n\n<figure class=\"wp-block-image\"><a href=\"javascript:void(0)\"><img decoding=\"async\" src=\"https:\/\/www.leral.net\/photo\/art\/default\/71146906-49587398.jpg?v=1677720227\" alt=\"A\u00e9roport International Ahmed S\u00e9kou Tour\u00e9n le Colonel Doumbouya accueille ses compatriotes guin\u00e9ens venant de la Tunisie\" title=\"A\u00e9roport International Ahmed S\u00e9kou Tour\u00e9n le Colonel Doumbouya accueille ses compatriotes guin\u00e9ens venant de la Tunisie\"\/><\/a><\/figure>\n\n\n\n<figure class=\"wp-block-image\"><a href=\"javascript:void(0)\"><img decoding=\"async\" src=\"https:\/\/www.leral.net\/photo\/art\/default\/71146906-49587402.jpg?v=1677720227\" alt=\"A\u00e9roport International Ahmed S\u00e9kou Tour\u00e9n le Colonel Doumbouya accueille ses compatriotes guin\u00e9ens venant de la Tunisie\" title=\"A\u00e9roport International Ahmed S\u00e9kou Tour\u00e9n le Colonel Doumbouya accueille ses compatriotes guin\u00e9ens venant de la Tunisie\"\/><\/a><\/figure>\n\n\n\n<figure class=\"wp-block-image\"><img decoding=\"async\" src=\"https:\/\/www.leral.net\/photo\/art\/default\/71146906-49587409.jpg?v=1677720227\" alt=\"A\u00e9roport International Ahmed S\u00e9kou Tour\u00e9n le Colonel Doumbouya accueille ses compatriotes guin\u00e9ens venant de la Tunisie\" title=\"A\u00e9roport International Ahmed S\u00e9kou Tour\u00e9n le Colonel Doumbouya accueille ses compatriotes guin\u00e9ens venant de la Tunisie\"\/><\/figure>\n","protected":false},"excerpt":{"rendered":"<p>Le Pr\u00e9sident de la Transition, Chef de l\u2019Etat, le Colonel Mamadi Doumbouya, s\u2019est rendu ce mercredi 1er mars \u00e0 l\u2019A\u00e9roport<\/p>\n","protected":false},"author":1,"featured_media":7846,"comment_status":"open","ping_status":"open","sticky":false,"template":"","format":"standard","meta":{"footnotes":""},"categories":[51],"tags":[],"class_list":["post-7845","post","type-post","status-publish","format-standard","has-post-thumbnail","hentry","category-general"],"_links":{"self":[{"href":"https:\/\/dekkbi.com\/index.php?rest_route=\/wp\/v2\/posts\/7845","targetHints":{"allow":["GET"]}}],"collection":[{"href":"https:\/\/dekkbi.com\/index.php?rest_route=\/wp\/v2\/posts"}],"about":[{"href":"https:\/\/dekkbi.com\/index.php?rest_route=\/wp\/v2\/types\/post"}],"author":[{"embeddable":true,"href":"https:\/\/dekkbi.com\/index.php?rest_route=\/wp\/v2\/users\/1"}],"replies":[{"embeddable":true,"href":"https:\/\/dekkbi.com\/index.php?rest_route=%2Fwp%2Fv2%2Fcomments&post=7845"}],"version-history":[{"count":2,"href":"https:\/\/dekkbi.com\/index.php?rest_route=\/wp\/v2\/posts\/7845\/revisions"}],"predecessor-version":[{"id":7958,"href":"https:\/\/dekkbi.com\/index.php?rest_route=\/wp\/v2\/posts\/7845\/revisions\/7958"}],"wp:featuredmedia":[{"embeddable":true,"href":"https:\/\/dekkbi.com\/index.php?rest_route=\/wp\/v2\/media\/7846"}],"wp:attachment":[{"href":"https:\/\/dekkbi.com\/index.php?rest_route=%2Fwp%2Fv2%2Fmedia&parent=7845"}],"wp:term":[{"taxonomy":"category","embeddable":true,"href":"https:\/\/dekkbi.com\/index.php?rest_route=%2Fwp%2Fv2%2Fcategories&post=7845"},{"taxonomy":"post_tag","embeddable":true,"href":"https:\/\/dekkbi.com\/index.php?rest_route=%2Fwp%2Fv2%2Ftags&post=7845"}],"curies":[{"name":"wp","href":"https:\/\/api.w.org\/{rel}","templated":true}]}}