{"id":7835,"date":"2023-03-02T08:12:10","date_gmt":"2023-03-02T08:12:10","guid":{"rendered":"https:\/\/dekkbi.com\/?p=7835"},"modified":"2023-03-02T08:12:10","modified_gmt":"2023-03-02T08:12:10","slug":"conseil-des-ministres-de-ce-mercredi-1er-mars-2023","status":"publish","type":"post","link":"https:\/\/dekkbi.com\/?p=7835","title":{"rendered":"Conseil des Ministres de ce mercredi 1er Mars 2023 ."},"content":{"rendered":"\n<p>Le Conseil des ministres s\u2019est tenu le 1er Mars 2023 \u00e0 l\u2019h\u00f4tel de ville de S\u00e9dhiou, sous la pr\u00e9sidence du Chef de l\u2019Etat, Son Excellence, Monsieur  Macky SALL <\/p>\n\n\n\n<p>A l\u2019entame de sa communication, le Pr\u00e9sident de la R\u00e9publique a adress\u00e9 ses sinc\u00e8res remerciements aux autorit\u00e9s territoriales et aux populations de la r\u00e9gion de S\u00e9dhiou, pour l\u2019accueil exceptionnel qui lui a \u00e9t\u00e9 r\u00e9serv\u00e9 dans le cadre de sa tourn\u00e9e \u00e9conomique.Le Chef de l\u2019Etat est revenu sur les inaugurations du Pont de Marsassoum d\u00e9nomm\u00e9 \u00ab Pont Famara Ibrahima SAGNA \u00bb, de l\u2019H\u00f4pital r\u00e9gional Amadou Tidiane BA, de la Centrale \u00e9lectrique (OMVG) de Tannaf, du Centre de formation professionnelle en Agroforesterie et la pose de la premi\u00e8re pierre de la Maison de la Jeunesse et de la Citoyennet\u00e9 du d\u00e9partement de Bounkiling, du lancement de la phase r\u00e9gionale du Programme sp\u00e9cial de d\u00e9senclavement, avec la r\u00e9alisation de la boucle du Pakao (sur l\u2019axe Karantaba, Kolibantang, Sar\u00e9 Tann\u00e9), entre autres activit\u00e9s qui seront compl\u00e9t\u00e9es par des rencontres avec les \u00e9lus, les chefs religieux et coutumiers, les jeunes et femmes.D\u00e8s lors, le Pr\u00e9sident de la R\u00e9publique a r\u00e9affirm\u00e9, la place primordiale de la r\u00e9gion de S\u00e9dhiou dans la territorialisation des politiques publiques \u00e0 partir du renforcement du r\u00f4le des d\u00e9partements dans l\u2019am\u00e9nagement et le d\u00e9veloppement durable des territoires, conform\u00e9ment \u00e0 l\u2019Acte III de la D\u00e9centralisation et au Plan S\u00e9n\u00e9gal Emergent (PSE).<\/p>\n\n\n\n<p>Le Chef de l\u2019Etat a rappel\u00e9 l\u2019importance de cet exercice inclusif qui a permis d\u2019aboutir \u00e0 la finalisation consensuelle d\u2019un Programme r\u00e9gional d\u2019investissements prioritaires (PIP) sur la p\u00e9riode 2023-2025 d\u2019un montant de 400 milliards de francs CFA, pour un \u00ab D\u00e9collage \u00e9conomique de S\u00e9dhiou \u00bb, \u00e0 la suite de l\u2019adoption lors de ce Conseil des ministres des dix-neuf (19) d\u00e9cisions suivantes :1. le renforcement le maillage s\u00e9curitaire et la modernisation des localit\u00e9s frontali\u00e8res de la r\u00e9gion ;2. l\u2019acc\u00e9l\u00e9ration du d\u00e9senclavement int\u00e9gral de la r\u00e9gion avec, notamment, la r\u00e9alisation de la Boucle du Pakao (axe Karantaba-Kolibantang &#8211; Sar\u00e9 Tann\u00e9) et de la boucle du Boudi\u00e9 (2\u00e8me phase), la programmation de la construction de ponts (T\u00e9mento- Bambali (d\u00e9nomm\u00e9 Balla Moussa DAFFE), Diopcounda\u2026), l\u2019am\u00e9lioration des conditions du transport fluvial et l\u2019appui au renouvellement des v\u00e9hicules de transport ;3. la consolidation de la vocation agricole de la r\u00e9gion de S\u00e9dhiou et sa place dans la souverainet\u00e9 alimentaire du S\u00e9n\u00e9gal par la relance des activit\u00e9s du Domaine agricole communautaire (DAC) de SEFA, l\u2019extension des am\u00e9nagements hydroagricoles \u00e0 travers le nouveau programme de D\u00e9veloppement Economique de la Casamance (PDEC), la mise en place de soci\u00e9t\u00e9s d\u2019intensification de la production agricole (SIPA) et le renforcement des producteurs, en mat\u00e9riels agricoles et en unit\u00e9s de stockage et de transformation de la production ;<\/p>\n\n\n\n<p>4 le d\u00e9veloppement du cheptel r\u00e9gional et l\u2019\u00e9levage, par le biais de l\u2019intensification du programme des cultures fourrag\u00e8res, du Fonds de Stabulation, des campagnes de vaccination et d\u2019ins\u00e9mination artificielle ; l\u2019am\u00e9nagement durablement les parcours de b\u00e9tail et maitriser la divagation des animaux ;<div>5. la promotion de la r\u00e9gion de S\u00e9dhiou comme Hub national en mati\u00e8re d\u2019Aquaculture et de pisciculture ; et l\u2019acc\u00e9l\u00e9ration de la r\u00e9ception fonctionnelle du quai de p\u00eache de Goudomp moderne (\u00e0 doter d\u2019un complexe et de trois (3) camions frigorifiques) ; et l\u2019installation d\u2019un march\u00e9 central au Poisson \u00e0 S\u00e9dhiou ;<\/div><\/p>\n\n\n\n<p><div>6. le d\u00e9veloppement, d\u2019un volet sp\u00e9cial de l\u2019Agropole Sud \u00e0 S\u00e9dhiou, pour l\u2019acc\u00e9l\u00e9ration de l\u2019industrialisation de la r\u00e9gion et la cr\u00e9ation d\u2019emplois locaux ;<\/div><\/p>\n\n\n\n<p><div>7. l\u2019engagement, dans les meilleurs d\u00e9lais, de la mise en \u0153uvre d\u2019un vaste programme de construction et de r\u00e9habilitation de b\u00e2timents et \u00e9difices publics (construction des sph\u00e8res administratives abritant Gouvernance, Pr\u00e9fectures, Sous-pr\u00e9fectures, et des services de l\u2019Etat\u2026) ;<\/div><\/p>\n\n\n\n<p><div>8. l\u2019acc\u00e9l\u00e9ration de l\u2019\u00e9laboration des Plans directeurs d\u2019urbanisme des communes, ainsi que le d\u00e9veloppement du projet 100.000 logements dans la r\u00e9gion avec l\u2019implication de la SN HLM et de soci\u00e9t\u00e9s immobili\u00e8res priv\u00e9es ; l\u2019accentuation des actions du Programme de Modernisation de la Gestion des D\u00e9chets (PROMOGED) en relation avec les communes;<\/div><\/p>\n\n\n\n<p><div>9. l\u2019engagement pour le renouvellement prioritaire des forages, ch\u00e2teaux d\u2019eau et r\u00e9seaux hydrauliques dans les localit\u00e9s de la r\u00e9gion et l\u2019\u00e9largissement des projets d\u2019assainissement des communes ;<\/div><\/p>\n\n\n\n<p><div>10. la programmation, \u00e0 partir de 2023, dans une premi\u00e8re phase d\u2019urgence, des am\u00e9nagements de PROMOVILLES \u00e0 Goudomp, Bounkiling et Marsassoum (au moins 5 km par commune) avec des possibilit\u00e9s d\u2019extension dans toutes les autres communes de la r\u00e9gion ;<\/div><\/p>\n\n\n\n<p><div>11. l\u2019acc\u00e9l\u00e9ration de l\u2019\u00e9lectrification des localit\u00e9s de la r\u00e9gion \u00e0 travers le PUDC, le PUMA, SENELEC et l\u2019ASER ; et la dotation de chaque commune de la r\u00e9gion, de 300 lampadaires solaires ;<\/div><\/p>\n\n\n\n<p><div>12. le renforcement de la couverture de la r\u00e9gion en services de t\u00e9l\u00e9communications (t\u00e9l\u00e9phone, internet) ;<\/div><\/p>\n\n\n\n<p>13. l\u2019engagement pour la r\u00e9habilitation aux normes de l\u2019A\u00e9rodrome de S\u00e9dhiou- Diend\u00e9 et le d\u00e9veloppement, avec le soutien de l\u2019Etat par le cr\u00e9dit h\u00f4telier, du tourisme dans la r\u00e9gion par la mise en service d\u2019\u00e9tablissements h\u00f4teliers et touristiques d\u2019envergure, notamment \u00e0 S\u00e9dhiou, Goudomp et Bounkiling ;14. l\u2019acc\u00e9l\u00e9ration de la construction d\u2019une Maison de la Jeunesse et de la Citoyennet\u00e9 dans chaque d\u00e9partement (S\u00e9dhiou, Bounkiling et Goudomp) et la finalisation, dans les meilleurs d\u00e9lais, du Stade municipal et du Stade r\u00e9gional de S\u00e9dhiou et la programmation de la construction des stades d\u00e9partementaux de Goudomp et Bounkiling ;<\/p>\n\n\n\n<p>15. la finalisation des travaux du Lyc\u00e9e d\u2019Excellence de S\u00e9dhiou et l\u2019\u00e9dification de l\u2019ISEP de S\u00e9dhiou ainsi que l\u2019acc\u00e9l\u00e9ration de la construction de salles de classes, de coll\u00e8ges et de Lyc\u00e9es dans une logique d\u2019optimisation de la carte scolaire et de r\u00e9sorption des abris provisoires, ainsi que le soutien aux Daaras de la r\u00e9gion \u00e0 partir d\u2019une cartographie pr\u00e9cise ;<\/p>\n\n\n\n<p>16. l\u2019\u00e9dification d\u2019un Centre de formation professionnelle dans chaque d\u00e9partement (S\u00e9dhiou, Bounkiling et Goudomp) ; l\u2019intensification des formations du 3FPT et des financements de la DERFJ dans chaque d\u00e9partement et le recrutement sp\u00e9cial XEYU NDAW NI avec 100 jeunes suppl\u00e9mentaires au moins par d\u00e9partement ; la construction des Maisons de la femme ;<div>17. le d\u00e9veloppement de l\u2019Artisanat avec la r\u00e9alisation de villages artisanaux et de zones artisanales \u00e0 S\u00e9dhiou, Goudomp et Bounkiling, la pr\u00e9servation et la valorisation du patrimoine historique, des potentialit\u00e9s culturelles et des \u00e9cosyst\u00e8mes (for\u00eats, cours d\u2019eau et r\u00e9serves naturelles) de la r\u00e9gion ; la programmation des travaux de r\u00e9cup\u00e9ration des terres sal\u00e9es des vall\u00e9es et le dragage r\u00e9gulier du Fleuve Casamance ;<\/div><div>18. le renforcement des structures sanitaires de la r\u00e9gion en ressources humaines, \u00e9quipements m\u00e9dicaux et ambulances, en compl\u00e9mentarit\u00e9 avec l\u2019h\u00f4pital r\u00e9gional Amadou Tidiane BA de S\u00e9dhiou et la poursuite du processus d\u2019\u00e9rection des centres de sant\u00e9 de Goudomp et de Bounkiling en EPS de niveau 1 et la cr\u00e9ation des centres de sant\u00e9 de Marsassoum et de Tanaff;<\/div><div>19. la mise en \u0153uvre d\u2019un programme sp\u00e9cial d\u2019appui et\/ou de modernisation des cit\u00e9s religieuses et lieux de culte de la r\u00e9gion ;<\/div><\/p>\n\n\n\n<p><\/p>\n","protected":false},"excerpt":{"rendered":"<p>Le Conseil des ministres s\u2019est tenu le 1er Mars 2023 \u00e0 l\u2019h\u00f4tel de ville de S\u00e9dhiou, sous la pr\u00e9sidence du<\/p>\n","protected":false},"author":1,"featured_media":7735,"comment_status":"open","ping_status":"open","sticky":false,"template":"","format":"standard","meta":{"footnotes":""},"categories":[6],"tags":[],"class_list":["post-7835","post","type-post","status-publish","format-standard","has-post-thumbnail","hentry","category-politics"],"_links":{"self":[{"href":"https:\/\/dekkbi.com\/index.php?rest_route=\/wp\/v2\/posts\/7835","targetHints":{"allow":["GET"]}}],"collection":[{"href":"https:\/\/dekkbi.com\/index.php?rest_route=\/wp\/v2\/posts"}],"about":[{"href":"https:\/\/dekkbi.com\/index.php?rest_route=\/wp\/v2\/types\/post"}],"author":[{"embeddable":true,"href":"https:\/\/dekkbi.com\/index.php?rest_route=\/wp\/v2\/users\/1"}],"replies":[{"embeddable":true,"href":"https:\/\/dekkbi.com\/index.php?rest_route=%2Fwp%2Fv2%2Fcomments&post=7835"}],"version-history":[{"count":1,"href":"https:\/\/dekkbi.com\/index.php?rest_route=\/wp\/v2\/posts\/7835\/revisions"}],"predecessor-version":[{"id":7836,"href":"https:\/\/dekkbi.com\/index.php?rest_route=\/wp\/v2\/posts\/7835\/revisions\/7836"}],"wp:featuredmedia":[{"embeddable":true,"href":"https:\/\/dekkbi.com\/index.php?rest_route=\/wp\/v2\/media\/7735"}],"wp:attachment":[{"href":"https:\/\/dekkbi.com\/index.php?rest_route=%2Fwp%2Fv2%2Fmedia&parent=7835"}],"wp:term":[{"taxonomy":"category","embeddable":true,"href":"https:\/\/dekkbi.com\/index.php?rest_route=%2Fwp%2Fv2%2Fcategories&post=7835"},{"taxonomy":"post_tag","embeddable":true,"href":"https:\/\/dekkbi.com\/index.php?rest_route=%2Fwp%2Fv2%2Ftags&post=7835"}],"curies":[{"name":"wp","href":"https:\/\/api.w.org\/{rel}","templated":true}]}}