{"id":78186,"date":"2026-09-04T15:07:30","date_gmt":"2026-09-04T15:07:30","guid":{"rendered":"https:\/\/dekkbi.com\/?p=78186"},"modified":"2026-09-04T15:07:35","modified_gmt":"2026-09-04T15:07:35","slug":"blesse-avec-son-club-habib-diarra-absent-pour-le-debut-de-lere-vieira","status":"publish","type":"post","link":"https:\/\/dekkbi.com\/?p=78186","title":{"rendered":"Bless\u00e9 avec son club, Habib DIARRA absent pour le d\u00e9but de l\u2019\u00e8re VIEIRA"},"content":{"rendered":"\n<p class=\"wp-block-paragraph\">Nouveau coup dur pour Habib DIARRA. Le milieu de terrain s\u00e9n\u00e9galais de Sunderland sera \u00e9loign\u00e9 des terrains pendant six \u00e0 huit semaines, a confirm\u00e9 son entra\u00eeneur R\u00e9gis LE BRIS.<\/p>\n\n\n\n<p class=\"wp-block-paragraph\">Le joueur de 21 ans s\u2019est bless\u00e9 aux ischio-jambiers lors de la victoire de Sunderland contre Fulham (1-0), le week-end dernier. Entr\u00e9 en cours de jeu, il avait d\u00e9livr\u00e9 une passe d\u00e9cisive \u00e0 Wilson ISIDOR avant de quitter ses partenaires apr\u00e8s avoir ressenti une douleur.<\/p>\n\n\n\n<p class=\"wp-block-paragraph\">Cette blessure intervient alors que Habib DIARRA commen\u00e7ait \u00e0 s\u2019imposer dans les plans de son entra\u00eeneur. \u00ab Habib sera absent pendant environ six \u00e0 huit semaines \u00bb, a indiqu\u00e9 R\u00e9gis LE BRIS, soulignant \u00e9galement les progr\u00e8s du jeune milieu de terrain.<\/p>\n\n\n\n<p class=\"wp-block-paragraph\">Son retour \u00e9tant esp\u00e9r\u00e9 au d\u00e9but du mois d\u2019octobre, Habib DIARRA devrait manquer la premi\u00e8re liste de Patrick VIEIRA, nouveau s\u00e9lectionneur des Lions. Il devrait ainsi \u00eatre absent pour les deux premi\u00e8res journ\u00e9es des \u00e9liminatoires de la CAN 2027, face au Mozambique et \u00e0 l\u2019\u00c9thiopie.<\/p>\n\n\n\n<p class=\"wp-block-paragraph\">Les Lions recevront le Mozambique \u00e0 Dakar le 23 septembre avant de se d\u00e9placer \u00e0 Addis-Abeba le 27 septembre.<\/p>\n\n\n\n<p class=\"wp-block-paragraph\"><strong>Babacar NGOM<\/strong><\/p>\n\n\n\n<p class=\"wp-block-paragraph\">WALFADJRI<\/p>\n","protected":false},"excerpt":{"rendered":"<p>Nouveau coup dur pour Habib DIARRA. Le milieu de terrain s\u00e9n\u00e9galais de Sunderland sera \u00e9loign\u00e9 des terrains pendant six \u00e0<\/p>\n","protected":false},"author":1,"featured_media":41429,"comment_status":"open","ping_status":"open","sticky":false,"template":"","format":"standard","meta":{"footnotes":""},"categories":[9],"tags":[],"class_list":["post-78186","post","type-post","status-publish","format-standard","has-post-thumbnail","hentry","category-sports"],"_links":{"self":[{"href":"https:\/\/dekkbi.com\/index.php?rest_route=\/wp\/v2\/posts\/78186","targetHints":{"allow":["GET"]}}],"collection":[{"href":"https:\/\/dekkbi.com\/index.php?rest_route=\/wp\/v2\/posts"}],"about":[{"href":"https:\/\/dekkbi.com\/index.php?rest_route=\/wp\/v2\/types\/post"}],"author":[{"embeddable":true,"href":"https:\/\/dekkbi.com\/index.php?rest_route=\/wp\/v2\/users\/1"}],"replies":[{"embeddable":true,"href":"https:\/\/dekkbi.com\/index.php?rest_route=%2Fwp%2Fv2%2Fcomments&post=78186"}],"version-history":[{"count":1,"href":"https:\/\/dekkbi.com\/index.php?rest_route=\/wp\/v2\/posts\/78186\/revisions"}],"predecessor-version":[{"id":78187,"href":"https:\/\/dekkbi.com\/index.php?rest_route=\/wp\/v2\/posts\/78186\/revisions\/78187"}],"wp:featuredmedia":[{"embeddable":true,"href":"https:\/\/dekkbi.com\/index.php?rest_route=\/wp\/v2\/media\/41429"}],"wp:attachment":[{"href":"https:\/\/dekkbi.com\/index.php?rest_route=%2Fwp%2Fv2%2Fmedia&parent=78186"}],"wp:term":[{"taxonomy":"category","embeddable":true,"href":"https:\/\/dekkbi.com\/index.php?rest_route=%2Fwp%2Fv2%2Fcategories&post=78186"},{"taxonomy":"post_tag","embeddable":true,"href":"https:\/\/dekkbi.com\/index.php?rest_route=%2Fwp%2Fv2%2Ftags&post=78186"}],"curies":[{"name":"wp","href":"https:\/\/api.w.org\/{rel}","templated":true}]}}