{"id":78184,"date":"2026-09-04T15:05:50","date_gmt":"2026-09-04T15:05:50","guid":{"rendered":"https:\/\/dekkbi.com\/?p=78184"},"modified":"2026-09-04T15:05:53","modified_gmt":"2026-09-04T15:05:53","slug":"accord-avec-le-fmi-dette-austerite-et-2029-lapr-hausse-le-ton-et-se-pose-en-alternative","status":"publish","type":"post","link":"https:\/\/dekkbi.com\/?p=78184","title":{"rendered":"Accord avec le FMI, dette, aust\u00e9rit\u00e9 et 2029 : l\u2019APR hausse le ton et se pose en \u00ab alternative \u00bb"},"content":{"rendered":"\n<p class=\"wp-block-paragraph\">Le Secr\u00e9tariat ex\u00e9cutif national (SEN) de l\u2019Alliance pour la R\u00e9publique (APR) s\u2019est r\u00e9uni ce jeudi 3 septembre 2026 pour examiner la situation nationale. Dans une d\u00e9claration particuli\u00e8rement offensive, l\u2019ancien parti au pouvoir s\u2019est prononc\u00e9 sur l\u2019accord conclu avec le FMI, la situation \u00e9conomique du pays, mais aussi sur son propre avenir politique en perspective de 2029.<\/p>\n\n\n\n<p class=\"wp-block-paragraph\">Sur l\u2019accord trouv\u00e9 entre le S\u00e9n\u00e9gal et le Fonds mon\u00e9taire international (FMI), l\u2019APR dit en prendre acte, tout en d\u00e9cochant ses premi\u00e8res fl\u00e8ches contre la gestion \u00e9conomique du pouvoir actuel. Le parti estime que cet accord intervient apr\u00e8s \u00ab plus de deux ann\u00e9es \u00bb de tergiversations et de gestion qu\u2019il qualifie d\u2019erratique des finances publiques. Pour l\u2019APR, cette nouvelle donne d\u00e9montre \u00e9galement que \u00ab la rengaine souverainiste \u00bb ne peut remplacer une v\u00e9ritable politique \u00e9conomique.<\/p>\n\n\n\n<p class=\"wp-block-paragraph\">Dette : l\u2019APR conteste toujours les 132 % du PIB<\/p>\n\n\n\n<p class=\"wp-block-paragraph\">L\u2019un des passages les plus politiques de la d\u00e9claration concerne la question de la dette. L\u2019APR consid\u00e8re que le d\u00e9bat autour de la \u00ab dette cach\u00e9e \u00bb est d\u00e9sormais enterr\u00e9 et y voit la confirmation de sa th\u00e8se selon laquelle cette affaire relevait davantage d\u2019une construction politique que d\u2019une r\u00e9alit\u00e9 \u00e9conomique.<\/p>\n\n\n\n<p class=\"wp-block-paragraph\">Le parti maintient notamment sa contestation du chiffre de 132 % du PIB et r\u00e9clame une nouvelle fois la publication du rapport de l\u2019Inspection g\u00e9n\u00e9rale des finances (IGF), du rapport provisoire de la Cour des comptes et du rapport Mazars.<\/p>\n\n\n\n<p class=\"wp-block-paragraph\">Aust\u00e9rit\u00e9 : l\u2019APR met en garde le gouvernement<\/p>\n\n\n\n<p class=\"wp-block-paragraph\">Le SEN demande \u00e9galement au gouvernement de faire preuve de transparence sur le Plan de Traitement de la Dette du S\u00e9n\u00e9gal (PTDS) et surtout de renoncer \u00e0 toute mesure d\u2019aust\u00e9rit\u00e9 qui p\u00e8serait davantage sur les populations.<\/p>\n\n\n\n<p class=\"wp-block-paragraph\">L\u2019APR estime que les S\u00e9n\u00e9galais ont d\u00e9j\u00e0 subi les cons\u00e9quences de plus de deux ann\u00e9es de gestion qu\u2019elle juge \u00ab scandaleuse \u00bb et pointe l\u2019\u00e9chec du Plan de Redressement \u00c9conomique et Social (PRES).<\/p>\n\n\n\n<p class=\"wp-block-paragraph\">Bourses de s\u00e9curit\u00e9 familiale : \u00ab une main donne, l\u2019autre retire \u00bb<\/p>\n\n\n\n<p class=\"wp-block-paragraph\">Le parti de Macky Sall salue toutefois le r\u00e9tablissement des Bourses de s\u00e9curit\u00e9 familiale, une initiative lanc\u00e9e en 2013 sous le r\u00e9gime de Benno Bokk Yaakaar.<\/p>\n\n\n\n<p class=\"wp-block-paragraph\">Mais l\u2019APR d\u00e9nonce dans le m\u00eame temps ce qu\u2019elle qualifie de \u00ab supercherie \u00bb, estimant que ces transferts sociaux ne sauraient compenser la suppression des subventions, notamment dans le secteur de l\u2019\u00e9nergie.<\/p>\n\n\n\n<p class=\"wp-block-paragraph\">Pour le SEN, le gouvernement risque ainsi de \u00ab retirer d\u2019une main ce qu\u2019il donne par l\u2019autre \u00bb.<\/p>\n\n\n\n<p class=\"wp-block-paragraph\">Grands projets : l\u2019APR r\u00e9clame une nouvelle dynamique \u00e9conomique<\/p>\n\n\n\n<p class=\"wp-block-paragraph\">Pour l\u2019ancien parti au pouvoir, l\u2019accord avec le FMI doit d\u00e9sormais marquer le d\u00e9but d\u2019une nouvelle phase. Le gouvernement est appel\u00e9 \u00e0 acc\u00e9l\u00e9rer la relance \u00e9conomique \u00e0 travers le lancement de grands projets dans les secteurs des infrastructures routi\u00e8res, de l\u2019\u00e9nergie, de l\u2019universit\u00e9 et de la sant\u00e9.<\/p>\n\n\n\n<p class=\"wp-block-paragraph\">L\u2019APR r\u00e9clame \u00e9galement une politique sociale \u00ab ambitieuse et efficace \u00bb afin de restaurer la cr\u00e9dibilit\u00e9 du S\u00e9n\u00e9gal et de poursuivre la marche vers l\u2019\u00e9mergence.<\/p>\n\n\n\n<p class=\"wp-block-paragraph\">2029 : l\u2019APR revendique clairement son ancrage dans l\u2019opposition<\/p>\n\n\n\n<p class=\"wp-block-paragraph\">Sur le terrain politique, le message est sans ambigu\u00eft\u00e9. Le SEN r\u00e9affirme \u00ab l\u2019ancrage de l\u2019APR dans l\u2019opposition r\u00e9publicaine \u00bb et affiche d\u00e9j\u00e0 son ambition pour la pr\u00e9sidentielle de 2029.<\/p>\n\n\n\n<p class=\"wp-block-paragraph\">Le parti assure vouloir offrir une alternative aux S\u00e9n\u00e9galais et d\u00e9ment toute n\u00e9gociation souterraine ou toute man\u0153uvre politique. Vente de cartes, installation de comit\u00e9s et op\u00e9rations de mobilisation sont pr\u00e9sent\u00e9es comme les principaux leviers de la pr\u00e9paration de la reconqu\u00eate du pouvoir.<\/p>\n\n\n\n<p class=\"wp-block-paragraph\">D\u00e9parts : l\u2019APR promet le remplacement des d\u00e9missionnaires<\/p>\n\n\n\n<p class=\"wp-block-paragraph\">Autre message fort : l\u2019APR entend tourner rapidement la page des d\u00e9parts enregistr\u00e9s dans ses rangs. Le SEN annonce le remplacement \u00ab sans d\u00e9lai \u00bb de tous ceux qui ont quitt\u00e9 le parti, tout en appelant \u00e0 une remobilisation des militants.<\/p>\n\n\n\n<p class=\"wp-block-paragraph\">Dans le m\u00eame registre, l\u2019APR salue les \u00e9lus locaux qui, selon elle, ont choisi de rester fid\u00e8les au parti malgr\u00e9 les pressions et les tentatives de d\u00e9bauchage qu\u2019elle attribue au pouvoir.<\/p>\n\n\n\n<p class=\"wp-block-paragraph\">Des d\u00e9l\u00e9gations dans les d\u00e9partements pour pr\u00e9parer la reconqu\u00eate<\/p>\n\n\n\n<p class=\"wp-block-paragraph\">Pour concr\u00e9tiser cette nouvelle dynamique, le parti annonce l\u2019envoi de d\u00e9l\u00e9gations dans les diff\u00e9rents d\u00e9partements du pays. Objectif affich\u00e9 : r\u00e9affirmer son positionnement dans l\u2019opposition et commencer \u00e0 construire une alternative politique \u00ab ambitieuse et r\u00e9aliste \u00bb.<\/p>\n\n\n\n<p class=\"wp-block-paragraph\">\u00c0 trois ans de la prochaine pr\u00e9sidentielle, l\u2019APR estime que les mois \u00e0 venir seront d\u00e9cisifs. Le parti entend donc se donner les moyens de pr\u00e9parer ce qu\u2019il pr\u00e9sente comme un nouveau d\u00e9part pour le S\u00e9n\u00e9gal.<\/p>\n\n\n\n<p class=\"wp-block-paragraph\">Une chose est d\u00e9sormais claire : apr\u00e8s avoir perdu le pouvoir en 2024, l\u2019APR veut d\u00e9montrer qu\u2019elle n\u2019a pas perdu la bataille politique. La d\u00e9claration du SEN du 3 septembre sonne ainsi comme un signal de remobilisation, avec un cap clairement affich\u00e9 : reconqu\u00e9rir le pouvoir en 2029.<\/p>\n\n\n\n<p class=\"wp-block-paragraph\">SOURCE DAKARACTU<\/p>\n","protected":false},"excerpt":{"rendered":"<p>Le Secr\u00e9tariat ex\u00e9cutif national (SEN) de l\u2019Alliance pour la R\u00e9publique (APR) s\u2019est r\u00e9uni ce jeudi 3 septembre 2026 pour examiner<\/p>\n","protected":false},"author":1,"featured_media":78032,"comment_status":"open","ping_status":"open","sticky":false,"template":"","format":"standard","meta":{"footnotes":""},"categories":[6],"tags":[],"class_list":["post-78184","post","type-post","status-publish","format-standard","has-post-thumbnail","hentry","category-politics"],"_links":{"self":[{"href":"https:\/\/dekkbi.com\/index.php?rest_route=\/wp\/v2\/posts\/78184","targetHints":{"allow":["GET"]}}],"collection":[{"href":"https:\/\/dekkbi.com\/index.php?rest_route=\/wp\/v2\/posts"}],"about":[{"href":"https:\/\/dekkbi.com\/index.php?rest_route=\/wp\/v2\/types\/post"}],"author":[{"embeddable":true,"href":"https:\/\/dekkbi.com\/index.php?rest_route=\/wp\/v2\/users\/1"}],"replies":[{"embeddable":true,"href":"https:\/\/dekkbi.com\/index.php?rest_route=%2Fwp%2Fv2%2Fcomments&post=78184"}],"version-history":[{"count":1,"href":"https:\/\/dekkbi.com\/index.php?rest_route=\/wp\/v2\/posts\/78184\/revisions"}],"predecessor-version":[{"id":78185,"href":"https:\/\/dekkbi.com\/index.php?rest_route=\/wp\/v2\/posts\/78184\/revisions\/78185"}],"wp:featuredmedia":[{"embeddable":true,"href":"https:\/\/dekkbi.com\/index.php?rest_route=\/wp\/v2\/media\/78032"}],"wp:attachment":[{"href":"https:\/\/dekkbi.com\/index.php?rest_route=%2Fwp%2Fv2%2Fmedia&parent=78184"}],"wp:term":[{"taxonomy":"category","embeddable":true,"href":"https:\/\/dekkbi.com\/index.php?rest_route=%2Fwp%2Fv2%2Fcategories&post=78184"},{"taxonomy":"post_tag","embeddable":true,"href":"https:\/\/dekkbi.com\/index.php?rest_route=%2Fwp%2Fv2%2Ftags&post=78184"}],"curies":[{"name":"wp","href":"https:\/\/api.w.org\/{rel}","templated":true}]}}