{"id":78182,"date":"2026-09-04T15:04:24","date_gmt":"2026-09-04T15:04:24","guid":{"rendered":"https:\/\/dekkbi.com\/?p=78182"},"modified":"2026-09-04T15:04:25","modified_gmt":"2026-09-04T15:04:25","slug":"police-la-cour-supreme-suspend-le-licenciement-deleves-agents-de-police-de-la-49e-promotion","status":"publish","type":"post","link":"https:\/\/dekkbi.com\/?p=78182","title":{"rendered":"Police :\u00a0la Cour supr\u00eame suspend le licenciement d\u2019\u00e9l\u00e8ves agents de police de la 49e promotion"},"content":{"rendered":"\n<p class=\"wp-block-paragraph\">La Cour supr\u00eame a ordonn\u00e9 la suspension de l\u2019ex\u00e9cution de la d\u00e9cision minist\u00e9rielle portant licenciement d\u2019\u00e9l\u00e8ves agents de la Police nationale, rendant ainsi gain de cause aux requ\u00e9rants dans le cadre d\u2019une proc\u00e9dure en r\u00e9f\u00e9r\u00e9-suspension.<\/p>\n\n\n\n<p class=\"wp-block-paragraph\">Selon l\u2019ordonnance rendue publique le 31 ao\u00fbt 2026 par le juge des r\u00e9f\u00e9r\u00e9s de la chambre administrative, la juridiction suspend\u00a0la d\u00e9cision n\u00b0011667 du 22 mai 2026 prise par le Ministre de l\u2019Int\u00e9rieur et de la S\u00e9curit\u00e9 publique.\u00a0<\/p>\n\n\n\n<p class=\"wp-block-paragraph\">Cette mesure administrative visait le licenciement d\u2019\u00e9l\u00e8ves agents de police issus de la 49\u1d49 promotion de la Police nationale, sanctionn\u00e9s pour\u00a0<em>\u00ab absence irr\u00e9guli\u00e8re et inobservation du r\u00e8glement int\u00e9rieur \u00bb.<\/em><\/p>\n\n\n\n<p class=\"wp-block-paragraph\">Saisie par un groupe d\u2019\u00e9l\u00e8ves agents (dont Katy&nbsp;CAMARA, Rose Marie&nbsp;SECK, Sokhna Baly&nbsp;COLY&nbsp;et plusieurs de leurs coll\u00e8gues), la haute juridiction a retenu l\u2019existence d\u2019une urgence et d\u2019un doute s\u00e9rieux quant \u00e0 la l\u00e9galit\u00e9 de l\u2019acte attaqu\u00e9.<\/p>\n\n\n\n<p class=\"wp-block-paragraph\">La Cour a estim\u00e9 que l\u2019ex\u00e9cution de la mesure de licenciement entra\u00eenait une&nbsp;<em>\u00ab rupture d\u00e9finitive de la carri\u00e8re des requ\u00e9rants \u00bb&nbsp;<\/em>ainsi qu\u2019un pr\u00e9judice grave marqu\u00e9 par la privation de leur statut professionnel et de leurs r\u00e9mun\u00e9rations.&nbsp;<\/p>\n\n\n\n<p class=\"wp-block-paragraph\">Elle a \u00e9galement relev\u00e9 des manquements dans la proc\u00e9dure disciplinaire appliqu\u00e9e \u00e0 ces agents issus du concours professionnel, soulignant que la sanction pr\u00e9vue pour leur cas \u00e9tait la perte de la vocation \u00e0 nomination et la r\u00e9int\u00e9gration imm\u00e9diate dans leur administration d\u2019origine, et non un licenciement sans formalit\u00e9.<\/p>\n\n\n\n<p class=\"wp-block-paragraph\">Le parquet g\u00e9n\u00e9ral avait \u00e9galement conclu \u00e0 la suspension de la d\u00e9cision minist\u00e9rielle.<\/p>\n\n\n\n<p class=\"wp-block-paragraph\"><strong>Liboire SAGNA<\/strong><br>WALFADJRI<\/p>\n","protected":false},"excerpt":{"rendered":"<p>La Cour supr\u00eame a ordonn\u00e9 la suspension de l\u2019ex\u00e9cution de la d\u00e9cision minist\u00e9rielle portant licenciement d\u2019\u00e9l\u00e8ves agents de la Police<\/p>\n","protected":false},"author":1,"featured_media":24508,"comment_status":"open","ping_status":"open","sticky":false,"template":"","format":"standard","meta":{"footnotes":""},"categories":[21],"tags":[],"class_list":["post-78182","post","type-post","status-publish","format-standard","has-post-thumbnail","hentry","category-societe"],"_links":{"self":[{"href":"https:\/\/dekkbi.com\/index.php?rest_route=\/wp\/v2\/posts\/78182","targetHints":{"allow":["GET"]}}],"collection":[{"href":"https:\/\/dekkbi.com\/index.php?rest_route=\/wp\/v2\/posts"}],"about":[{"href":"https:\/\/dekkbi.com\/index.php?rest_route=\/wp\/v2\/types\/post"}],"author":[{"embeddable":true,"href":"https:\/\/dekkbi.com\/index.php?rest_route=\/wp\/v2\/users\/1"}],"replies":[{"embeddable":true,"href":"https:\/\/dekkbi.com\/index.php?rest_route=%2Fwp%2Fv2%2Fcomments&post=78182"}],"version-history":[{"count":1,"href":"https:\/\/dekkbi.com\/index.php?rest_route=\/wp\/v2\/posts\/78182\/revisions"}],"predecessor-version":[{"id":78183,"href":"https:\/\/dekkbi.com\/index.php?rest_route=\/wp\/v2\/posts\/78182\/revisions\/78183"}],"wp:featuredmedia":[{"embeddable":true,"href":"https:\/\/dekkbi.com\/index.php?rest_route=\/wp\/v2\/media\/24508"}],"wp:attachment":[{"href":"https:\/\/dekkbi.com\/index.php?rest_route=%2Fwp%2Fv2%2Fmedia&parent=78182"}],"wp:term":[{"taxonomy":"category","embeddable":true,"href":"https:\/\/dekkbi.com\/index.php?rest_route=%2Fwp%2Fv2%2Fcategories&post=78182"},{"taxonomy":"post_tag","embeddable":true,"href":"https:\/\/dekkbi.com\/index.php?rest_route=%2Fwp%2Fv2%2Ftags&post=78182"}],"curies":[{"name":"wp","href":"https:\/\/api.w.org\/{rel}","templated":true}]}}