{"id":78177,"date":"2026-09-04T15:00:47","date_gmt":"2026-09-04T15:00:47","guid":{"rendered":"https:\/\/dekkbi.com\/?p=78177"},"modified":"2026-09-04T15:00:48","modified_gmt":"2026-09-04T15:00:48","slug":"e-justice-et-jokko-ak-yoon-le-ministere-de-la-justice-lance-deux-plateformes-numeriques-pour-moderniser-le-service-public-judiciaire","status":"publish","type":"post","link":"https:\/\/dekkbi.com\/?p=78177","title":{"rendered":"e-Justice et Jokko ak Yoon : le minist\u00e8re de la Justice lance deux plateformes num\u00e9riques pour moderniser le service public judiciaire"},"content":{"rendered":"\n<p class=\"wp-block-paragraph\"><a href=\"https:\/\/walf-groupe.com\/blog\/2026\/09\/04\/e-justice-et-jokko-ak-yoon-le-ministere-de-la-justice-lance-deux-plateformes-numeriques-pour-moderniser-le-service-public-judiciaire\/#\"><\/a>Le minist\u00e8re de la Justice proc\u00e8de, ce jeudi 10 septembre 2026, au lancement officiel de deux plateformes num\u00e9riques d\u00e9di\u00e9es \u00e0 l\u2019acc\u00e8s et \u00e0 la modernisation du service public de la justice, d\u00e9nomm\u00e9es \u00ab E-Justice \u00bb et \u00ab Jokko ak Yoon \u00bb.\u00a0<\/p>\n\n\n\n<p class=\"wp-block-paragraph\">\u00ab\u00a0La c\u00e9r\u00e9monie, qui se tiendra \u00e0 partir de 9 heures \u00e0 la Salle 4 du Palais de Justice de Dakar, sera pr\u00e9sid\u00e9e par le Garde des Sceaux, Me Moussa SARR, en pr\u00e9sence des acteurs judiciaires et des partenaires techniques\u00a0\u00bb, selon le communiqu\u00e9 du minist\u00e8re de la Justice.<\/p>\n\n\n\n<p class=\"wp-block-paragraph\">Ces nouvelles plateformes marquent une \u00e9tape d\u00e9cisive dans la transformation num\u00e9rique du syst\u00e8me judiciaire s\u00e9n\u00e9galais, engag\u00e9e dans la continuit\u00e9 des Assises de la justice.\u00a0<\/p>\n\n\n\n<p class=\"wp-block-paragraph\">L\u2019objectif affich\u00e9 est de \u00ab r\u00e9duire le temps de la justice \u00bb en d\u00e9congestionnant les guichets physiques et en fluidifiant le travail des professionnels du droit .<\/p>\n\n\n\n<p class=\"wp-block-paragraph\">Khadydja NDIAYE<br>WALFADJRI<\/p>\n","protected":false},"excerpt":{"rendered":"<p>Le minist\u00e8re de la Justice proc\u00e8de, ce jeudi 10 septembre 2026, au lancement officiel de deux plateformes num\u00e9riques d\u00e9di\u00e9es \u00e0<\/p>\n","protected":false},"author":1,"featured_media":77351,"comment_status":"open","ping_status":"open","sticky":false,"template":"","format":"standard","meta":{"footnotes":""},"categories":[1],"tags":[],"class_list":["post-78177","post","type-post","status-publish","format-standard","has-post-thumbnail","hentry","category-politique"],"_links":{"self":[{"href":"https:\/\/dekkbi.com\/index.php?rest_route=\/wp\/v2\/posts\/78177","targetHints":{"allow":["GET"]}}],"collection":[{"href":"https:\/\/dekkbi.com\/index.php?rest_route=\/wp\/v2\/posts"}],"about":[{"href":"https:\/\/dekkbi.com\/index.php?rest_route=\/wp\/v2\/types\/post"}],"author":[{"embeddable":true,"href":"https:\/\/dekkbi.com\/index.php?rest_route=\/wp\/v2\/users\/1"}],"replies":[{"embeddable":true,"href":"https:\/\/dekkbi.com\/index.php?rest_route=%2Fwp%2Fv2%2Fcomments&post=78177"}],"version-history":[{"count":1,"href":"https:\/\/dekkbi.com\/index.php?rest_route=\/wp\/v2\/posts\/78177\/revisions"}],"predecessor-version":[{"id":78178,"href":"https:\/\/dekkbi.com\/index.php?rest_route=\/wp\/v2\/posts\/78177\/revisions\/78178"}],"wp:featuredmedia":[{"embeddable":true,"href":"https:\/\/dekkbi.com\/index.php?rest_route=\/wp\/v2\/media\/77351"}],"wp:attachment":[{"href":"https:\/\/dekkbi.com\/index.php?rest_route=%2Fwp%2Fv2%2Fmedia&parent=78177"}],"wp:term":[{"taxonomy":"category","embeddable":true,"href":"https:\/\/dekkbi.com\/index.php?rest_route=%2Fwp%2Fv2%2Fcategories&post=78177"},{"taxonomy":"post_tag","embeddable":true,"href":"https:\/\/dekkbi.com\/index.php?rest_route=%2Fwp%2Fv2%2Ftags&post=78177"}],"curies":[{"name":"wp","href":"https:\/\/api.w.org\/{rel}","templated":true}]}}