{"id":78175,"date":"2026-09-04T14:58:12","date_gmt":"2026-09-04T14:58:12","guid":{"rendered":"https:\/\/dekkbi.com\/?p=78175"},"modified":"2026-09-04T14:58:13","modified_gmt":"2026-09-04T14:58:13","slug":"affaire-amir-abo-apres-son-non-lieu-lhomme-daffaires-annonce-des-plaintes-contre-ses-detracteurs","status":"publish","type":"post","link":"https:\/\/dekkbi.com\/?p=78175","title":{"rendered":"Affaire Amir Abo : apr\u00e8s son non-lieu, l\u2019homme d\u2019affaires annonce des plaintes contre ses d\u00e9tracteurs"},"content":{"rendered":"\n<h3 class=\"wp-block-heading\">B\u00e9n\u00e9ficiaire d\u2019une ordonnance de non-lieu total du 3\u1d49 cabinet du Pool judiciaire financier, Abo Mback\u00e9, dit \u00ab Amir Abo \u00bb, entend d\u00e9sormais engager des poursuites contre plusieurs personnes qu\u2019il accuse d\u2019avoir contribu\u00e9 \u00e0 sa mise en cause. Il affirme notamment avoir d\u00e9j\u00e0 saisi la justice contre le journaliste Babacar Tour\u00e9.<\/h3>\n\n\n\n<p class=\"wp-block-paragraph\">Apr\u00e8s avoir obtenu un non-lieu total dans la proc\u00e9dure qui le visait au Pool judiciaire financier (PJF), Abo Mback\u00e9, plus connu sous le nom d\u2019Amir Abo, annonce une riposte judiciaire.<\/p>\n\n\n\n<p class=\"wp-block-paragraph\">Dans un entretien accord\u00e9 \u00e0 L\u2019Observateur, le pr\u00e9sident de Stam Global Business affirme vouloir poursuivre ceux qu\u2019il consid\u00e8re comme responsables de sa mise en cause. \u00ab Je vais saisir la justice contre eux tous \u00bb, d\u00e9clare-t-il, annon\u00e7ant qu\u2019il entend suivre ces proc\u00e9dures avec ses avocats.<\/p>\n\n\n\n<p class=\"wp-block-paragraph\">L\u2019homme d\u2019affaires assure \u00e9galement avoir d\u00e9j\u00e0 d\u00e9pos\u00e9 une plainte contre le journaliste Babacar Tour\u00e9.<\/p>\n\n\n\n<p class=\"wp-block-paragraph\"><strong>At\u00e9pa et Babacar Tour\u00e9 directement mis en cause<br><\/strong><br>Amir Abo estime avoir \u00e9t\u00e9 victime d\u2019un \u00ab coup mont\u00e9 \u00bb et d\u2019un \u00ab acharnement \u00bb destin\u00e9s, selon lui, \u00e0 porter atteinte \u00e0 sa r\u00e9putation et \u00e0 son patrimoine.<\/p>\n\n\n\n<p class=\"wp-block-paragraph\">Il cite notamment l\u2019architecte Pierre Goudiaby At\u00e9pa et le journaliste Babacar Tour\u00e9, qu\u2019il accuse d\u2019\u00eatre \u00e0 l\u2019origine de ce qu\u2019il pr\u00e9sente comme une campagne visant sa personne.<\/p>\n\n\n\n<p class=\"wp-block-paragraph\">Ces accusations sont formul\u00e9es par Amir Abo dans le cadre de sa d\u00e9fense et devront, le cas \u00e9ch\u00e9ant, \u00eatre examin\u00e9es par les juridictions comp\u00e9tentes.<\/p>\n\n\n\n<p class=\"wp-block-paragraph\"><strong>Voir plus<\/strong><\/p>\n\n\n\n<p class=\"wp-block-paragraph\">Soutenir Une Campagne<strong><\/strong><\/p>\n\n\n\n<p class=\"wp-block-paragraph\">Emploi S\u00e9n\u00e9gal<strong><\/strong><\/p>\n\n\n\n<p class=\"wp-block-paragraph\">Faits divers<strong><\/strong><\/p>\n\n\n\n<p class=\"wp-block-paragraph\">L\u2019homme d\u2019affaires conteste \u00e9galement les interrogations concernant la propri\u00e9t\u00e9 de certains de ses biens immobiliers. Il affirme \u00eatre en mesure de produire les r\u00e9f\u00e9rences de ses titres fonciers afin, dit-il, d\u2019\u00e9tablir ses droits sur les propri\u00e9t\u00e9s concern\u00e9es.<\/p>\n\n\n\n<p class=\"wp-block-paragraph\"><strong>Des interrogations sur la saisie de ses biens<br><\/strong><br>Amir Abo revient par ailleurs sur les conditions dans lesquelles certains de ses biens auraient \u00e9t\u00e9 saisis puis restitu\u00e9s.<\/p>\n\n\n\n<p class=\"wp-block-paragraph\">Il \u00e9voque notamment une somme de 800 millions de francs CFA en esp\u00e8ces qui aurait \u00e9t\u00e9 retrouv\u00e9e \u00e0 son domicile, mais qui, selon lui, n\u2019aurait pas \u00e9t\u00e9 correctement consign\u00e9e.<\/p>\n\n\n\n<p class=\"wp-block-paragraph\">Il mentionne \u00e9galement un montant de 100 millions de francs CFA qui aurait \u00e9t\u00e9 remis \u00e0 une autre plaignante, Mame Diarra Tall. L\u2019homme d\u2019affaires affirme ne pas avoir re\u00e7u de d\u00e9charge concernant cette op\u00e9ration et demande que soient produites les pi\u00e8ces permettant d\u2019en attester.<\/p>\n\n\n\n<figure class=\"wp-block-embed\"><div class=\"wp-block-embed__wrapper\">\nhttps:\/\/googleads.g.doubleclick.net\/pagead\/ads?gdpr=0&#038;gpp_sid=-1&#038;client=ca-pub-8327310497401434&#038;output=html&#038;h=280&#038;num_ads=1&#038;adk=3297276951&#038;adf=3018447529&#038;pi=t.aa~a.1080812705~i.44~rp.1&#038;abgtt=6&#038;w=668&#038;fwrn=4&#038;fwrnh=100&#038;lmt=1788533825&#038;rafmt=1&#038;armr=3&#038;sem=mc&#038;pwprc=4754385733&#038;ad_type=text_image&#038;format=668&#215;280&#038;url=https%3A%2F%2Fwww.leral.net%2FAffaire-Amir-Abo-apres-son-non-lieu-l-homme-d-affaires-annonce-des-plaintes-contre-ses-detracteurs_a405343.html&#038;fwr=0&#038;pra=3&#038;rh=167&#038;rw=668&#038;rpe=1&#038;resp_fmts=3&#038;aiof=11&#038;asro=0&#038;aimartd=4&#038;aieuf=1&#038;aicrs=1&#038;fa=27&#038;uach=WyJXaW5kb3dzIiwiMTAuMC4wIiwieDg2IiwiIiwiMTUyLjAuNDE5MS42MiIsbnVsbCwwLG51bGwsIjY0IixbWyJDaHJvbWl1bSIsIjE1Mi4wLjc5NzcuNzYiXSxbIk5vdD9BX0JyYW5kIiwiMjQuMC4wLjAiXSxbIk1pY3Jvc29mdCBFZGdlIiwiMTUyLjAuNDE5MS42MiJdXSwwXQ..&#038;dt=1788533825514&#038;bpp=4&#038;bdt=3126&#038;idt=-M&#038;shv=r20260901&#038;mjsv=m202608270101&#038;ptt=9&#038;saldr=aa&#038;abxe=1&#038;cookie_enabled=1&#038;eo_id_str=ID%3D77c74b2bc68eb97f%3AT%3D1787650545%3ART%3D1788533809%3AS%3DAA-AfjbR-0nXjxsq21GwITtXQCBf&#038;prev_fmts=0x0%2C1554x775%2C1005x232%2C668x280%2C668x280&#038;nras=6&#038;correlator=7728245969477&#038;frm=20&#038;pv=1&#038;u_tz=0&#038;u_his=3&#038;u_h=900&#038;u_w=1600&#038;u_ah=860&#038;u_aw=1600&#038;u_cd=24&#038;u_sd=1&#038;dmc=4&#038;adx=268&#038;ady=2401&#038;biw=1554&#038;bih=775&#038;scr_x=0&#038;scr_y=0&#038;eid=42532242%2C95399629%2C95400775%2C95401045&#038;oid=2&#038;pvsid=887372933786581&#038;tmod=370675130&#038;uas=1&#038;nvt=1&#038;ref=https%3A%2F%2Fwww.leral.net%2F&#038;fc=1408&#038;brdim=0%2C0%2C0%2C0%2C1600%2C0%2C1593%2C867%2C1569%2C775&#038;vis=1&#038;rsz=%7C%7Cs%7C&#038;abl=NS&#038;fu=128&#038;bc=31&#038;plas=255x696_l%7C255x696_r&#038;bz=1.02&#038;ifi=6&#038;uci=a!6&#038;btvi=4&#038;fsb=1&#038;dtd=33\n<\/div><\/figure>\n\n\n\n<p class=\"wp-block-paragraph\">Ces affirmations rel\u00e8vent l\u00e0 encore de sa version des faits et pourraient faire l\u2019objet d\u2019un examen dans le cadre des proc\u00e9dures judiciaires annonc\u00e9es.<\/p>\n\n\n\n<p class=\"wp-block-paragraph\"><strong>Le volet saoudien au c\u0153ur de ses accusations<br><\/strong><br>Amir Abo estime enfin que ses d\u00e9boires judiciaires seraient li\u00e9s, selon lui, \u00e0 ses relations avec des partenaires du Royaume d\u2019Arabie saoudite.<\/p>\n\n\n\n<p class=\"wp-block-paragraph\">Il rappelle qu\u2019au moment de son interpellation, des partenaires saoudiens \u00e9taient pr\u00e9sents au S\u00e9n\u00e9gal pour pr\u00e9senter des solutions concernant notamment l\u2019approvisionnement en eau de Touba. Ces derniers auraient \u00e9t\u00e9 re\u00e7us par le Khalife g\u00e9n\u00e9ral des mourides, Serigne Mountakha Mback\u00e9.<\/p>\n\n\n\n<p class=\"wp-block-paragraph\"><strong>Voir plus<\/strong><\/p>\n\n\n\n<p class=\"wp-block-paragraph\">\u00c9couter La Radio<strong><\/strong><\/p>\n\n\n\n<p class=\"wp-block-paragraph\">T\u00e9l\u00e9charger Une Carte<strong><\/strong><\/p>\n\n\n\n<p class=\"wp-block-paragraph\">Annonces S\u00e9n\u00e9gal<strong><\/strong><\/p>\n\n\n\n<p class=\"wp-block-paragraph\">Pour l\u2019homme d\u2019affaires, la proc\u00e9dure dont il a fait l\u2019objet aurait eu pour objectif de ternir son image et de compromettre certains de ses projets.<\/p>\n\n\n\n<p class=\"wp-block-paragraph\">Apr\u00e8s le non-lieu total prononc\u00e9 en sa faveur, Amir Abo entend d\u00e9sormais porter le dossier sur le terrain judiciaire contre ceux qu\u2019il consid\u00e8re comme ses d\u00e9tracteurs. La suite de ces \u00e9ventuelles proc\u00e9dures permettra de d\u00e9terminer la port\u00e9e juridique de ses accusations.<\/p>\n","protected":false},"excerpt":{"rendered":"<p>B\u00e9n\u00e9ficiaire d\u2019une ordonnance de non-lieu total du 3\u1d49 cabinet du Pool judiciaire financier, Abo Mback\u00e9, dit \u00ab Amir Abo \u00bb,<\/p>\n","protected":false},"author":1,"featured_media":46899,"comment_status":"open","ping_status":"open","sticky":false,"template":"","format":"standard","meta":{"footnotes":""},"categories":[26],"tags":[],"class_list":["post-78175","post","type-post","status-publish","format-standard","has-post-thumbnail","hentry","category-fait-divers"],"_links":{"self":[{"href":"https:\/\/dekkbi.com\/index.php?rest_route=\/wp\/v2\/posts\/78175","targetHints":{"allow":["GET"]}}],"collection":[{"href":"https:\/\/dekkbi.com\/index.php?rest_route=\/wp\/v2\/posts"}],"about":[{"href":"https:\/\/dekkbi.com\/index.php?rest_route=\/wp\/v2\/types\/post"}],"author":[{"embeddable":true,"href":"https:\/\/dekkbi.com\/index.php?rest_route=\/wp\/v2\/users\/1"}],"replies":[{"embeddable":true,"href":"https:\/\/dekkbi.com\/index.php?rest_route=%2Fwp%2Fv2%2Fcomments&post=78175"}],"version-history":[{"count":1,"href":"https:\/\/dekkbi.com\/index.php?rest_route=\/wp\/v2\/posts\/78175\/revisions"}],"predecessor-version":[{"id":78176,"href":"https:\/\/dekkbi.com\/index.php?rest_route=\/wp\/v2\/posts\/78175\/revisions\/78176"}],"wp:featuredmedia":[{"embeddable":true,"href":"https:\/\/dekkbi.com\/index.php?rest_route=\/wp\/v2\/media\/46899"}],"wp:attachment":[{"href":"https:\/\/dekkbi.com\/index.php?rest_route=%2Fwp%2Fv2%2Fmedia&parent=78175"}],"wp:term":[{"taxonomy":"category","embeddable":true,"href":"https:\/\/dekkbi.com\/index.php?rest_route=%2Fwp%2Fv2%2Fcategories&post=78175"},{"taxonomy":"post_tag","embeddable":true,"href":"https:\/\/dekkbi.com\/index.php?rest_route=%2Fwp%2Fv2%2Ftags&post=78175"}],"curies":[{"name":"wp","href":"https:\/\/api.w.org\/{rel}","templated":true}]}}