{"id":78172,"date":"2026-09-04T14:56:02","date_gmt":"2026-09-04T14:56:02","guid":{"rendered":"https:\/\/dekkbi.com\/?p=78172"},"modified":"2026-09-04T14:56:03","modified_gmt":"2026-09-04T14:56:03","slug":"thies-nord-moussa-thiombane-mise-sur-lexpertise-et-la-competence-pour-conquerir-la-mairie","status":"publish","type":"post","link":"https:\/\/dekkbi.com\/?p=78172","title":{"rendered":"Thi\u00e8s-Nord : Moussa Thiombane mise sur l\u2019expertise et la comp\u00e9tence pour conqu\u00e9rir la mairie"},"content":{"rendered":"\n<h3 class=\"wp-block-heading\">\u00c0 Thi\u00e8s-Nord, Moussa Thiombane se positionne en candidat de la comp\u00e9tence pour les prochaines \u00e9ch\u00e9ances municipales. Fort d\u2019un parcours dans les domaines des services techniques, de l\u2019administration et des infrastructures, il entend proposer une nouvelle approche de la gestion de la commune, ax\u00e9e notamment sur la modernisation, la s\u00e9curit\u00e9 et la transformation num\u00e9rique.<\/h3>\n\n\n\n<p class=\"wp-block-paragraph\">La bataille pour la mairie de Thi\u00e8s-Nord s\u2019annonce disput\u00e9e. Parmi les candidats d\u00e9clar\u00e9s figure Moussa Thiombane, qui entend faire de son exp\u00e9rience professionnelle et de son profil technique les principaux arguments de sa candidature.<\/p>\n\n\n\n<p class=\"wp-block-paragraph\">Dans un entretien accord\u00e9 \u00e0 la presse, le pr\u00e9tendant \u00e0 la mairie affirme vouloir prendre en main les destin\u00e9es de la commune avec une m\u00e9thode fond\u00e9e sur la comp\u00e9tence, la proximit\u00e9 et l\u2019efficacit\u00e9.<\/p>\n\n\n\n<p class=\"wp-block-paragraph\"><strong>Un programme ax\u00e9 sur les urgences de la commune<br><\/strong><br>Moussa Thiombane identifie plusieurs secteurs qu\u2019il consid\u00e8re comme prioritaires pour Thi\u00e8s-Nord. Il cite notamment l\u2019assainissement, l\u2019\u00e9clairage public, la s\u00e9curit\u00e9, la digitalisation, l\u2019emploi des jeunes et l\u2019autonomisation des femmes.<\/p>\n\n\n\n<p class=\"wp-block-paragraph\">Pour lui, la commune doit entrer dans une nouvelle phase de d\u00e9veloppement et tirer davantage profit des outils num\u00e9riques. Il plaide ainsi pour une administration municipale plus moderne, capable de faciliter les d\u00e9marches des citoyens et d\u2019am\u00e9liorer la circulation de l\u2019information.<\/p>\n\n\n\n<figure class=\"wp-block-embed\"><div class=\"wp-block-embed__wrapper\">\nhttps:\/\/googleads.g.doubleclick.net\/pagead\/ads?gdpr=0&#038;gpp_sid=-1&#038;client=ca-pub-8327310497401434&#038;output=html&#038;h=280&#038;num_ads=1&#038;adk=3297276951&#038;adf=2655356913&#038;pi=t.aa~a.1080812705~i.16~rp.1&#038;abgtt=6&#038;w=668&#038;fwrn=4&#038;fwrnh=100&#038;lmt=1788532029&#038;rafmt=1&#038;armr=3&#038;sem=mc&#038;pwprc=4754385733&#038;ad_type=text_image&#038;format=668&#215;280&#038;url=https%3A%2F%2Fwww.leral.net%2FThies-Nord-Moussa-Thiombane-mise-sur-l-expertise-et-la-competence-pour-conquerir-la-mairie_a405364.html&#038;fwr=0&#038;pra=3&#038;rh=167&#038;rw=668&#038;rpe=1&#038;resp_fmts=3&#038;asro=0&#038;aimartd=4&#038;aieuf=1&#038;aicrs=1&#038;fa=27&#038;uach=WyJXaW5kb3dzIiwiMTAuMC4wIiwieDg2IiwiIiwiMTUyLjAuNDE5MS42MiIsbnVsbCwwLG51bGwsIjY0IixbWyJDaHJvbWl1bSIsIjE1Mi4wLjc5NzcuNzYiXSxbIk5vdD9BX0JyYW5kIiwiMjQuMC4wLjAiXSxbIk1pY3Jvc29mdCBFZGdlIiwiMTUyLjAuNDE5MS42MiJdXSwwXQ..&#038;dt=1788532029851&#038;bpp=2&#038;bdt=3250&#038;idt=-M&#038;shv=r20260901&#038;mjsv=m202608270101&#038;ptt=9&#038;saldr=aa&#038;abxe=1&#038;cookie_enabled=1&#038;eo_id_str=ID%3D77c74b2bc68eb97f%3AT%3D1787650545%3ART%3D1788438945%3AS%3DAA-AfjbR-0nXjxsq21GwITtXQCBf&#038;prev_fmts=0x0%2C333x151&#038;nras=2&#038;correlator=3523141009335&#038;frm=20&#038;pv=1&#038;u_tz=0&#038;u_his=3&#038;u_h=900&#038;u_w=1600&#038;u_ah=860&#038;u_aw=1600&#038;u_cd=24&#038;u_sd=1&#038;dmc=4&#038;adx=268&#038;ady=1347&#038;biw=1554&#038;bih=775&#038;scr_x=0&#038;scr_y=0&#038;eid=95399630%2C95400774%2C95401044%2C42533293&#038;oid=2&#038;pvsid=8462472572502655&#038;tmod=370675130&#038;uas=3&#038;nvt=1&#038;ref=https%3A%2F%2Fwww.leral.net%2F&#038;fc=1408&#038;brdim=0%2C0%2C0%2C0%2C1600%2C0%2C1593%2C867%2C1569%2C775&#038;vis=1&#038;rsz=%7C%7Cs%7C&#038;abl=NS&#038;fu=128&#038;bc=31&#038;plas=255x696_l%7C255x696_r&#038;bz=1.02&#038;ifi=3&#038;uci=a!3&#038;btvi=1&#038;fsb=1&#038;dtd=37\n<\/div><\/figure>\n\n\n\n<p class=\"wp-block-paragraph\">Son ambition va au-del\u00e0 de la simple modernisation administrative. Il dit vouloir construire une \u00ab ville connect\u00e9e \u00bb, dans laquelle le num\u00e9rique servirait directement \u00e0 rapprocher l\u2019administration des administr\u00e9s.<\/p>\n\n\n\n<p class=\"wp-block-paragraph\">Mais Moussa Thiombane insiste \u00e9galement sur la n\u00e9cessit\u00e9 de revoir la mani\u00e8re dont la mairie fonctionne au quotidien.<\/p>\n\n\n\n<p class=\"wp-block-paragraph\">Selon lui, la gestion municipale doit \u00eatre davantage tourn\u00e9e vers les populations, avec une meilleure prise en compte de leurs difficult\u00e9s et de leurs besoins.<\/p>\n\n\n\n<p class=\"wp-block-paragraph\"><strong>La jeunesse et les femmes au c\u0153ur des priorit\u00e9s<br><\/strong><br>Le candidat accorde une place importante \u00e0 la formation et \u00e0 l\u2019insertion des jeunes.<\/p>\n\n\n\n<p class=\"wp-block-paragraph\">Il annonce notamment vouloir faire de la formation professionnelle un levier essentiel pour favoriser l\u2019emploi et l\u2019autonomisation des jeunes de Thi\u00e8s-Nord.<\/p>\n\n\n\n<p class=\"wp-block-paragraph\"><strong>Voir plus<\/strong><\/p>\n\n\n\n<p class=\"wp-block-paragraph\">Films s\u00e9n\u00e9galais<strong><\/strong><\/p>\n\n\n\n<p class=\"wp-block-paragraph\">Campagnes et \u00e9lections<strong><\/strong><\/p>\n\n\n\n<p class=\"wp-block-paragraph\">Informations locales<strong><\/strong><\/p>\n\n\n\n<p class=\"wp-block-paragraph\">Les femmes figurent \u00e9galement parmi les b\u00e9n\u00e9ficiaires prioritaires de son projet. Moussa Thiombane \u00e9voque des programmes destin\u00e9s \u00e0 renforcer leur acc\u00e8s au financement et \u00e0 favoriser leur autonomie \u00e9conomique et sociale.<\/p>\n\n\n\n<p class=\"wp-block-paragraph\">Il estime qu\u2019une politique locale efficace doit permettre aux populations de disposer des moyens n\u00e9cessaires pour d\u00e9velopper leurs activit\u00e9s et am\u00e9liorer leurs conditions de vie.<\/p>\n\n\n\n<p class=\"wp-block-paragraph\"><strong>Un parcours professionnel pr\u00e9sent\u00e9 comme un atout<br><\/strong><br>Pour d\u00e9fendre sa candidature, Moussa Thiombane met en avant son exp\u00e9rience dans les domaines techniques et des infrastructures.<\/p>\n\n\n\n<p class=\"wp-block-paragraph\">Son parcours scolaire commence au lyc\u00e9e Malick-Sy, avant une poursuite d\u2019\u00e9tudes \u00e0 la Facult\u00e9 des sciences et techniques de l\u2019universit\u00e9, o\u00f9 il d\u00e9croche une licence en math\u00e9matiques. Il obtient ensuite un master.<\/p>\n\n\n\n<figure class=\"wp-block-embed\"><div class=\"wp-block-embed__wrapper\">\nhttps:\/\/googleads.g.doubleclick.net\/pagead\/ads?gdpr=0&#038;gpp_sid=-1&#038;client=ca-pub-8327310497401434&#038;output=html&#038;h=280&#038;num_ads=1&#038;adk=3297276951&#038;adf=3018447529&#038;pi=t.aa~a.1080812705~i.60~rp.1&#038;abgtt=6&#038;w=668&#038;fwrn=4&#038;fwrnh=100&#038;lmt=1788532029&#038;rafmt=1&#038;armr=3&#038;sem=mc&#038;pwprc=4754385733&#038;ad_type=text_image&#038;format=668&#215;280&#038;url=https%3A%2F%2Fwww.leral.net%2FThies-Nord-Moussa-Thiombane-mise-sur-l-expertise-et-la-competence-pour-conquerir-la-mairie_a405364.html&#038;fwr=0&#038;pra=3&#038;rh=167&#038;rw=668&#038;rpe=1&#038;resp_fmts=3&#038;asro=0&#038;aimartd=4&#038;aieuf=1&#038;aicrs=1&#038;fa=27&#038;uach=WyJXaW5kb3dzIiwiMTAuMC4wIiwieDg2IiwiIiwiMTUyLjAuNDE5MS42MiIsbnVsbCwwLG51bGwsIjY0IixbWyJDaHJvbWl1bSIsIjE1Mi4wLjc5NzcuNzYiXSxbIk5vdD9BX0JyYW5kIiwiMjQuMC4wLjAiXSxbIk1pY3Jvc29mdCBFZGdlIiwiMTUyLjAuNDE5MS42MiJdXSwwXQ..&#038;dt=1788532029851&#038;bpp=2&#038;bdt=3250&#038;idt=3&#038;shv=r20260901&#038;mjsv=m202608270101&#038;ptt=9&#038;saldr=aa&#038;abxe=1&#038;cookie_enabled=1&#038;eo_id_str=ID%3D77c74b2bc68eb97f%3AT%3D1787650545%3ART%3D1788438945%3AS%3DAA-AfjbR-0nXjxsq21GwITtXQCBf&#038;prev_fmts=0x0%2C333x151%2C668x280%2C668x280&#038;nras=4&#038;correlator=3523141009335&#038;frm=20&#038;pv=1&#038;u_tz=0&#038;u_his=3&#038;u_h=900&#038;u_w=1600&#038;u_ah=860&#038;u_aw=1600&#038;u_cd=24&#038;u_sd=1&#038;dmc=4&#038;adx=268&#038;ady=2589&#038;biw=1554&#038;bih=775&#038;scr_x=0&#038;scr_y=0&#038;eid=95399630%2C95400774%2C95401044%2C42533293&#038;oid=2&#038;pvsid=8462472572502655&#038;tmod=370675130&#038;uas=3&#038;nvt=1&#038;ref=https%3A%2F%2Fwww.leral.net%2F&#038;fc=1408&#038;brdim=0%2C0%2C0%2C0%2C1600%2C0%2C1593%2C867%2C1569%2C775&#038;vis=1&#038;rsz=%7C%7Cs%7C&#038;abl=NS&#038;fu=128&#038;bc=31&#038;plas=255x696_l%7C255x696_r&#038;bz=1.02&#038;ifi=5&#038;uci=a!5&#038;btvi=3&#038;fsb=1&#038;dtd=41\n<\/div><\/figure>\n\n\n\n<p class=\"wp-block-paragraph\">Il revendique \u00e9galement une exp\u00e9rience professionnelle dans les secteurs des services techniques, de la construction et de l\u2019entretien des espaces publics.<\/p>\n\n\n\n<p class=\"wp-block-paragraph\">Selon lui, cette exp\u00e9rience constitue un avantage pour administrer une commune confront\u00e9e \u00e0 d\u2019importants d\u00e9fis en mati\u00e8re d\u2019infrastructures et de services aux populations.<\/p>\n\n\n\n<p class=\"wp-block-paragraph\"><strong>\u00ab Thi\u00e8s-Nord a besoin d\u2019un nouveau profil \u00bb<br><\/strong><br>Moussa Thiombane estime que Thi\u00e8s-Nord doit op\u00e9rer une rupture avec certaines pratiques de gestion.<\/p>\n\n\n\n<p class=\"wp-block-paragraph\">Il consid\u00e8re que la commune a besoin d\u2019un profil capable de transformer concr\u00e8tement son fonctionnement, plut\u00f4t que d\u2019une candidature fond\u00e9e uniquement sur des consid\u00e9rations politiques.<\/p>\n\n\n\n<p class=\"wp-block-paragraph\"><strong>Voir plus<\/strong><\/p>\n\n\n\n<p class=\"wp-block-paragraph\">POLITIQUE<strong><\/strong><\/p>\n\n\n\n<p class=\"wp-block-paragraph\">Blogueurs s\u00e9n\u00e9galais<strong><\/strong><\/p>\n\n\n\n<p class=\"wp-block-paragraph\">Enqu\u00eates S\u00e9n\u00e9gal<strong><\/strong><\/p>\n\n\n\n<p class=\"wp-block-paragraph\">Son discours repose ainsi sur la comp\u00e9tence et l\u2019expertise. Il assure vouloir mettre son exp\u00e9rience technique au service des populations et apporter des r\u00e9ponses concr\u00e8tes aux pr\u00e9occupations locales.<\/p>\n\n\n\n<p class=\"wp-block-paragraph\">Le candidat dit \u00e9galement vouloir privil\u00e9gier une gestion de proximit\u00e9, avec davantage d\u2019\u00e9coute et de prise en compte des attentes des citoyens.<\/p>\n\n\n\n<p class=\"wp-block-paragraph\"><strong>Une candidature d\u00e9j\u00e0 contest\u00e9e<br><\/strong><br>La candidature de Moussa Thiombane ne fait toutefois pas l\u2019unanimit\u00e9.<\/p>\n\n\n\n<p class=\"wp-block-paragraph\">Le candidat affirme notamment faire face \u00e0 des critiques concernant son parcours et certaines de ses positions. Il d\u00e9nonce ce qu\u2019il consid\u00e8re comme des tentatives visant \u00e0 remettre en cause sa candidature avant m\u00eame le scrutin.<\/p>\n\n\n\n<figure class=\"wp-block-embed\"><div class=\"wp-block-embed__wrapper\">\nhttps:\/\/googleads.g.doubleclick.net\/pagead\/ads?gdpr=0&#038;gpp_sid=-1&#038;client=ca-pub-8327310497401434&#038;output=html&#038;h=280&#038;num_ads=1&#038;adk=3297276951&#038;adf=4017723150&#038;pi=t.aa~a.1080812705~i.100~rp.1&#038;abgtt=6&#038;w=668&#038;fwrn=4&#038;fwrnh=100&#038;lmt=1788532046&#038;rafmt=1&#038;armr=3&#038;sem=mc&#038;pwprc=4754385733&#038;ad_type=text_image&#038;format=668&#215;280&#038;url=https%3A%2F%2Fwww.leral.net%2FThies-Nord-Moussa-Thiombane-mise-sur-l-expertise-et-la-competence-pour-conquerir-la-mairie_a405364.html%23google_vignette&#038;fwr=0&#038;pra=3&#038;rh=167&#038;rw=668&#038;rpe=1&#038;resp_fmts=3&#038;asro=0&#038;aimartd=4&#038;aieuf=1&#038;aicrs=1&#038;fa=27&#038;uach=WyJXaW5kb3dzIiwiMTAuMC4wIiwieDg2IiwiIiwiMTUyLjAuNDE5MS42MiIsbnVsbCwwLG51bGwsIjY0IixbWyJDaHJvbWl1bSIsIjE1Mi4wLjc5NzcuNzYiXSxbIk5vdD9BX0JyYW5kIiwiMjQuMC4wLjAiXSxbIk1pY3Jvc29mdCBFZGdlIiwiMTUyLjAuNDE5MS42MiJdXSwwXQ..&#038;dt=1788532029868&#038;bpp=2&#038;bdt=3267&#038;idt=2&#038;shv=r20260901&#038;mjsv=m202608270101&#038;ptt=9&#038;saldr=aa&#038;abxe=1&#038;cookie_enabled=1&#038;eo_id_str=ID%3D77c74b2bc68eb97f%3AT%3D1787650545%3ART%3D1788532028%3AS%3DAA-AfjbR-0nXjxsq21GwITtXQCBf&#038;prev_fmts=0x0%2C333x151%2C668x280%2C668x280%2C668x280%2C346x280%2C668x280%2C350x280%2C1554x775%2C200x400%2C1005x232%2C668x280&#038;nras=12&#038;correlator=3523141009335&#038;frm=20&#038;pv=1&#038;u_tz=0&#038;u_his=4&#038;u_h=900&#038;u_w=1600&#038;u_ah=860&#038;u_aw=1600&#038;u_cd=24&#038;u_sd=1&#038;dmc=4&#038;adx=268&#038;ady=3189&#038;biw=1554&#038;bih=775&#038;scr_x=0&#038;scr_y=800&#038;eid=95399630%2C95400774%2C95401044%2C42533293&#038;oid=2&#038;psts=AOrYGskV5BxxfiE1Aw5QVocCH4V0mHNmxBsdHxgSbmI0wg7FOLQ-F8Ccf5OdhV_WHnaB0vtzC3AnhobxlJXJhfFuMuZOoXnMZhRsOUC0s6_8tj6E3baW2JQoUkcHSczYsoji8JGo%2CAOrYGsmi9Nl208SfuSTkbUERLhTG78YShd38W-aNgHWaGxF4CiuFcbaBGPMVHvfLsxbu6UZrThUwAk_zfN-UaJNdz6FTB6kh2RFdBSBgm2BMCBxNzEyN4t7IipvCqjO7VflbaWxE&#038;pvsid=8462472572502655&#038;tmod=370675130&#038;uas=1&#038;nvt=1&#038;ref=https%3A%2F%2Fwww.leral.net%2F&#038;fc=1408&#038;brdim=0%2C0%2C0%2C0%2C1600%2C0%2C1593%2C867%2C1569%2C775&#038;vis=1&#038;rsz=%7C%7Cs%7C&#038;abl=NS&#038;fu=128&#038;bc=31&#038;plas=255x696_l%7C255x696_r&#038;bz=1.02&#038;ifi=7&#038;uci=a!7&#038;btvi=10&#038;fsb=1&#038;dtd=16509\n<\/div><\/figure>\n\n\n\n<p class=\"wp-block-paragraph\">Il assure n\u00e9anmoins vouloir poursuivre sa d\u00e9marche et faire de son profil professionnel le principal argument de sa campagne.<\/p>\n\n\n\n<p class=\"wp-block-paragraph\">\u00c0 Thi\u00e8s-Nord, la prochaine bataille municipale pourrait ainsi se jouer sur plusieurs terrains : les programmes, les profils des candidats, mais aussi leur capacit\u00e9 \u00e0 convaincre une population confront\u00e9e \u00e0 des pr\u00e9occupations concr\u00e8tes.<\/p>\n\n\n\n<p class=\"wp-block-paragraph\">Pour Moussa Thiombane, le choix devrait avant tout porter sur la comp\u00e9tence, l\u2019exp\u00e9rience et la capacit\u00e9 \u00e0 transformer la commune.<\/p>\n","protected":false},"excerpt":{"rendered":"<p>\u00c0 Thi\u00e8s-Nord, Moussa Thiombane se positionne en candidat de la comp\u00e9tence pour les prochaines \u00e9ch\u00e9ances municipales. Fort d\u2019un parcours dans<\/p>\n","protected":false},"author":1,"featured_media":78173,"comment_status":"open","ping_status":"open","sticky":false,"template":"","format":"standard","meta":{"footnotes":""},"categories":[6],"tags":[],"class_list":["post-78172","post","type-post","status-publish","format-standard","has-post-thumbnail","hentry","category-politics"],"_links":{"self":[{"href":"https:\/\/dekkbi.com\/index.php?rest_route=\/wp\/v2\/posts\/78172","targetHints":{"allow":["GET"]}}],"collection":[{"href":"https:\/\/dekkbi.com\/index.php?rest_route=\/wp\/v2\/posts"}],"about":[{"href":"https:\/\/dekkbi.com\/index.php?rest_route=\/wp\/v2\/types\/post"}],"author":[{"embeddable":true,"href":"https:\/\/dekkbi.com\/index.php?rest_route=\/wp\/v2\/users\/1"}],"replies":[{"embeddable":true,"href":"https:\/\/dekkbi.com\/index.php?rest_route=%2Fwp%2Fv2%2Fcomments&post=78172"}],"version-history":[{"count":1,"href":"https:\/\/dekkbi.com\/index.php?rest_route=\/wp\/v2\/posts\/78172\/revisions"}],"predecessor-version":[{"id":78174,"href":"https:\/\/dekkbi.com\/index.php?rest_route=\/wp\/v2\/posts\/78172\/revisions\/78174"}],"wp:featuredmedia":[{"embeddable":true,"href":"https:\/\/dekkbi.com\/index.php?rest_route=\/wp\/v2\/media\/78173"}],"wp:attachment":[{"href":"https:\/\/dekkbi.com\/index.php?rest_route=%2Fwp%2Fv2%2Fmedia&parent=78172"}],"wp:term":[{"taxonomy":"category","embeddable":true,"href":"https:\/\/dekkbi.com\/index.php?rest_route=%2Fwp%2Fv2%2Fcategories&post=78172"},{"taxonomy":"post_tag","embeddable":true,"href":"https:\/\/dekkbi.com\/index.php?rest_route=%2Fwp%2Fv2%2Ftags&post=78172"}],"curies":[{"name":"wp","href":"https:\/\/api.w.org\/{rel}","templated":true}]}}