{"id":78170,"date":"2026-09-04T14:26:52","date_gmt":"2026-09-04T14:26:52","guid":{"rendered":"https:\/\/dekkbi.com\/?p=78170"},"modified":"2026-09-04T14:26:53","modified_gmt":"2026-09-04T14:26:53","slug":"ps-abdoulaye-vilane-tacle-le-ministre-cheikh-diba-sur-la-situation-economique","status":"publish","type":"post","link":"https:\/\/dekkbi.com\/?p=78170","title":{"rendered":"PS : Abdoulaye Vilane tacle le ministre Cheikh Diba sur la situation \u00e9conomique"},"content":{"rendered":"\n<p class=\"wp-block-paragraph\">Le Parti Socialiste monte au cr\u00e9neau. Dans 2 publications r\u00e9dig\u00e9es par son porte-parole Abdoulaye Vilane, le Parti Socialiste critique s\u00e9v\u00e8rement la communication du ministre des Finances Cheikh Diba et d\u00e9nonce un \u00ab\u00a0naufrage de la parole publique\u00a0\u00bb.<\/p>\n\n\n\n<p class=\"wp-block-paragraph\">En effet,le PS passe en revue 6 points des d\u00e9clarations du ministre&nbsp; dont les suivants&nbsp;<\/p>\n\n\n\n<p class=\"wp-block-paragraph\">FMI : L&rsquo;accord de 2,2 milliards n&rsquo;est encore que \u00ab\u00a0technique\u00a0\u00bb. Pas de d\u00e9caissement tant que le Conseil d&rsquo;administration ne s&rsquo;est pas prononc\u00e9.<\/p>\n\n\n\n<p class=\"wp-block-paragraph\">Dette : Le PS r\u00e9clame des clarifications sur le \u00ab\u00a0traitement de la dette\u00a0\u00bb. De quoi parle-t-on : reprofilage, restructuration ? Quelles cons\u00e9quences pour les banques ?<\/p>\n\n\n\n<p class=\"wp-block-paragraph\">D\u00e9penses : Les 300 milliards annonc\u00e9s pour payer les entreprises sont-ils d\u00e9j\u00e0 disponibles et budg\u00e9tis\u00e9s ?<\/p>\n\n\n\n<p class=\"wp-block-paragraph\">Budget : O\u00f9 est le bouclage financier ? Quelles \u00e9conomies, quelles nouvelles recettes ?<\/p>\n\n\n\n<p class=\"wp-block-paragraph\">\u00c9nergie : Les chiffres sur les subventions et la baisse de 30% du co\u00fbt de l&rsquo;\u00e9nergie manquent de preuves et de trajectoire.<\/p>\n\n\n\n<p class=\"wp-block-paragraph\">Co\u00fbt de la dette : 25 FCFA sur 100 d&rsquo;int\u00e9r\u00eats en 2026. Avec la d\u00e9gradation de la note par Moody&rsquo;s et des taux \u00e0 8%, \u00ab\u00a0pouvoir emprunter n&rsquo;est pas la m\u00eame chose qu&#8217;emprunter dans de bonnes conditions\u00a0\u00bb.<\/p>\n\n\n\n<p class=\"wp-block-paragraph\">Selon le parti socialiste \u00ab\u00a0La confiance exige autre chose que de la communication. Moins de promesses. Plus de chiffres v\u00e9rifiables. Plus de v\u00e9rit\u00e9.\u00a0\u00bb<\/p>\n\n\n\n<p class=\"wp-block-paragraph\">Sur ce, le Parti Socialiste&nbsp; pose 6 principes :&nbsp;<\/p>\n\n\n\n<p class=\"wp-block-paragraph\">La parole d&rsquo;un ministre engage l&rsquo;\u00c9tat<\/p>\n\n\n\n<p class=\"wp-block-paragraph\">La confiance ne se d\u00e9cr\u00e8te pas, elle se m\u00e9rite<\/p>\n\n\n\n<p class=\"wp-block-paragraph\">Besoin de \u00ab\u00a0moins de verbiage, plus de v\u00e9rit\u00e9\u00a0\u00bb et de \u00ab\u00a0moins de communication politique, davantage d&rsquo;information publique\u00a0\u00bb<\/p>\n\n\n\n<p class=\"wp-block-paragraph\">Le S\u00e9n\u00e9gal m\u00e9rite la comp\u00e9tence et l&rsquo;int\u00e9grit\u00e9<\/p>\n\n\n\n<p class=\"wp-block-paragraph\">Gouverner c&rsquo;est choisir les meilleurs profils<\/p>\n\n\n\n<p class=\"wp-block-paragraph\">L&rsquo;int\u00e9r\u00eat g\u00e9n\u00e9ral doit primer sur l&rsquo;int\u00e9r\u00eat de parti.<\/p>\n\n\n\n<p class=\"wp-block-paragraph\">Et comme l&rsquo;a dit Abdoulaye Vilane, \u00ab\u00a0Je n&rsquo;attends pas d&rsquo;un ministre des Finances qu&rsquo;il rassure par des mots. J&rsquo;attends qu&rsquo;il rassure par la ma\u00eetrise de son dossier.\u00a0\u00bb&nbsp;<\/p>\n\n\n\n<p class=\"wp-block-paragraph\">\u00ab\u00a0Le S\u00e9n\u00e9gal n&rsquo;a pas besoin d&rsquo;une communication qui cherche \u00e0 sauver les apparences. Il a besoin d&rsquo;une parole publique qui r\u00e9tablisse la v\u00e9rit\u00e9 et pr\u00e9pare les solutions.\u00a0\u00bb<\/p>\n\n\n\n<p class=\"wp-block-paragraph\">&nbsp;\u00c0 en croire le PS, le pays traverse une crise de confiance. Ainsi pour eux, la solution passe par la transparence, des chiffres pr\u00e9cis et des r\u00e9sultats mesurables. \u00ab\u00a0La v\u00e9rit\u00e9 est notre meilleur alli\u00e9 pour redresser le pays\u00a0\u00bb, dit-il.<\/p>\n\n\n\n<p class=\"wp-block-paragraph\">SOURCE DAKARACTU<\/p>\n","protected":false},"excerpt":{"rendered":"<p>Le Parti Socialiste monte au cr\u00e9neau. Dans 2 publications r\u00e9dig\u00e9es par son porte-parole Abdoulaye Vilane, le Parti Socialiste critique s\u00e9v\u00e8rement<\/p>\n","protected":false},"author":1,"featured_media":19398,"comment_status":"open","ping_status":"open","sticky":false,"template":"","format":"standard","meta":{"footnotes":""},"categories":[6],"tags":[],"class_list":["post-78170","post","type-post","status-publish","format-standard","has-post-thumbnail","hentry","category-politics"],"_links":{"self":[{"href":"https:\/\/dekkbi.com\/index.php?rest_route=\/wp\/v2\/posts\/78170","targetHints":{"allow":["GET"]}}],"collection":[{"href":"https:\/\/dekkbi.com\/index.php?rest_route=\/wp\/v2\/posts"}],"about":[{"href":"https:\/\/dekkbi.com\/index.php?rest_route=\/wp\/v2\/types\/post"}],"author":[{"embeddable":true,"href":"https:\/\/dekkbi.com\/index.php?rest_route=\/wp\/v2\/users\/1"}],"replies":[{"embeddable":true,"href":"https:\/\/dekkbi.com\/index.php?rest_route=%2Fwp%2Fv2%2Fcomments&post=78170"}],"version-history":[{"count":1,"href":"https:\/\/dekkbi.com\/index.php?rest_route=\/wp\/v2\/posts\/78170\/revisions"}],"predecessor-version":[{"id":78171,"href":"https:\/\/dekkbi.com\/index.php?rest_route=\/wp\/v2\/posts\/78170\/revisions\/78171"}],"wp:featuredmedia":[{"embeddable":true,"href":"https:\/\/dekkbi.com\/index.php?rest_route=\/wp\/v2\/media\/19398"}],"wp:attachment":[{"href":"https:\/\/dekkbi.com\/index.php?rest_route=%2Fwp%2Fv2%2Fmedia&parent=78170"}],"wp:term":[{"taxonomy":"category","embeddable":true,"href":"https:\/\/dekkbi.com\/index.php?rest_route=%2Fwp%2Fv2%2Fcategories&post=78170"},{"taxonomy":"post_tag","embeddable":true,"href":"https:\/\/dekkbi.com\/index.php?rest_route=%2Fwp%2Fv2%2Ftags&post=78170"}],"curies":[{"name":"wp","href":"https:\/\/api.w.org\/{rel}","templated":true}]}}