{"id":78167,"date":"2026-09-04T14:24:39","date_gmt":"2026-09-04T14:24:39","guid":{"rendered":"https:\/\/dekkbi.com\/?p=78167"},"modified":"2026-09-04T14:24:40","modified_gmt":"2026-09-04T14:24:40","slug":"affaire-aser-aee-power-comment-la-double-strategie-judiciaire-de-jose-dans-le-dossier-des-37-milliards-a-ete-mise-a-nu","status":"publish","type":"post","link":"https:\/\/dekkbi.com\/?p=78167","title":{"rendered":"Affaire ASER-AEE POWER : Comment la double strat\u00e9gie judiciaire de Jos\u00e9 dans le dossier des 37 milliards a \u00e9t\u00e9 mise \u00e0 nu"},"content":{"rendered":"\n<p class=\"wp-block-paragraph\">Le dossier des 37 milliards de francs CFA poursuit son cours sur deux fronts judiciaires distincts, au S\u00e9n\u00e9gal et en Espagne. Sur les ondes de la RFM, le journaliste et repr\u00e9sentant de la R\u00e9publique des Valeurs en France, Tidiane Sall a livr\u00e9 son analyse des derniers d\u00e9veloppements de cette affaire, marqu\u00e9e notamment par la d\u00e9cision de Jos\u00e9 de ne plus r\u00e9pondre aux convocations de la justice s\u00e9n\u00e9galaise.<br><br>Selon lui, la proc\u00e9dure espagnole, qu\u2019il indique avoir lui-m\u00eame initi\u00e9e par une plainte d\u00e9pos\u00e9e le 19 janvier 2026, progresse. Il affirme que le tribunal espagnol a reconnu, d\u00e8s le 24 f\u00e9vrier, sa qualit\u00e9 \u00e0 agir, et a proc\u00e9d\u00e9 \u00e0 des r\u00e9quisitions aupr\u00e8s de deux institutions impliqu\u00e9es dans le montage financier : Banco Santander, pr\u00e9sent\u00e9e comme la banque ayant financ\u00e9 l\u2019op\u00e9ration, et l\u2019agence espagnole charg\u00e9e de garantir le cr\u00e9dit \u00e0 l\u2019exportation.<br><br>D\u2019apr\u00e8s le r\u00e9cit de Tidiane Sall, Banco Santander a transmis les \u00e9l\u00e9ments demand\u00e9s en r\u00e9ponse \u00e0 la r\u00e9quisition judiciaire. L\u2019entreprise espagnole directement concern\u00e9e par la proc\u00e9dure aurait en revanche tard\u00e9 \u00e0 r\u00e9pondre, une seconde r\u00e9quisition ayant \u00e9t\u00e9 n\u00e9cessaire avant l\u2019obtention d\u2019\u00e9l\u00e9ments, plusieurs mois apr\u00e8s l\u2019ouverture de la proc\u00e9dure. Tidiane Sall insiste surtout sur le contenu de cette r\u00e9ponse : selon lui, l\u2019entreprise ne conteste pas le fond du dossier mais la recevabilit\u00e9 de la plainte, en demandant \u00e0 la justice espagnole de classer l\u2019affaire au motif qu\u2019il n\u2019aurait pas qualit\u00e9 \u00e0 agir. Pour le repr\u00e9sentant de la R\u00e9publique des Valeurs, cette posture pose une question de coh\u00e9rence, dans la mesure o\u00f9 la partie mise en cause refuserait par ailleurs de r\u00e9pondre \u00e0 la justice s\u00e9n\u00e9galaise tout en sollicitant la fermeture de la proc\u00e9dure espagnole.<br><br>Sur le plan p\u00e9nal s\u00e9n\u00e9galais, Tidiane Sall indique que le parquet financier aurait ajout\u00e9 plusieurs qualifications aux trois chefs initialement vis\u00e9s dans sa plainte, portant leur nombre \u00e0 dix, parmi lesquelles la corruption, le trafic d\u2019influence, le blanchiment de capitaux et la prise ill\u00e9gale d\u2019int\u00e9r\u00eats. Il affirme par ailleurs qu\u2019un point ne ferait d\u00e9sormais plus d\u00e9bat : les 37 milliards de francs CFA auraient \u00e9t\u00e9 d\u00e9caiss\u00e9s alors que le projet d\u2019\u00e9lectrification rurale auquel ils \u00e9taient destin\u00e9s n\u2019avait pas encore d\u00e9marr\u00e9.<br><br>C\u2019est dans ce contexte que s\u2019inscrit le refus annonc\u00e9 de Jos\u00e9 de r\u00e9pondre aux juridictions s\u00e9n\u00e9galaises. Selon son avocat, cit\u00e9 par Tidiane Sall, Jos\u00e9 aurait choisi de ne plus se pr\u00e9senter devant la justice s\u00e9n\u00e9galaise en raison de l\u2019existence de la proc\u00e9dure espagnole, pr\u00e9f\u00e9rant s\u2019expliquer devant les juridictions de ce pays. Une position que le journaliste juge difficilement compr\u00e9hensible, y voyant une contradiction entre une demande de classement en Espagne pour d\u00e9faut de qualit\u00e9 \u00e0 agir du plaignant, et un refus simultan\u00e9 de r\u00e9pondre aux convocations s\u00e9n\u00e9galaises. \u00ab Ils ne veulent pas qu\u2019un juge, ni en Espagne, ni au S\u00e9n\u00e9gal, mette le nez dedans \u00bb, a r\u00e9sum\u00e9 Tidiane Sall sur la RFM.&nbsp;<\/p>\n\n\n\n<p class=\"wp-block-paragraph\">SOURCE DAKARACTU<\/p>\n","protected":false},"excerpt":{"rendered":"<p>Le dossier des 37 milliards de francs CFA poursuit son cours sur deux fronts judiciaires distincts, au S\u00e9n\u00e9gal et en<\/p>\n","protected":false},"author":1,"featured_media":78168,"comment_status":"open","ping_status":"open","sticky":false,"template":"","format":"standard","meta":{"footnotes":""},"categories":[3],"tags":[],"class_list":["post-78167","post","type-post","status-publish","format-standard","has-post-thumbnail","hentry","category-event-more-news"],"_links":{"self":[{"href":"https:\/\/dekkbi.com\/index.php?rest_route=\/wp\/v2\/posts\/78167","targetHints":{"allow":["GET"]}}],"collection":[{"href":"https:\/\/dekkbi.com\/index.php?rest_route=\/wp\/v2\/posts"}],"about":[{"href":"https:\/\/dekkbi.com\/index.php?rest_route=\/wp\/v2\/types\/post"}],"author":[{"embeddable":true,"href":"https:\/\/dekkbi.com\/index.php?rest_route=\/wp\/v2\/users\/1"}],"replies":[{"embeddable":true,"href":"https:\/\/dekkbi.com\/index.php?rest_route=%2Fwp%2Fv2%2Fcomments&post=78167"}],"version-history":[{"count":1,"href":"https:\/\/dekkbi.com\/index.php?rest_route=\/wp\/v2\/posts\/78167\/revisions"}],"predecessor-version":[{"id":78169,"href":"https:\/\/dekkbi.com\/index.php?rest_route=\/wp\/v2\/posts\/78167\/revisions\/78169"}],"wp:featuredmedia":[{"embeddable":true,"href":"https:\/\/dekkbi.com\/index.php?rest_route=\/wp\/v2\/media\/78168"}],"wp:attachment":[{"href":"https:\/\/dekkbi.com\/index.php?rest_route=%2Fwp%2Fv2%2Fmedia&parent=78167"}],"wp:term":[{"taxonomy":"category","embeddable":true,"href":"https:\/\/dekkbi.com\/index.php?rest_route=%2Fwp%2Fv2%2Fcategories&post=78167"},{"taxonomy":"post_tag","embeddable":true,"href":"https:\/\/dekkbi.com\/index.php?rest_route=%2Fwp%2Fv2%2Ftags&post=78167"}],"curies":[{"name":"wp","href":"https:\/\/api.w.org\/{rel}","templated":true}]}}