{"id":78159,"date":"2026-09-04T10:22:39","date_gmt":"2026-09-04T10:22:39","guid":{"rendered":"https:\/\/dekkbi.com\/?p=78159"},"modified":"2026-09-04T10:22:40","modified_gmt":"2026-09-04T10:22:40","slug":"can-2027-avenir-en-selection-stabilite-en-club-chantier-pharaonique-pour-patrick-vieira","status":"publish","type":"post","link":"https:\/\/dekkbi.com\/?p=78159","title":{"rendered":"CAN 2027, AVENIR EN S\u00c9LECTION, STABILIT\u00c9 EN CLUB &#8211; Chantier pharaonique pour Patrick Vieira"},"content":{"rendered":"\n<p class=\"wp-block-paragraph\"><strong>Patrick Vieira devrait \u00eatre le prochain entra\u00eeneur des Lions, selon la F\u00e9d\u00e9ration s\u00e9n\u00e9galaise de football, m\u00eame si rien n\u2019est encore officialis\u00e9. Les \u00e9ch\u00e9ances sont d\u00e9j\u00e0 l\u00e0. Le nouveau s\u00e9lectionneur devra tr\u00e8s vite reconstruire un vestiaire fissur\u00e9, r\u00e9concilier une g\u00e9n\u00e9ration vieillissante et une jeunesse impatiente, et redonner une identit\u00e9 de jeu \u00e0 une \u00e9quipe encore sonn\u00e9e. Ce sera un vrai travail de chef d\u2019orchestre, avec des joueurs d\u00e9termin\u00e9s, disciplin\u00e9s et comp\u00e9titifs en club, pour composer une symphonie capable d\u2019\u00e9blouir des supporters d\u00e9senchant\u00e9s par la d\u00e9b\u00e2cle du dernier Mondial.<\/strong><\/p>\n\n\n\n<p class=\"wp-block-paragraph\">D\u00e8s la fin septembre, les Lions entrent en lice dans les \u00e9liminatoires de la prochaine Coupe d\u2019Afrique des nations, pr\u00e9vue en 2027 au Kenya, en Ouganda et en Tanzanie. Pour cette premi\u00e8re fen\u00eatre, le S\u00e9n\u00e9gal affronte le Mozambique le 23 septembre, puis l\u2019\u00c9thiopie le 27 septembre. Champions d\u2019Afrique en titre, les Lions sont attendus au tournant dans le groupe J, o\u00f9 figure \u00e9galement le Soudan. Cette campagne marque le d\u00e9but d\u2019une nouvelle \u00e8re avec Patrick Vieira \u00e0 la t\u00eate de la s\u00e9lection. Pour le technicien fran\u00e7ais et ses hommes, l\u2019objectif est clair : r\u00e9ussir l\u2019entame, imposer leur statut de favoris et lancer id\u00e9alement leur course vers la Can 2027.<\/p>\n\n\n\n<h6 class=\"wp-block-heading\"><strong>De grands d\u00e9fis pour Patrick Vieira<\/strong><\/h6>\n\n\n\n<p class=\"wp-block-paragraph\">Un mois plus tard, entre le 11 et le 15 novembre, le S\u00e9n\u00e9gal se mesure en aller-retour au Soudan. La derni\u00e8re fen\u00eatre de qualification se jouera entre le 24 et le 28 mars 2027, avec deux nouvelles oppositions au Mozambique et \u00e0 l\u2019\u00c9thiopie. Sans aucun pays d\u2019Afrique de l\u2019Ouest dans sa poule, le S\u00e9n\u00e9gal devra multiplier les longs d\u00e9placements vers la Corne de l\u2019Afrique et l\u2019Afrique australe. La ma\u00eetrise de la logistique sera cruciale dans cette course \u00e0 la qualification, une comp\u00e9tition que le S\u00e9n\u00e9gal, champion d\u2019Afrique sous r\u00e9serve du verdict du Tribunal arbitral du sport, doit imp\u00e9rativement disputer pour esp\u00e9rer d\u00e9fendre le titre conquis de haute lutte au Maroc en 2025.<\/p>\n\n\n\n<p class=\"wp-block-paragraph\">Le premier objectif de Patrick Vieira et de son groupe sera de recoller les morceaux d\u2019un vestiaire fissur\u00e9 apr\u00e8s la d\u00e9cevante et traumatisante participation du S\u00e9n\u00e9gal \u00e0 la Coupe du monde aux \u00c9tats-Unis, au Canada et au Mexique. Arriv\u00e9s ambitieux, port\u00e9s par leur manteau de champions d\u2019Afrique, les \u00ab Lions \u00bb ont encha\u00een\u00e9 des d\u00e9faites difficiles \u00e0 dig\u00e9rer contre la France (3-1), la Norv\u00e8ge (3-2) et surtout la Belgique (3-2), qu\u2019ils menaient pourtant 2-0 \u00e0 quelques minutes du terme. Rentr\u00e9s en ordre dispers\u00e9, dans la cacophonie, les joueurs ont vu leur r\u00eave mondial se transformer en cauchemar.<\/p>\n\n\n\n<p class=\"wp-block-paragraph\">Sadio Man\u00e9 et ses co\u00e9quipiers ont pris un coup sur la t\u00eate, et il faudra du temps pour cicatriser. C\u2019est l\u00e0 qu\u2019interviendra le leadership de Patrick Vieira et de son staff : sa p\u00e9dagogie, son sens de la communication. La grande exp\u00e9rience du champion du monde 1998 avec la France sera un atout pr\u00e9cieux. En tant que joueur, l\u2019ancien capitaine d\u2019Arsenal a \u00e9volu\u00e9 au plus haut niveau : Premier League, Ligue des champions, Euro, Coupe du monde n\u2019ont pas de secret pour lui. Et le natif de Dakar a aussi du m\u00e9tier comme entra\u00eeneur, ayant dirig\u00e9 Manchester City, New York City, Nice, Crystal Palace et le Genoa avant d\u2019atterrir dans la \u00ab Tani\u00e8re \u00bb. Il arrive donc avec bien plus de v\u00e9cu que ses pr\u00e9d\u00e9cesseurs, Pape Thiaw et Aliou Ciss\u00e9. Ce dernier, qui dirige aujourd\u2019hui l\u2019Angola, n\u2019avait men\u00e9 que l\u2019\u00e9quipe olympique du S\u00e9n\u00e9gal. Pape Thiaw, lui, \u00e9tait sur le banc de Niarry Tally en Ligue 1 s\u00e9n\u00e9galaise avant de briller avec l\u2019\u00e9quipe locale. Malgr\u00e9 ce d\u00e9ficit d\u2019exp\u00e9rience, les deux hommes ont r\u00e9ussi la prouesse de remporter un titre continental et de qualifier le S\u00e9n\u00e9gal pour une Coupe du monde. Leur successeur n\u2019a pas le droit de faire moins. Le S\u00e9n\u00e9gal a disput\u00e9 trois des quatre derni\u00e8res finales de la Can et s\u2019est qualifi\u00e9 aux deux derni\u00e8res Coupes du monde. Ce statut doit \u00eatre maintenu, voire am\u00e9lior\u00e9. Patrick Vieira n\u2019a donc pas droit \u00e0 l\u2019erreur.<\/p>\n\n\n\n<h6 class=\"wp-block-heading\"><strong>Les cadres \u00e0 l\u2019\u00e9preuve du rajeunissement<\/strong><\/h6>\n\n\n\n<p class=\"wp-block-paragraph\">Pour r\u00e9ussir sa mission, le prochain s\u00e9lectionneur pourrait ne plus pouvoir compter sur les cadres qui ont fait les beaux jours du football s\u00e9n\u00e9galais depuis plus d\u2019une d\u00e9cennie. Sadio Man\u00e9, double champion d\u2019Afrique et double Ballon d\u2019or africain, avait annonc\u00e9 lors de la derni\u00e8re Can que ce serait sa derni\u00e8re comp\u00e9tition continentale avec les \u00ab Lions \u00bb. L\u2019ancien attaquant de Liverpool attendait sans doute la Coupe du monde avant de raccrocher. Depuis la fin de la comp\u00e9tition, pourtant, aucune annonce. \u00c0 34 ans, l\u2019enfant de Bambali n\u2019est plus le redoutable finisseur qui \u00e9claboussait la Premier League et enflammait les soir\u00e9es europ\u00e9ennes sous le maillot des Reds. Deuxi\u00e8me au Ballon d\u2019or mondial 2022, il brille encore en Arabie saoudite, dans un championnat qui reste en retrait des meilleurs.<\/p>\n\n\n\n<p class=\"wp-block-paragraph\">En s\u00e9lection depuis 2012, Sadio Man\u00e9 se rapproche clairement de la sortie au moment o\u00f9 Patrick Vieira prend la \u00ab Tani\u00e8re \u00bb en main.<\/p>\n\n\n\n<p class=\"wp-block-paragraph\">Idrissa Gana Gu\u00e8ye, joueur le plus ancien du groupe, devrait lui aussi bient\u00f4t passer le t\u00e9moin. Le milieu de terrain, qui f\u00eatera ses 37 ans le 26 septembre et vient de rejoindre l\u2019Arabie saoudite, doit d\u00e9sormais s\u2019effacer devant ses jeunes co\u00e9quipiers. Kalidou Koulibaly, de son c\u00f4t\u00e9, est de plus en plus pouss\u00e9 vers la sortie apr\u00e8s une Coupe du monde 2026 totalement rat\u00e9e. Le capitaine des \u00ab Lions \u00bb a livr\u00e9 des prestations tr\u00e8s d\u00e9cevantes, notamment face \u00e0 la Norv\u00e8ge (3-2) : \u00e0 35 ans, le d\u00e9fenseur n\u2019est plus le roc infranchissable qui a fait les beaux jours de Naples et du S\u00e9n\u00e9gal. \u00c9douard Mendy, l\u2019une des rares satisfactions du dernier Mondial, n\u2019a pas termin\u00e9 la comp\u00e9tition, bless\u00e9. \u00c0 34 ans, le gardien n\u2019est pas \u00e9ternel non plus et doit pr\u00e9parer sa succession. Avec plusieurs cadres ayant d\u00e9pass\u00e9 la trentaine et approchant \u00e0 grands pas de la retraite, le prochain s\u00e9lectionneur a tout int\u00e9r\u00eat \u00e0 imposer une v\u00e9ritable cure de jouvence, en injectant progressivement du sang neuf et en donnant plus de responsabilit\u00e9s \u00e0 une jeunesse qui n\u2019attend que \u00e7a.<\/p>\n\n\n\n<h6 class=\"wp-block-heading\"><strong>Les jeunes pr\u00eats \u00e0 prendre la rel\u00e8ve ?<\/strong><\/h6>\n\n\n\n<p class=\"wp-block-paragraph\">L\u2019\u00e9quipe nationale du S\u00e9n\u00e9gal \u00e9tait au plus bas en 2012, \u00e9limin\u00e9e d\u00e8s la phase de poules de la Can en Guin\u00e9e \u00e9quatoriale et au Gabon. Il avait fallu l\u2019arriv\u00e9e de nouvelles t\u00eates, port\u00e9es par la g\u00e9n\u00e9ration de Sadio Man\u00e9 et d\u2019Idrissa Gana Gu\u00e8ye, pour relever la pente. D\u2019autres, comme Kalidou Koulibaly ou \u00c9douard Mendy, sont arriv\u00e9s plus tard et ont aid\u00e9 le S\u00e9n\u00e9gal \u00e0 s\u2019installer au sommet du football africain. Au sortir du Mondial 2026, cette g\u00e9n\u00e9ration va devoir transmettre le flambeau aux plus jeunes. Pour la Can 2027 en Ouganda, au Kenya et en Tanzanie, puis pour la Coupe du monde 2030 en Espagne, au Portugal et au Maroc, il faudra davantage compter sur de jeunes loups aux dents longues : Pape Gu\u00e8ye, Isma\u00efla Sarr, Nicolas Jackson, Ibrahim Mbaye, Yehvann Diouf, Mamadou Sarr, El Hadji Malick Diouf, Lamine Camara, Habib Diarra\u2026 devront prendre leurs responsabilit\u00e9s et prouver qu\u2019ils ont les \u00e9paules assez larges pour porter la \u00ab Tani\u00e8re \u00bb.<\/p>\n\n\n\n<p class=\"wp-block-paragraph\">Mais avant de pr\u00e9tendre dicter sa loi en s\u00e9lection, encore faut-il s\u2019imposer en club. Un pr\u00e9alable que beaucoup n\u2019ont pas encore rempli. En leur temps, Sadio Man\u00e9 \u00e0 Liverpool, Idrissa Gana Gu\u00e8ye \u00e0 Everton, Kalidou Koulibaly \u00e0 Naples ou \u00c9douard Mendy \u00e0 Rennes puis \u00e0 Chelsea \u00e9taient des titulaires indiscutables. Aujourd\u2019hui, le tableau est bien diff\u00e9rent : Mamadou Sarr, barr\u00e9 \u00e0 Chelsea, a d\u00fb s\u2019exiler \u00e0 la Real Sociedad. Ibrahim Mbaye, confront\u00e9 \u00e0 une rude concurrence au Psg, a ralli\u00e9 Aston Villa sans place garantie dans le onze. Pape Matar Sarr, qui a perdu son statut \u00e0 Tottenham, est pr\u00eat\u00e9 \u00e0 la Juventus Turin o\u00f9 il devra batailler pour \u00eatre titulaire. Habib Diarra doit encore gagner sa place \u00e0 Sunderland. Nicolas Jackson, frein\u00e9 par la concurrence \u00e0 Chelsea puis au Bayern Munich, rejoint lui aussi Aston Villa, avec l\u2019obligation de prouver qu\u2019il vaut mieux qu\u2019un r\u00f4le de second couteau. Car ce ne sont certainement pas les seconds couteaux qui hisseront \u00e0 nouveau le S\u00e9n\u00e9gal au sommet du football africain.<\/p>\n\n\n\n<p class=\"wp-block-paragraph\"><strong>Par Julien Mbesse S\u00c8NE<\/strong><br>LESOLEIL<\/p>\n","protected":false},"excerpt":{"rendered":"<p>Patrick Vieira devrait \u00eatre le prochain entra\u00eeneur des Lions, selon la F\u00e9d\u00e9ration s\u00e9n\u00e9galaise de football, m\u00eame si rien n\u2019est encore<\/p>\n","protected":false},"author":1,"featured_media":76102,"comment_status":"open","ping_status":"open","sticky":false,"template":"","format":"standard","meta":{"footnotes":""},"categories":[9],"tags":[],"class_list":["post-78159","post","type-post","status-publish","format-standard","has-post-thumbnail","hentry","category-sports"],"_links":{"self":[{"href":"https:\/\/dekkbi.com\/index.php?rest_route=\/wp\/v2\/posts\/78159","targetHints":{"allow":["GET"]}}],"collection":[{"href":"https:\/\/dekkbi.com\/index.php?rest_route=\/wp\/v2\/posts"}],"about":[{"href":"https:\/\/dekkbi.com\/index.php?rest_route=\/wp\/v2\/types\/post"}],"author":[{"embeddable":true,"href":"https:\/\/dekkbi.com\/index.php?rest_route=\/wp\/v2\/users\/1"}],"replies":[{"embeddable":true,"href":"https:\/\/dekkbi.com\/index.php?rest_route=%2Fwp%2Fv2%2Fcomments&post=78159"}],"version-history":[{"count":1,"href":"https:\/\/dekkbi.com\/index.php?rest_route=\/wp\/v2\/posts\/78159\/revisions"}],"predecessor-version":[{"id":78160,"href":"https:\/\/dekkbi.com\/index.php?rest_route=\/wp\/v2\/posts\/78159\/revisions\/78160"}],"wp:featuredmedia":[{"embeddable":true,"href":"https:\/\/dekkbi.com\/index.php?rest_route=\/wp\/v2\/media\/76102"}],"wp:attachment":[{"href":"https:\/\/dekkbi.com\/index.php?rest_route=%2Fwp%2Fv2%2Fmedia&parent=78159"}],"wp:term":[{"taxonomy":"category","embeddable":true,"href":"https:\/\/dekkbi.com\/index.php?rest_route=%2Fwp%2Fv2%2Fcategories&post=78159"},{"taxonomy":"post_tag","embeddable":true,"href":"https:\/\/dekkbi.com\/index.php?rest_route=%2Fwp%2Fv2%2Ftags&post=78159"}],"curies":[{"name":"wp","href":"https:\/\/api.w.org\/{rel}","templated":true}]}}