{"id":78156,"date":"2026-09-04T10:20:43","date_gmt":"2026-09-04T10:20:43","guid":{"rendered":"https:\/\/dekkbi.com\/?p=78156"},"modified":"2026-09-04T10:20:55","modified_gmt":"2026-09-04T10:20:55","slug":"bassirou-diomaye-faye-et-le-cnp-explorent-les-voies-dune-cooperation-dynamique-entre-letat-et-le-secteur-prive","status":"publish","type":"post","link":"https:\/\/dekkbi.com\/?p=78156","title":{"rendered":"Bassirou Diomaye Faye et le CNP explorent les voies d\u2019une \u201dcoop\u00e9ration dynamique\u201d entre l\u2019Etat et le secteur priv\u00e9"},"content":{"rendered":"\n<p class=\"wp-block-paragraph\">Dakar, (APS) \u2013Le chef de l\u2019Etat, Bassirou Diomaye Faye a re\u00e7u, jeudi, au Palais, une d\u00e9l\u00e9gation du Conseil national du patronat (CNP), qui a \u00e9voqu\u00e9 avec lui les pr\u00e9occupations des employeurs et les voies d\u2019une \u201dcoop\u00e9ration dynamique\u201d entre l\u2019\u00c9tat et le secteur priv\u00e9, a appris l\u2019APS de source officielle.<\/p>\n\n\n\n<p class=\"wp-block-paragraph\">\u2018\u2019Le pr\u00e9sident de la R\u00e9publique, Bassirou Diomaye Faye, a re\u00e7u ce jeudi 3 septembre 2026, au Palais de la R\u00e9publique, une importante d\u00e9l\u00e9gation du Conseil national du patronat du S\u00e9n\u00e9gal, conduite par son pr\u00e9sident, Ba\u00efdy Agne\u2019\u2019, rapporte la Pr\u00e9sidence de la R\u00e9publique sur sa page officielle.<\/p>\n\n\n\n<p class=\"wp-block-paragraph\">Le chef de l\u2019Etat et la d\u00e9l\u00e9gation du CNP conduite par son pr\u00e9sident, Baidy Agne, ont notamment abord\u00e9 plusieurs sujets relatifs \u00e0 la situation actuelle des entreprises s\u00e9n\u00e9galaises.<\/p>\n\n\n\n<p class=\"wp-block-paragraph\">La m\u00eame source souligne que \u2018\u2019les \u00e9changes ont port\u00e9 sur les principales pr\u00e9occupations des employeurs et sur les voies d\u2019une coop\u00e9ration dynamique entre l\u2019\u00c9tat et le secteur priv\u00e9, au service de l\u2019\u00e9conomie nationale et de l\u2019emploi\u2019\u2019.<\/p>\n\n\n\n<p class=\"wp-block-paragraph\">Au cours de cette audience, le Conseil national du patronat a remis au chef de l\u2019\u00c9tat un m\u00e9morandum r\u00e9sumant ses principales propositions, signale la Pr\u00e9sidence.<\/p>\n\n\n\n<p class=\"wp-block-paragraph\">Pour sa part, le chef de l\u2019Etat a salu\u00e9 \u2018\u2019la qualit\u00e9 du dialogue avec le secteur priv\u00e9 et r\u00e9affirm\u00e9 sa volont\u00e9 de le renforcer dans un cadre de concertation r\u00e9gulier\u2019\u2019, ajoute la m\u00eame source.<\/p>\n\n\n\n<p class=\"wp-block-paragraph\">FD\/ABB\/MTN<\/p>\n","protected":false},"excerpt":{"rendered":"<p>Dakar, (APS) \u2013Le chef de l\u2019Etat, Bassirou Diomaye Faye a re\u00e7u, jeudi, au Palais, une d\u00e9l\u00e9gation du Conseil national du<\/p>\n","protected":false},"author":1,"featured_media":78157,"comment_status":"open","ping_status":"open","sticky":false,"template":"","format":"standard","meta":{"footnotes":""},"categories":[6],"tags":[],"class_list":["post-78156","post","type-post","status-publish","format-standard","has-post-thumbnail","hentry","category-politics"],"_links":{"self":[{"href":"https:\/\/dekkbi.com\/index.php?rest_route=\/wp\/v2\/posts\/78156","targetHints":{"allow":["GET"]}}],"collection":[{"href":"https:\/\/dekkbi.com\/index.php?rest_route=\/wp\/v2\/posts"}],"about":[{"href":"https:\/\/dekkbi.com\/index.php?rest_route=\/wp\/v2\/types\/post"}],"author":[{"embeddable":true,"href":"https:\/\/dekkbi.com\/index.php?rest_route=\/wp\/v2\/users\/1"}],"replies":[{"embeddable":true,"href":"https:\/\/dekkbi.com\/index.php?rest_route=%2Fwp%2Fv2%2Fcomments&post=78156"}],"version-history":[{"count":1,"href":"https:\/\/dekkbi.com\/index.php?rest_route=\/wp\/v2\/posts\/78156\/revisions"}],"predecessor-version":[{"id":78158,"href":"https:\/\/dekkbi.com\/index.php?rest_route=\/wp\/v2\/posts\/78156\/revisions\/78158"}],"wp:featuredmedia":[{"embeddable":true,"href":"https:\/\/dekkbi.com\/index.php?rest_route=\/wp\/v2\/media\/78157"}],"wp:attachment":[{"href":"https:\/\/dekkbi.com\/index.php?rest_route=%2Fwp%2Fv2%2Fmedia&parent=78156"}],"wp:term":[{"taxonomy":"category","embeddable":true,"href":"https:\/\/dekkbi.com\/index.php?rest_route=%2Fwp%2Fv2%2Fcategories&post=78156"},{"taxonomy":"post_tag","embeddable":true,"href":"https:\/\/dekkbi.com\/index.php?rest_route=%2Fwp%2Fv2%2Ftags&post=78156"}],"curies":[{"name":"wp","href":"https:\/\/api.w.org\/{rel}","templated":true}]}}