{"id":78150,"date":"2026-09-03T16:06:42","date_gmt":"2026-09-03T16:06:42","guid":{"rendered":"https:\/\/dekkbi.com\/?p=78150"},"modified":"2026-09-03T16:06:43","modified_gmt":"2026-09-03T16:06:43","slug":"des-eurodeputes-exigent-des-sanctions-contre-meta-apres-son-proces-aux-etats-unis","status":"publish","type":"post","link":"https:\/\/dekkbi.com\/?p=78150","title":{"rendered":"Des eurod\u00e9put\u00e9s exigent des sanctions contre Meta, apr\u00e8s son proc\u00e8s aux Etats-Unis"},"content":{"rendered":"\n<p class=\"wp-block-paragraph\">Par AFP \u00a9 2026 AFP &#8211; Des eurod\u00e9put\u00e9s ont appel\u00e9 jeudi l&rsquo;UE \u00e0 forcer Meta \u00e0 appliquer sur le sol europ\u00e9en les mesures de protection des mineurs qu&rsquo;il s&rsquo;est engag\u00e9 \u00e0 mettre en oeuvre aux Etats-Unis pour solder un proc\u00e8s historique.<\/p>\n\n\n\n<p class=\"wp-block-paragraph\">L&rsquo;entreprise californienne a conclu en ao\u00fbt un accord dans une cinquantaine d&rsquo;\u00c9tats et territoires am\u00e9ricains : en plus d&rsquo;un paiement de 17 milliards de dollars, elle s&rsquo;est engag\u00e9e \u00e0 limiter l&rsquo;utilisation de ses r\u00e9seaux sociaux \u00e0 deux heures par jour pour les moins de 18 ans et \u00e0 bloquer leur acc\u00e8s entre minuit et 6h00. Seul un parent pourra assouplir ces r\u00e9glages.<\/p>\n\n\n\n<p class=\"wp-block-paragraph\">Mais cela ne s&rsquo;appliquera que dans les \u00c9tats am\u00e9ricains signataires, l&rsquo;accord pr\u00e9cisant qu&rsquo;il ne cr\u00e9e aucun pr\u00e9c\u00e9dent ailleurs aux Etats-Unis, \u00ab\u00a0ni dans aucune juridiction internationale\u00a0\u00bb.<\/p>\n\n\n\n<p class=\"wp-block-paragraph\">Au grand dam d&rsquo;une cinquantaine d&rsquo;eurod\u00e9put\u00e9s, men\u00e9s par l&rsquo;\u00e9lue fran\u00e7aise St\u00e9phanie Yon-Courtin (Renew, centre), qui ont appel\u00e9 la pr\u00e9sidente de la Commission europ\u00e9enne Ursula von der Leyen \u00e0 forcer la main de Meta.<\/p>\n\n\n\n<p class=\"wp-block-paragraph\">\u00ab\u00a0Les enfants europ\u00e9ens ne sont pas moins importants que les Am\u00e9ricains\u00a0\u00bb et \u00ab\u00a0il serait insupportable que les mineurs europ\u00e9ens se retrouvent moins bien prot\u00e9g\u00e9s\u00a0\u00bb, plaident ces \u00e9lus de tous bords, des rangs \u00e9cologistes \u00e0 ceux de la droite en passant par les sociaux-d\u00e9mocrates, The Left (gauche radicale) et les centristes.<\/p>\n\n\n\n<p class=\"wp-block-paragraph\">Ils s&rsquo;insurgent que Meta ait contest\u00e9 les conclusions pr\u00e9liminaires d&rsquo;une enqu\u00eate de la Commission, qui lui a ordonn\u00e9 en juillet de modifier les interfaces jug\u00e9es trop \u00ab\u00a0addictives\u00a0\u00bb de Facebook et Meta, ce qu&rsquo;il vient pourtant de s&rsquo;engager \u00e0 faire aux Etats-Unis.<\/p>\n\n\n\n<p class=\"wp-block-paragraph\">Selon eux, au vu de ces \u00e9l\u00e9ments, la Commission devrait conclure son enqu\u00eate et condamner Meta, en lui imposant de prendre de telles mesures.<\/p>\n\n\n\n<p class=\"wp-block-paragraph\">Ils vont m\u00eame jusqu&rsquo;\u00e0 sugg\u00e9rer que Bruxelles demande \u00ab\u00a0si n\u00e9cessaire\u00a0\u00bb \u00e0 la justice europ\u00e9enne de bloquer temporairement l&rsquo;acc\u00e8s \u00e0 Facebook et Instagram, jusqu&rsquo;\u00e0 ce que le g\u00e9ant am\u00e9ricain s&rsquo;ex\u00e9cute.<\/p>\n\n\n\n<p class=\"wp-block-paragraph\">Une telle suspension serait totalement in\u00e9dite, mais elle est pr\u00e9vue en dernier recours par le r\u00e8glement europ\u00e9en sur les services num\u00e9riques (Digital services act), cette puissante loi de l&rsquo;UE sur laquelle s&rsquo;appuie l&rsquo;enqu\u00eate europ\u00e9enne contre Meta.<\/p>\n\n\n\n<p class=\"wp-block-paragraph\">Selon eux, une telle sanction pourrait avoir plus d&rsquo;effet que les amendes jusqu&rsquo;ici impos\u00e9es par l&rsquo;UE aux g\u00e9ants du num\u00e9rique, et les convaincre de changer les aspects nocifs de leurs mod\u00e8les \u00e9conomiques.<\/p>\n\n\n\n<p class=\"wp-block-paragraph\">Interrog\u00e9e sur cette initiative, la Commission a contest\u00e9 l&rsquo;id\u00e9e que son enqu\u00eate ciblant Meta serait trop lente, soulignant que le proc\u00e8s am\u00e9ricain faisait suite \u00e0 trois ans de proc\u00e9dure, et que les engagements du groupe aux Etats-Unis seraient mis en oeuvre sur une p\u00e9riode de dix ans.<\/p>\n\n\n\n<p class=\"wp-block-paragraph\">\u00ab\u00a0Nous sommes parvenus \u00e0 \u00e9tablir des conclusions pr\u00e9liminaires similaires en seulement deux ans\u00a0\u00bb, a soulign\u00e9 Thomas Regnier, porte-parole de l&rsquo;ex\u00e9cutif europ\u00e9en en mati\u00e8re de num\u00e9rique.<\/p>\n\n\n\n<p class=\"wp-block-paragraph\">\u00ab\u00a0Nous appliquerons nos lois sans faillir\u00a0\u00bb et \u00ab\u00a0nous ne nous contenterons pas d&rsquo;une ou deux protections\u00a0\u00bb, a-t-il assur\u00e9.<\/p>\n\n\n\n<p class=\"wp-block-paragraph\">\u00ab\u00a0Nous sommes pr\u00eats \u00e0 durcir encore les r\u00e8gles en Europe sur ce sujet, mais je pense que les plateformes pourraient d\u00e9j\u00e0 faire beaucoup plus d\u00e8s maintenant\u00a0\u00bb, a par ailleurs d\u00e9clar\u00e9 mercredi \u00e0 l&rsquo;AFP la vice-pr\u00e9sidente de la Commission charg\u00e9e du Num\u00e9rique, Henna Virkkunen, en marge d&rsquo;une r\u00e9union minist\u00e9rielle du G20 organis\u00e9e aux Etats-Unis.<\/p>\n","protected":false},"excerpt":{"rendered":"<p>Par AFP \u00a9 2026 AFP &#8211; Des eurod\u00e9put\u00e9s ont appel\u00e9 jeudi l&rsquo;UE \u00e0 forcer Meta \u00e0 appliquer sur le sol<\/p>\n","protected":false},"author":1,"featured_media":78151,"comment_status":"open","ping_status":"open","sticky":false,"template":"","format":"standard","meta":{"footnotes":""},"categories":[3],"tags":[],"class_list":["post-78150","post","type-post","status-publish","format-standard","has-post-thumbnail","hentry","category-event-more-news"],"_links":{"self":[{"href":"https:\/\/dekkbi.com\/index.php?rest_route=\/wp\/v2\/posts\/78150","targetHints":{"allow":["GET"]}}],"collection":[{"href":"https:\/\/dekkbi.com\/index.php?rest_route=\/wp\/v2\/posts"}],"about":[{"href":"https:\/\/dekkbi.com\/index.php?rest_route=\/wp\/v2\/types\/post"}],"author":[{"embeddable":true,"href":"https:\/\/dekkbi.com\/index.php?rest_route=\/wp\/v2\/users\/1"}],"replies":[{"embeddable":true,"href":"https:\/\/dekkbi.com\/index.php?rest_route=%2Fwp%2Fv2%2Fcomments&post=78150"}],"version-history":[{"count":1,"href":"https:\/\/dekkbi.com\/index.php?rest_route=\/wp\/v2\/posts\/78150\/revisions"}],"predecessor-version":[{"id":78152,"href":"https:\/\/dekkbi.com\/index.php?rest_route=\/wp\/v2\/posts\/78150\/revisions\/78152"}],"wp:featuredmedia":[{"embeddable":true,"href":"https:\/\/dekkbi.com\/index.php?rest_route=\/wp\/v2\/media\/78151"}],"wp:attachment":[{"href":"https:\/\/dekkbi.com\/index.php?rest_route=%2Fwp%2Fv2%2Fmedia&parent=78150"}],"wp:term":[{"taxonomy":"category","embeddable":true,"href":"https:\/\/dekkbi.com\/index.php?rest_route=%2Fwp%2Fv2%2Fcategories&post=78150"},{"taxonomy":"post_tag","embeddable":true,"href":"https:\/\/dekkbi.com\/index.php?rest_route=%2Fwp%2Fv2%2Ftags&post=78150"}],"curies":[{"name":"wp","href":"https:\/\/api.w.org\/{rel}","templated":true}]}}