{"id":78131,"date":"2026-09-03T12:04:35","date_gmt":"2026-09-03T12:04:35","guid":{"rendered":"https:\/\/dekkbi.com\/?p=78131"},"modified":"2026-09-03T12:35:13","modified_gmt":"2026-09-03T12:35:13","slug":"a-jerusalem-les-autorites-congolaises-et-israeliennes-renforcent-leur-cooperation","status":"publish","type":"post","link":"https:\/\/dekkbi.com\/?p=78131","title":{"rendered":"Coop\u00e9ration congolaises et isra\u00e9liennes"},"content":{"rendered":"\n<p class=\"wp-block-paragraph\">Le pr\u00e9sident congolais F\u00e9lix Tshisekedi a quitt\u00e9 Isra\u00ebl, mercredi 2 septembre, au terme d&rsquo;une visite de travail de trois jours lors de laquelle il a rencontr\u00e9, \u00e0 J\u00e9rusalem, le pr\u00e9sident Isaac Herzog et le Premier ministre Benyamin Netanyahu. Kinshasa et les autorit\u00e9s isra\u00e9liennes affichent leur volont\u00e9 d&rsquo;approfondir une relation d\u00e9j\u00e0 ancienne, avec un accent particulier sur la s\u00e9curit\u00e9, l&rsquo;agriculture et les technologies.<\/p>\n\n\n\n<p class=\"wp-block-paragraph\"><strong>Par : RFI<\/strong><\/p>\n\n\n\n<p class=\"wp-block-paragraph\">C&rsquo;est \u00e0 l&rsquo;invitation du pr\u00e9sident&nbsp;<strong>Isaac Herzog<\/strong>&nbsp;que&nbsp;<strong>F\u00e9lix Tshisekedi<\/strong>&nbsp;a effectu\u00e9 ce deuxi\u00e8me d\u00e9placement en&nbsp;<strong>Isra\u00ebl<\/strong>&nbsp;depuis son arriv\u00e9e au pouvoir.&nbsp;Au-del\u00e0 des d\u00e9clarations d&rsquo;amiti\u00e9, Isra\u00ebl et la R\u00e9publique d\u00e9mocratique du Congo (RDC) souhaitent d\u00e9sormais passer \u00e0 des projets concrets.<\/p>\n\n\n\n<p class=\"wp-block-paragraph\">Une visite de r\u00e9ciprocit\u00e9&nbsp;: le chef de l&rsquo;\u00c9tat isra\u00e9lien s&rsquo;\u00e9tait lui-m\u00eame rendu \u00e0 Kinshasa en novembre 2025. \u00c0 J\u00e9rusalem, Isaac Herzog a insist\u00e9 sur la proximit\u00e9 politique entre les deux pays. \u00ab&nbsp;<em>Les relations que nous entretenons avec la&nbsp;<strong>RDC<\/strong>&nbsp;sont extr\u00eamement importantes pour nous. Elles sont tr\u00e8s, tr\u00e8s bonnes<\/em>&nbsp;\u00bb, s&rsquo;est f\u00e9licit\u00e9 le chef de l&rsquo;\u00c9tat. \u00ab&nbsp;<em>Nous coop\u00e9rons et travaillons ensemble dans de tr\u00e8s nombreux domaines. Nous appr\u00e9cions votre soutien \u00e0 Isra\u00ebl,&nbsp; monsieur le Pr\u00e9sident, sur la sc\u00e8ne internationale, et cette visite t\u00e9moigne de la profondeur et de l&rsquo;importance de ces relations<\/em>&nbsp;\u00bb, a-t-il ajout\u00e9.<\/p>\n\n\n\n<p class=\"wp-block-paragraph\">Avec Isaac Herzog, puis avec le Premier ministre&nbsp;<strong>Benyamin Netanyahu<\/strong>, F\u00e9lix Tshisekedi a discut\u00e9 de s\u00e9curit\u00e9 et de d\u00e9fense, mais aussi d&rsquo;agriculture, d&rsquo;\u00e9nergie, d&rsquo;infrastructures et de hautes technologies. \u00ab&nbsp;<em>Notre ambition est claire<\/em>&nbsp;<em>: b\u00e2tir un partenariat plus structur\u00e9, plus concret et davantage tourn\u00e9 vers des r\u00e9sultats au b\u00e9n\u00e9fice de nos deux peuples<\/em>, a d\u00e9velopp\u00e9 le pr\u00e9sident congolais.&nbsp;<em>Avec le pr\u00e9sident Herzog, nous avons \u00e9galement \u00e9chang\u00e9 sur les principales questions internationales et r\u00e9gionales, ainsi que sur les d\u00e9fis de paix et de s\u00e9curit\u00e9 auxquels nos pays sont confront\u00e9s.<\/em>&nbsp;\u00bb<\/p>\n\n\n\n<p class=\"wp-block-paragraph\">Pour afficher ce contenu X (Twitter), il est n\u00e9cessaire d&rsquo;autoriser les cookies de mesure d&rsquo;audience et de publicit\u00e9.AccepterG\u00e9rer mes choix<\/p>\n\n\n\n<p class=\"wp-block-paragraph\">F\u00e9lix Tshisekedi a par ailleurs indiqu\u00e9 que les situations s\u00e9curitaire et humanitaire dans l&rsquo;est de la RDC avaient \u00e9t\u00e9 abord\u00e9es au cours de sa visite. \u00ab&nbsp;<em>J&rsquo;ai r\u00e9affirm\u00e9 l&rsquo;attachement ind\u00e9fectible de mon pays \u00e0 sa souverainet\u00e9 et \u00e0 son int\u00e9grit\u00e9 territoriale, conform\u00e9ment \u00e0 la Charte des Nations unies et au droit international<\/em>&nbsp;\u00bb, a continu\u00e9 le pr\u00e9sident congolais. Sur le&nbsp;<strong>Moyen-Orient<\/strong>, F\u00e9lix Tshisekedi a r\u00e9affirm\u00e9 son attachement \u00e0 la s\u00e9curit\u00e9 d&rsquo;Isra\u00ebl, tout en appelant \u00e0 prot\u00e9ger les civils, \u00e0 respecter le droit international et \u00e0 maintenir la voie du dialogue.<\/p>\n\n\n\n<p class=\"wp-block-paragraph\">RDC-Isra\u00ebl: un rapprochement s\u00e9curitaire sur fond de tensions avec le Rwanda<\/p>\n\n\n\n<p class=\"wp-block-paragraph\">Au-del\u00e0 des secteurs de coop\u00e9ration officiellement \u00e9voqu\u00e9s lors de la visite de F\u00e9lix Tshisekedi \u00e0 J\u00e9rusalem, la relation avec Isra\u00ebl comporte d\u00e9j\u00e0 un volet s\u00e9curitaire. Depuis 2024, des prestataires isra\u00e9liens ont particip\u00e9 \u00e0 la protection du pr\u00e9sident congolais et \u00e0 la formation de certains membres de la Garde r\u00e9publicaine. Selon plusieurs sources concordantes, des conseillers isra\u00e9liens ont \u00e9galement form\u00e9 deux bataillons congolais de forces sp\u00e9ciales.<\/p>\n\n\n\n<p class=\"wp-block-paragraph\">La d\u00e9fense, la s\u00e9curit\u00e9 et les hautes technologies ont figur\u00e9 parmi les domaines de coop\u00e9ration cit\u00e9s \u00e0 J\u00e9rusalem, mais aucun contrat pr\u00e9cis n\u2019a \u00e9t\u00e9 annonc\u00e9.<\/p>\n\n\n\n<p class=\"wp-block-paragraph\">Cette relation comporte aussi un enjeu diplomatique dans le contexte des tensions entre la RDC et le Rwanda. Isra\u00ebl soutient la m\u00e9diation am\u00e9ricaine entre Kinshasa et Kigali, et la mise en \u0153uvre de l\u2019accord de Washington a \u00e9t\u00e9 \u00e9voqu\u00e9e avec la d\u00e9l\u00e9gation congolaise. Dans le m\u00eame temps, Isra\u00ebl entretient une coop\u00e9ration militaire avec le Rwanda : en mars dernier, l\u2019ambassadrice isra\u00e9lienne \u00e0 Kigali a rencontr\u00e9 le ministre rwandais de la D\u00e9fense et le chef d\u2019\u00e9tat-major afin d\u2019examiner les moyens de la renforcer. Des \u00e9quipements militaires de fabrication isra\u00e9lienne sont \u00e9galement signal\u00e9s dans l\u2019arsenal rwandais.<\/p>\n\n\n\n<p class=\"wp-block-paragraph\">Kinshasa ouvre ainsi un canal suppl\u00e9mentaire pour diversifier ses partenariats s\u00e9curitaires et mieux faire entendre sa position sur le conflit avec le Rwanda, r\u00e9sume un diplomate.<\/p>\n","protected":false},"excerpt":{"rendered":"<p>Le pr\u00e9sident congolais F\u00e9lix Tshisekedi a quitt\u00e9 Isra\u00ebl, mercredi 2 septembre, au terme d&rsquo;une visite de travail de trois jours<\/p>\n","protected":false},"author":1,"featured_media":8163,"comment_status":"open","ping_status":"open","sticky":false,"template":"","format":"standard","meta":{"footnotes":""},"categories":[51],"tags":[],"class_list":["post-78131","post","type-post","status-publish","format-standard","has-post-thumbnail","hentry","category-general"],"_links":{"self":[{"href":"https:\/\/dekkbi.com\/index.php?rest_route=\/wp\/v2\/posts\/78131","targetHints":{"allow":["GET"]}}],"collection":[{"href":"https:\/\/dekkbi.com\/index.php?rest_route=\/wp\/v2\/posts"}],"about":[{"href":"https:\/\/dekkbi.com\/index.php?rest_route=\/wp\/v2\/types\/post"}],"author":[{"embeddable":true,"href":"https:\/\/dekkbi.com\/index.php?rest_route=\/wp\/v2\/users\/1"}],"replies":[{"embeddable":true,"href":"https:\/\/dekkbi.com\/index.php?rest_route=%2Fwp%2Fv2%2Fcomments&post=78131"}],"version-history":[{"count":3,"href":"https:\/\/dekkbi.com\/index.php?rest_route=\/wp\/v2\/posts\/78131\/revisions"}],"predecessor-version":[{"id":78137,"href":"https:\/\/dekkbi.com\/index.php?rest_route=\/wp\/v2\/posts\/78131\/revisions\/78137"}],"wp:featuredmedia":[{"embeddable":true,"href":"https:\/\/dekkbi.com\/index.php?rest_route=\/wp\/v2\/media\/8163"}],"wp:attachment":[{"href":"https:\/\/dekkbi.com\/index.php?rest_route=%2Fwp%2Fv2%2Fmedia&parent=78131"}],"wp:term":[{"taxonomy":"category","embeddable":true,"href":"https:\/\/dekkbi.com\/index.php?rest_route=%2Fwp%2Fv2%2Fcategories&post=78131"},{"taxonomy":"post_tag","embeddable":true,"href":"https:\/\/dekkbi.com\/index.php?rest_route=%2Fwp%2Fv2%2Ftags&post=78131"}],"curies":[{"name":"wp","href":"https:\/\/api.w.org\/{rel}","templated":true}]}}