{"id":78121,"date":"2026-09-03T10:44:48","date_gmt":"2026-09-03T10:44:48","guid":{"rendered":"https:\/\/dekkbi.com\/?p=78121"},"modified":"2026-09-03T10:44:49","modified_gmt":"2026-09-03T10:44:49","slug":"el-nino-va-sintensifier-pourquoi-les-prochains-mois-inquietent-les-climatologues","status":"publish","type":"post","link":"https:\/\/dekkbi.com\/?p=78121","title":{"rendered":"El Ni\u00f1o \u00abva s&rsquo;intensifier\u00bb: pourquoi les prochains mois inqui\u00e8tent les climatologues"},"content":{"rendered":"\n<p class=\"wp-block-paragraph\">Le ph\u00e9nom\u00e8ne El Ni\u00f1o est d\u00e9sormais \u00ab&nbsp;<em>solidement install\u00e9<\/em>&nbsp;\u00bb et devrait encore se renforcer dans les prochains mois pour atteindre une intensit\u00e9 \u00ab&nbsp;<em>tr\u00e8s forte<\/em>&nbsp;\u00bb avec une quasi-certitude qu&rsquo;il se prolonge jusqu&rsquo;en f\u00e9vrier 2027, a alert\u00e9 jeudi 3 septembre l&rsquo;Organisation m\u00e9t\u00e9orologique mondiale.<\/p>\n\n\n\n<p class=\"wp-block-paragraph\">Par :  RFI avec AFP<\/p>\n\n\n\n<p class=\"wp-block-paragraph\">\u00ab\u00a0<em>El Ni\u00f1o s&rsquo;est solidement install\u00e9 et va s&rsquo;intensifier pour devenir un ph\u00e9nom\u00e8ne de tr\u00e8s forte intensit\u00e9 dans les mois \u00e0 venir, avec des r\u00e9percussions importantes sur les r\u00e9gimes de temp\u00e9rature et de pr\u00e9cipitations, ainsi que sur les risques associ\u00e9s d&rsquo;inondations, de s\u00e9cheresses et de chaleurs extr\u00eames<\/em>\u00a0\u00bb,\u00a0<strong>alerte une nouvelle mise \u00e0 jour de l&rsquo;Organisation m\u00e9t\u00e9orologique mondiale (OMM)<\/strong>.\u00a0L&rsquo;\u00e9pisode \u00ab\u00a0<em>devrait se renforcer encore au cours des prochains mois pour atteindre une tr\u00e8s forte intensit\u00e9 avant de parvenir \u00e0 son apog\u00e9e vers la fin de l&rsquo;ann\u00e9e 2026<\/em>\u00a0\u00bb, pr\u00e9vient encore l&rsquo;OMM.<\/p>\n\n\n\n<p class=\"wp-block-paragraph\">L&rsquo;organisation souligne aussi que les derni\u00e8res pr\u00e9visions saisonni\u00e8res des centres mondiaux de production de l&rsquo;OMM indiquent \u00ab&nbsp;<em>une probabilit\u00e9 exceptionnellement \u00e9lev\u00e9e<\/em>&nbsp;\u00bb de pr\u00e8s de 100 % qu&rsquo;El Ni\u00f1o se maintienne jusqu&rsquo;en f\u00e9vrier 2027.<\/p>\n\n\n\n<p class=\"wp-block-paragraph\">\u00ab\u00a0<em>El Ni\u00f1o prend sous nos yeux une ampleur exceptionnelle. La science est sans \u00e9quivoque : la plan\u00e8te s&rsquo;engage en eaux inconnues, et\u00a0<strong>ces eaux se r\u00e9chauffent<\/strong>. La temp\u00e9rature de la mer en surface atteint des niveaux records, le mercure continue de grimper et nous nous trouvons dans une zone \u00e0 hauts risques o\u00f9 les ph\u00e9nom\u00e8nes m\u00e9t\u00e9orologiques extr\u00eames deviennent la nouvelle norme<\/em>\u00a0\u00bb, s&rsquo;est alarm\u00e9 le secr\u00e9taire g\u00e9n\u00e9ral de l&rsquo;<strong>ONU<\/strong>,\u00a0<strong>Antonio Guterres<\/strong>.<\/p>\n\n\n\n<h2 class=\"wp-block-heading\">Ph\u00e9nom\u00e8ne r\u00e9current<\/h2>\n\n\n\n<p class=\"wp-block-paragraph\">El Ni\u00f1o est un ph\u00e9nom\u00e8ne naturel qui revient tous les deux \u00e0 sept ans. Les eaux de surface dans le centre et l&rsquo;est du Pacifique \u00e9quatorial se r\u00e9chauffent \u00e0 partir du printemps, ce qui entra\u00eene les mois suivants des modifications majeures des r\u00e9gimes de vents, de pression et de pr\u00e9cipitations \u00e0 l&rsquo;\u00e9chelle mondiale.<\/p>\n\n\n\n<p class=\"wp-block-paragraph\">Les temp\u00e9ratures de surface de la mer dans cette zone du Pacifique \u00e9quatorial sont d\u00e9j\u00e0 nettement sup\u00e9rieures \u00e0 la moyenne et continuent d&rsquo;augmenter. Elles \u00e9taient en moyenne sup\u00e9rieures de 1,5\u00b0C aux normales entre mai et juillet 2026, puis de 2,0\u00b0C en juillet, rel\u00e8ve l&rsquo;OMM, \u00e9voquant aussi entre fin juillet et mi-ao\u00fbt des relev\u00e9s de 2,2\u00b0C \u00e0 2,6\u00b0C au-dessus de la moyenne, \u00ab&nbsp;<em>ce qui t\u00e9moigne de la poursuite du renforcement du ph\u00e9nom\u00e8ne&nbsp;<\/em>\u00bb.<\/p>\n\n\n\n<p class=\"wp-block-paragraph\">Sous la surface de l&rsquo;oc\u00e9an, les temp\u00e9ratures oc\u00e9aniques \u00e9taient m\u00eame dans certaines zones sup\u00e9rieures de plus de 8\u00b0C \u00e0 la moyenne en juillet et au d\u00e9but du mois d&rsquo;ao\u00fbt. \u00ab&nbsp;<em>Ces conditions confirment donc la persistance d&rsquo;El Ni\u00f1o et la possibilit\u00e9 d&rsquo;un nouveau renforcement au cours des prochains mois&nbsp;<\/em>\u00bb, selon la mise \u00e0 jour de l&rsquo;OMM.<\/p>\n\n\n\n<h2 class=\"wp-block-heading\">Des effets variables<\/h2>\n\n\n\n<p class=\"wp-block-paragraph\">Si chaque El Ni\u00f1o est diff\u00e9rent,\u00a0<strong>le ph\u00e9nom\u00e8ne a historiquement provoqu\u00e9 ou intensifi\u00e9 des s\u00e9cheresses et des risques d&rsquo;incendies<\/strong>\u00a0dans certaines r\u00e9gions de l&rsquo;Amazonie, d&rsquo;Am\u00e9rique centrale, d&rsquo;Indon\u00e9sie et d&rsquo;Australie, des perturbations de la mousson en Inde ou des pluies diluviennes dans l&rsquo;est de l&rsquo;Afrique.<\/p>\n\n\n\n<p class=\"wp-block-paragraph\">Toutefois, l&rsquo;intensit\u00e9 d&rsquo;un \u00e9pisode d&rsquo;El Ni\u00f1o ne suffit pas \u00e0 d\u00e9terminer la gravit\u00e9 de ses cons\u00e9quences dans un pays ou une r\u00e9gion donn\u00e9e, souligne l&rsquo;OMM. Ses effets varient selon les r\u00e9gions et les saisons et peuvent \u00eatre modifi\u00e9s par d&rsquo;autres facteurs climatiques, notamment les conditions dans les oc\u00e9ans Indien et Atlantique.<\/p>\n\n\n\n<p class=\"wp-block-paragraph\">L&rsquo;ann\u00e9e suivant El Ni\u00f1o, la chaleur emmagasin\u00e9e dans l&rsquo;oc\u00e9an se lib\u00e8re dans l&rsquo;atmosph\u00e8re, contribuant g\u00e9n\u00e9ralement \u00e0 augmenter les temp\u00e9ratures mondiales, ce qui fait pr\u00e9dire \u00e0 de nombreux climatologues que l&rsquo;ann\u00e9e 2027 sera la plus chaude jamais enregistr\u00e9e. L&rsquo;ann\u00e9e la plus chaude \u00e0 ce jour est 2024, apr\u00e8s le dernier El Ni\u00f1o.<\/p>\n","protected":false},"excerpt":{"rendered":"<p>Le ph\u00e9nom\u00e8ne El Ni\u00f1o est d\u00e9sormais \u00ab&nbsp;solidement install\u00e9&nbsp;\u00bb et devrait encore se renforcer dans les prochains mois pour atteindre une<\/p>\n","protected":false},"author":1,"featured_media":78123,"comment_status":"open","ping_status":"open","sticky":false,"template":"","format":"standard","meta":{"footnotes":""},"categories":[51],"tags":[],"class_list":["post-78121","post","type-post","status-publish","format-standard","has-post-thumbnail","hentry","category-general"],"_links":{"self":[{"href":"https:\/\/dekkbi.com\/index.php?rest_route=\/wp\/v2\/posts\/78121","targetHints":{"allow":["GET"]}}],"collection":[{"href":"https:\/\/dekkbi.com\/index.php?rest_route=\/wp\/v2\/posts"}],"about":[{"href":"https:\/\/dekkbi.com\/index.php?rest_route=\/wp\/v2\/types\/post"}],"author":[{"embeddable":true,"href":"https:\/\/dekkbi.com\/index.php?rest_route=\/wp\/v2\/users\/1"}],"replies":[{"embeddable":true,"href":"https:\/\/dekkbi.com\/index.php?rest_route=%2Fwp%2Fv2%2Fcomments&post=78121"}],"version-history":[{"count":1,"href":"https:\/\/dekkbi.com\/index.php?rest_route=\/wp\/v2\/posts\/78121\/revisions"}],"predecessor-version":[{"id":78124,"href":"https:\/\/dekkbi.com\/index.php?rest_route=\/wp\/v2\/posts\/78121\/revisions\/78124"}],"wp:featuredmedia":[{"embeddable":true,"href":"https:\/\/dekkbi.com\/index.php?rest_route=\/wp\/v2\/media\/78123"}],"wp:attachment":[{"href":"https:\/\/dekkbi.com\/index.php?rest_route=%2Fwp%2Fv2%2Fmedia&parent=78121"}],"wp:term":[{"taxonomy":"category","embeddable":true,"href":"https:\/\/dekkbi.com\/index.php?rest_route=%2Fwp%2Fv2%2Fcategories&post=78121"},{"taxonomy":"post_tag","embeddable":true,"href":"https:\/\/dekkbi.com\/index.php?rest_route=%2Fwp%2Fv2%2Ftags&post=78121"}],"curies":[{"name":"wp","href":"https:\/\/api.w.org\/{rel}","templated":true}]}}