{"id":78113,"date":"2026-09-03T10:28:46","date_gmt":"2026-09-03T10:28:46","guid":{"rendered":"https:\/\/dekkbi.com\/?p=78113"},"modified":"2026-09-03T10:28:47","modified_gmt":"2026-09-03T10:28:47","slug":"crimes-rituels-au-senegal-la-jir-appelle-a-une-reponse-ferme-des-autorites","status":"publish","type":"post","link":"https:\/\/dekkbi.com\/?p=78113","title":{"rendered":"Crimes rituels au S\u00e9n\u00e9gal : la JIR appelle \u00e0 une r\u00e9ponse ferme des autorit\u00e9s"},"content":{"rendered":"\n<h3 class=\"wp-block-heading\">Face \u00e0 la recrudescence de crimes particuli\u00e8rement violents au S\u00e9n\u00e9gal, la Jama\u2019atou Ibadou Rahmane (JIR) interpelle les autorit\u00e9s et appelle \u00e0 des mesures fortes. L\u2019organisation religieuse r\u00e9clame notamment une application rigoureuse de la loi, un renforcement de la s\u00e9curit\u00e9 et une lutte accrue contre le charlatanisme.<\/h3>\n\n\n\n<p class=\"wp-block-paragraph\">La Jama\u2019atou Ibadou Rahmane (JIR) monte au cr\u00e9neau face \u00e0 la multiplication de crimes violents et de faits qualifi\u00e9s de barbares au S\u00e9n\u00e9gal. Dans une d\u00e9claration, l\u2019organisation religieuse dit suivre avec \u00ab une vive inqui\u00e9tude, un choc profond et une immense tristesse \u00bb les diff\u00e9rents drames survenus ces derniers temps.<\/p>\n\n\n\n<p class=\"wp-block-paragraph\">La JIR cite notamment l\u2019assassinat de Fatoumata Makhtar Ndiaye, ancienne membre du Conseil \u00e9conomique, social et environnemental, ainsi que le meurtre d\u2019une femme \u00e0 Tambacounda. Elle \u00e9voque \u00e9galement le r\u00e9cent d\u00e9c\u00e8s tragique d\u2019une jeune fille \u00e0 Tivaouane, dans une affaire li\u00e9e \u00e0 des accusations de sorcellerie et de charlatanisme.<\/p>\n\n\n\n<p class=\"wp-block-paragraph\">L\u2019organisation rappelle par ailleurs les victimes des violences survenues lors des \u00e9v\u00e9nements politiques entre 2021 et 2024, ainsi que d\u2019autres personnes tu\u00e9es dans des circonstances diverses.<\/p>\n\n\n\n<p class=\"wp-block-paragraph\"><strong>La JIR r\u00e9clame des sanctions exemplaires<br><\/strong><br>Face \u00e0 cette situation, la JIR condamne fermement toute forme de violence et r\u00e9affirme son attachement au droit \u00e0 la vie. Elle met particuli\u00e8rement en garde contre ce qu\u2019elle pr\u00e9sente comme une progression de pratiques occultes et de crimes \u00e0 caract\u00e8re rituel.<\/p>\n\n\n\n<p class=\"wp-block-paragraph\">L\u2019organisation demande au pr\u00e9sident de la R\u00e9publique de faire prendre aux autorit\u00e9s gouvernementales et judiciaires les mesures n\u00e9cessaires.<\/p>\n\n\n\n<p class=\"wp-block-paragraph\">Parmi ses principales revendications figure l\u2019application rigoureuse de la loi, avec des sanctions p\u00e9nales qu\u2019elle souhaite maximales et suffisamment dissuasives \u00e0 l\u2019encontre des auteurs des infractions concern\u00e9es.<\/p>\n\n\n\n<p class=\"wp-block-paragraph\">La JIR insiste \u00e9galement sur la n\u00e9cessit\u00e9 de sensibiliser davantage les populations sur les dangers du charlatanisme et de certaines pratiques qu\u2019elle consid\u00e8re comme contraires aux principes de la foi musulmane.<\/p>\n\n\n\n<p class=\"wp-block-paragraph\"><strong>Renforcer la pr\u00e9sence des forces de s\u00e9curit\u00e9<br><\/strong><br>Autre exigence : le renforcement du dispositif s\u00e9curitaire sur l\u2019ensemble du territoire. La JIR souhaite notamment une pr\u00e9sence accrue des forces de l\u2019ordre dans les agglom\u00e9rations et les r\u00e9gions de l\u2019int\u00e9rieur du pays.<\/p>\n\n\n\n<p class=\"wp-block-paragraph\">L\u2019objectif, selon elle, est de mieux prot\u00e9ger les populations, particuli\u00e8rement les femmes et les enfants, consid\u00e9r\u00e9s comme des cat\u00e9gories vuln\u00e9rables.<\/p>\n\n\n\n<p class=\"wp-block-paragraph\">L\u2019organisation r\u00e9clame \u00e9galement une lutte plus syst\u00e9matique contre le charlatanisme. Elle pr\u00e9conise l\u2019ouverture de poursuites judiciaires contre les personnes impliqu\u00e9es dans des r\u00e9seaux de pratiques occultes ainsi que leurs \u00e9ventuels complices.<\/p>\n\n\n\n<p class=\"wp-block-paragraph\"><strong>Les chefs religieux et la soci\u00e9t\u00e9 civile interpell\u00e9s<br><\/strong><br>Pour la JIR, la lutte contre ces ph\u00e9nom\u00e8nes ne peut pas reposer uniquement sur l\u2019\u00c9tat. Elle appelle ainsi les Khalifes g\u00e9n\u00e9raux et les autres autorit\u00e9s religieuses \u00e0 sensibiliser les populations.<\/p>\n\n\n\n<p class=\"wp-block-paragraph\">Les imams, pr\u00e9dicateurs et autres acteurs religieux sont notamment invit\u00e9s \u00e0 consacrer leurs sermons et interventions \u00e0 la sacralit\u00e9 de la vie humaine, \u00e0 la d\u00e9nonciation du charlatanisme et \u00e0 la promotion de la tol\u00e9rance.<\/p>\n\n\n\n<p class=\"wp-block-paragraph\">La JIR interpelle \u00e9galement les organisations de d\u00e9fense des droits humains et les acteurs de la soci\u00e9t\u00e9 civile. Elle les invite \u00e0 renforcer la sensibilisation, \u00e0 accompagner les familles des victimes sur les plans juridique et psychologique et \u00e0 plaider pour un renforcement du cadre l\u00e9gislatif.<\/p>\n\n\n\n<p class=\"wp-block-paragraph\">Enfin, les leaders sociaux et les notables sont appel\u00e9s \u00e0 contribuer \u00e0 la pr\u00e9servation des valeurs de la T\u00e9ranga et \u00e0 signaler aux autorit\u00e9s tout comportement suspect.<\/p>\n\n\n\n<p class=\"wp-block-paragraph\">Pour la Jama\u2019atou Ibadou Rahmane, la lutte contre la violence et les pratiques criminelles constitue une responsabilit\u00e9 collective. L\u2019organisation appelle ainsi toutes les composantes de la soci\u00e9t\u00e9 \u00e0 unir leurs efforts pour pr\u00e9server la paix, la s\u00e9curit\u00e9 et la stabilit\u00e9 du S\u00e9n\u00e9gal.<\/p>\n\n\n\n<p class=\"wp-block-paragraph\">LERAL NET<\/p>\n","protected":false},"excerpt":{"rendered":"<p>Face \u00e0 la recrudescence de crimes particuli\u00e8rement violents au S\u00e9n\u00e9gal, la Jama\u2019atou Ibadou Rahmane (JIR) interpelle les autorit\u00e9s et appelle<\/p>\n","protected":false},"author":1,"featured_media":78114,"comment_status":"open","ping_status":"open","sticky":false,"template":"","format":"standard","meta":{"footnotes":""},"categories":[21],"tags":[],"class_list":["post-78113","post","type-post","status-publish","format-standard","has-post-thumbnail","hentry","category-societe"],"_links":{"self":[{"href":"https:\/\/dekkbi.com\/index.php?rest_route=\/wp\/v2\/posts\/78113","targetHints":{"allow":["GET"]}}],"collection":[{"href":"https:\/\/dekkbi.com\/index.php?rest_route=\/wp\/v2\/posts"}],"about":[{"href":"https:\/\/dekkbi.com\/index.php?rest_route=\/wp\/v2\/types\/post"}],"author":[{"embeddable":true,"href":"https:\/\/dekkbi.com\/index.php?rest_route=\/wp\/v2\/users\/1"}],"replies":[{"embeddable":true,"href":"https:\/\/dekkbi.com\/index.php?rest_route=%2Fwp%2Fv2%2Fcomments&post=78113"}],"version-history":[{"count":1,"href":"https:\/\/dekkbi.com\/index.php?rest_route=\/wp\/v2\/posts\/78113\/revisions"}],"predecessor-version":[{"id":78115,"href":"https:\/\/dekkbi.com\/index.php?rest_route=\/wp\/v2\/posts\/78113\/revisions\/78115"}],"wp:featuredmedia":[{"embeddable":true,"href":"https:\/\/dekkbi.com\/index.php?rest_route=\/wp\/v2\/media\/78114"}],"wp:attachment":[{"href":"https:\/\/dekkbi.com\/index.php?rest_route=%2Fwp%2Fv2%2Fmedia&parent=78113"}],"wp:term":[{"taxonomy":"category","embeddable":true,"href":"https:\/\/dekkbi.com\/index.php?rest_route=%2Fwp%2Fv2%2Fcategories&post=78113"},{"taxonomy":"post_tag","embeddable":true,"href":"https:\/\/dekkbi.com\/index.php?rest_route=%2Fwp%2Fv2%2Ftags&post=78113"}],"curies":[{"name":"wp","href":"https:\/\/api.w.org\/{rel}","templated":true}]}}