{"id":78107,"date":"2026-09-03T09:57:24","date_gmt":"2026-09-03T09:57:24","guid":{"rendered":"https:\/\/dekkbi.com\/?p=78107"},"modified":"2026-09-03T09:57:25","modified_gmt":"2026-09-03T09:57:25","slug":"femmes-paix-et-securite-lassemblee-nationale-lance-le-programme-aar-proteger","status":"publish","type":"post","link":"https:\/\/dekkbi.com\/?p=78107","title":{"rendered":"Femmes, paix et s\u00e9curit\u00e9 : l\u2019Assembl\u00e9e nationale lance le Programme AAR \u00ab Prot\u00e9ger \u00bb"},"content":{"rendered":"\n<p class=\"wp-block-paragraph\"><strong>L\u2019Assembl\u00e9e nationale du S\u00e9n\u00e9gal a abrit\u00e9 ce mardi 1er septembre 2026 le s\u00e9minaire de lancement du Programme AAR (\u00ab Prot\u00e9ger \u00bb, en wolof), une initiative port\u00e9e en partenariat avec la Fondation Konrad Adenauer (FKA). Plac\u00e9e sous le th\u00e8me \u00ab Pour des femmes au service de la paix et de la s\u00e9curit\u00e9 au S\u00e9n\u00e9gal \u00bb, cette rencontre a rassembl\u00e9 parlementaires, forces de d\u00e9fense et de s\u00e9curit\u00e9, acteurs institutionnels, experts et soci\u00e9t\u00e9 civile autour d\u2019un m\u00eame enjeu : renforcer la place et le leadership des femmes dans les secteurs de la paix, de la d\u00e9fense et de la s\u00e9curit\u00e9.<\/strong><\/p>\n\n\n\n<p class=\"wp-block-paragraph\">Dans la note parvenue \u00e0 notre r\u00e9daction, on apprend que la c\u00e9r\u00e9monie d\u2019ouverture a r\u00e9uni plusieurs figures cl\u00e9s. L\u2019Honorable Ibou Gueye, pr\u00e9sident de la Commission D\u00e9fense et S\u00e9curit\u00e9 de l\u2019Assembl\u00e9e nationale, et l\u2019Honorable Mb\u00e8ne Faye, pr\u00e9sidente du R\u00e9seau des femmes parlementaires, ont pris la parole aux c\u00f4t\u00e9s de Jonathan Nowak, repr\u00e9sentant r\u00e9sident de la FKA au S\u00e9n\u00e9gal, et de Thomas Rowekamp, pr\u00e9sident de la Commission D\u00e9fense et s\u00e9curit\u00e9 du Bundestag allemand, signe de la dimension de coop\u00e9ration parlementaire internationale donn\u00e9e \u00e0 cette initiative.<\/p>\n\n\n\n<h6 class=\"wp-block-heading\"><strong>L\u2019Agenda Femmes, Paix et S\u00e9curit\u00e9 au c\u0153ur des d\u00e9bats<\/strong><\/h6>\n\n\n\n<p class=\"wp-block-paragraph\">Les travaux ont d\u2019abord dress\u00e9 un \u00e9tat des lieux de la mise en \u0153uvre de l\u2019Agenda Femmes, Paix et S\u00e9curit\u00e9, adoss\u00e9 \u00e0 la R\u00e9solution 1325 du Conseil de s\u00e9curit\u00e9 des Nations Unies, ainsi que des politiques nationales d\u2019int\u00e9gration du genre dans les secteurs de la d\u00e9fense et de la s\u00e9curit\u00e9. Mme Astou Diouf Gueye, Directrice de l\u2019\u00c9quit\u00e9 et de l\u2019\u00c9galit\u00e9 de Genre, a pr\u00e9sent\u00e9 un bilan m\u00ealant acquis obtenus, d\u00e9fis persistants et efforts engag\u00e9s par le S\u00e9n\u00e9gal sur ce dossier.<\/p>\n\n\n\n<h6 class=\"wp-block-heading\"><strong>Le leadership f\u00e9minin dans les forces de d\u00e9fense et de s\u00e9curit\u00e9 en question<\/strong><\/h6>\n\n\n\n<p class=\"wp-block-paragraph\">Un temps fort de la journ\u00e9e a port\u00e9 sur l\u2019int\u00e9gration des femmes au sein des Forces de d\u00e9fense et de s\u00e9curit\u00e9 (FDS). La Colonel,Dentiste Khadessa Sy, la Commissaire Bintou Guiss\u00e9 et la Capitaine Delphine Diatta ont partag\u00e9 leurs regards sur les avanc\u00e9es enregistr\u00e9es en mati\u00e8re de pr\u00e9sence et de leadership f\u00e9minin, mais aussi sur les obstacles qui subsistent. La parlementaire allemande Diana Herbstreuth, membre du Bundestag, a enrichi les \u00e9changes d\u2019un \u00e9clairage comparatif tir\u00e9 de l\u2019exp\u00e9rience allemande.<\/p>\n\n\n\n<p class=\"wp-block-paragraph\">\u00ab&nbsp;<em>Les \u00e9changes ont permis de d\u00e9gager des pistes d\u2019action portant notamment sur le renforcement des m\u00e9canismes de concertation, la mobilisation des ressources et l\u2019accroissement de la participation des femmes aux processus de d\u00e9cision dans les domaines de la paix, de la d\u00e9fense et de la s\u00e9curit\u00e9. Le Programme se poursuivra par un atelier de travail pr\u00e9vu le 17 septembre 2026, destin\u00e9 \u00e0 approfondir les recommandations issues de cette premi\u00e8re rencontre<\/em>&nbsp;\u00bb, renseigne le communiqu\u00e9, qui conclut. \u00ab&nbsp;<em>\u00c0 travers ce s\u00e9minaire, l\u2019Assembl\u00e9e nationale r\u00e9affirme ainsi l\u2019importance du r\u00f4le des femmes dans la consolidation de la paix, la pr\u00e9vention des conflits et le renforcement de la s\u00e9curit\u00e9, tout en contribuant au suivi parlementaire des engagements du S\u00e9n\u00e9gal en mati\u00e8re de mise en \u0153uvre de l\u2019Agenda Femmes, Paix et S\u00e9curit\u00e9.<\/em>&nbsp;\u00bb<\/p>\n\n\n\n<p class=\"wp-block-paragraph\">LESOLEIL<\/p>\n","protected":false},"excerpt":{"rendered":"<p>L\u2019Assembl\u00e9e nationale du S\u00e9n\u00e9gal a abrit\u00e9 ce mardi 1er septembre 2026 le s\u00e9minaire de lancement du Programme AAR (\u00ab Prot\u00e9ger<\/p>\n","protected":false},"author":1,"featured_media":78108,"comment_status":"open","ping_status":"open","sticky":false,"template":"","format":"standard","meta":{"footnotes":""},"categories":[6],"tags":[],"class_list":["post-78107","post","type-post","status-publish","format-standard","has-post-thumbnail","hentry","category-politics"],"_links":{"self":[{"href":"https:\/\/dekkbi.com\/index.php?rest_route=\/wp\/v2\/posts\/78107","targetHints":{"allow":["GET"]}}],"collection":[{"href":"https:\/\/dekkbi.com\/index.php?rest_route=\/wp\/v2\/posts"}],"about":[{"href":"https:\/\/dekkbi.com\/index.php?rest_route=\/wp\/v2\/types\/post"}],"author":[{"embeddable":true,"href":"https:\/\/dekkbi.com\/index.php?rest_route=\/wp\/v2\/users\/1"}],"replies":[{"embeddable":true,"href":"https:\/\/dekkbi.com\/index.php?rest_route=%2Fwp%2Fv2%2Fcomments&post=78107"}],"version-history":[{"count":1,"href":"https:\/\/dekkbi.com\/index.php?rest_route=\/wp\/v2\/posts\/78107\/revisions"}],"predecessor-version":[{"id":78109,"href":"https:\/\/dekkbi.com\/index.php?rest_route=\/wp\/v2\/posts\/78107\/revisions\/78109"}],"wp:featuredmedia":[{"embeddable":true,"href":"https:\/\/dekkbi.com\/index.php?rest_route=\/wp\/v2\/media\/78108"}],"wp:attachment":[{"href":"https:\/\/dekkbi.com\/index.php?rest_route=%2Fwp%2Fv2%2Fmedia&parent=78107"}],"wp:term":[{"taxonomy":"category","embeddable":true,"href":"https:\/\/dekkbi.com\/index.php?rest_route=%2Fwp%2Fv2%2Fcategories&post=78107"},{"taxonomy":"post_tag","embeddable":true,"href":"https:\/\/dekkbi.com\/index.php?rest_route=%2Fwp%2Fv2%2Ftags&post=78107"}],"curies":[{"name":"wp","href":"https:\/\/api.w.org\/{rel}","templated":true}]}}