{"id":78104,"date":"2026-09-03T09:15:49","date_gmt":"2026-09-03T09:15:49","guid":{"rendered":"https:\/\/dekkbi.com\/?p=78104"},"modified":"2026-09-03T09:15:50","modified_gmt":"2026-09-03T09:15:50","slug":"tribune-le-mouvement-bakku-ou-le-sursaut-vital-de-larchitecture-africaine-face-au-rouleau-compresseur-financier","status":"publish","type":"post","link":"https:\/\/dekkbi.com\/?p=78104","title":{"rendered":"TRIBUNE : Le mouvement B\u00e0kku, ou le sursaut vital de l\u2019architecture africaine face au rouleau compresseur financier"},"content":{"rendered":"\n<p class=\"wp-block-paragraph\">Par un collectif d\u2019architectes et d\u2019intellectuels engag\u00e9s pour la souverainet\u00e9 culturelle du continent.<\/p>\n\n\n\n<p class=\"wp-block-paragraph\">L\u2019Afrique b\u00e2tit \u00e0 un rythme fr\u00e9n\u00e9tique, mais elle est en train d\u2019effacer son \u00e2me. Partout sur le continent, nos capitales succombent \u00e0 une standardisation aveugle. Sous la pression des Partenariats Public-Priv\u00e9 (PPP) et de la seule puissance de la lev\u00e9e de fonds, le projet urbain n\u2019est plus un acte de civilisation : il est devenu un pur produit d\u2019importation financi\u00e8re. Face \u00e0 cet envahissement de verre et de b\u00e9ton hors-sol, un cri de ralliement s\u2019\u00e9l\u00e8ve pour sonner la charge de la r\u00e9sistance : le mouvement B\u00e0kku.<\/p>\n\n\n\n<p class=\"wp-block-paragraph\">Le mot n\u2019est pas choisi au hasard. Emprunt\u00e9 \u00e0 la tradition wolof, le B\u00e0kku est ce chant de fiert\u00e9, ce d\u00e9fi lanc\u00e9 \u00e0 l\u2019adversaire par le lutteur avant le combat. Appliqu\u00e9 \u00e0 l\u2019espace b\u00e2ti, il devient une doctrine de combat esth\u00e9tique et politique. Port\u00e9 par des figures majeures de la profession et adoub\u00e9 par l\u2019Union des architectes d\u2019Afrique, le B\u00e0kku n\u2019est pas une simple posture nostalgique. C\u2019est le bouclier institutionnel et doctrinal qui manquait \u00e0 une profession class\u00e9e parmi les m\u00e9tiers en p\u00e9ril.<\/p>\n\n\n\n<p class=\"wp-block-paragraph\"><strong>Briser la dictature du copier-coller<\/strong><\/p>\n\n\n\n<p class=\"wp-block-paragraph\">La crise actuelle de l\u2019architecture africaine est d\u2019abord une crise de leadership. Trop souvent, nos ordres professionnels sont rest\u00e9s muets, subissant les paires de gifles d\u2019un march\u00e9 mondialis\u00e9 qui impose des mod\u00e8les con\u00e7us sous d\u2019autres latitudes. Le B\u00e0kku oppose un refus cat\u00e9gorique \u00e0 cette colonisation architecturale.<\/p>\n\n\n\n<p class=\"wp-block-paragraph\">Il rappelle une v\u00e9rit\u00e9 fondamentale : l\u2019architecture doit faire sens culturellement, artistiquement et contextuellement. B\u00e2tir en Afrique en 2026, ce n\u2019est pas singer Duba\u00ef ou Shanghai. C\u2019est concevoir une modernit\u00e9 endog\u00e8ne, qui puise sa force dans la terre, la pierre locale, les mat\u00e9riaux biosourc\u00e9s et le g\u00e9nie bioclimatique africain.<\/p>\n\n\n\n<p class=\"wp-block-paragraph\"><strong>R\u00e9int\u00e9grer l\u2019art et sanctuariser la m\u00e9moire<\/strong><\/p>\n\n\n\n<p class=\"wp-block-paragraph\">L\u00e0 o\u00f9 la finance a chass\u00e9 la po\u00e9sie, le mouvement B\u00e0kku r\u00e9introduit de force les plasticiens, les sculpteurs et les artisans au c\u0153ur m\u00eame du processus de construction. Un b\u00e2timent public ne doit pas seulement \u00eatre rentable, il doit raconter une histoire, abriter une communaut\u00e9 et refl\u00e9ter son identit\u00e9 visuelle.<\/p>\n\n\n\n<p class=\"wp-block-paragraph\">Au-del\u00e0 de la cr\u00e9ation, le B\u00e0kku se dresse contre les pelleteuses de la sp\u00e9culation immobili\u00e8re qui rasent notre patrimoine historique classique. Prot\u00e9ger nos monuments, c\u2019est pr\u00e9server les rep\u00e8res m\u00e9moriels dont la jeune g\u00e9n\u00e9ration a cruellement besoin pour concevoir l\u2019avenir avec dignit\u00e9.<\/p>\n\n\n\n<p class=\"wp-block-paragraph\"><strong>Du manifeste artistique \u00e0 l\u2019obligation politique<\/strong><\/p>\n\n\n\n<p class=\"wp-block-paragraph\">Le constat est pos\u00e9, la doctrine est claire. Mais pour que le B\u00e0kku devienne la solution ultime, il doit urgemment quitter les cercles d\u2019exposition pour s\u2019imposer dans l\u2019ar\u00e8ne l\u00e9gislative. Nous appelons \u00e0 un sursaut radical des dirigeants de nos Ordres :<\/p>\n\n\n\n<p class=\"wp-block-paragraph\">Le B\u00e0kku doit devenir un filtre r\u00e9glementaire : Aucun grand projet d\u2019\u00c9tat ou PPP ne devrait \u00eatre valid\u00e9 s\u2019il ne respecte pas une charte de contenu local, d\u2019int\u00e9gration artistique et d\u2019adaptation bioclimatique.<br>Le B\u00e0kku doit entrer dans les \u00e9coles : Nos futurs architectes doivent \u00eatre form\u00e9s \u00e0 la ma\u00eetrise des mat\u00e9riaux locaux et \u00e0 la fiert\u00e9 de leur patrimoine, et non \u00e0 la reproduction de catalogues occidentaux.<br>L\u2019architecture africaine ne peut plus se contenter de panser ses plaies en silence. Le mouvement B\u00e0kku est l\u2019arme de notre souverainet\u00e9 spatiale. Il est temps que les gouvernements et les institutions l\u2019adoptent comme l\u2019unique boussole d\u2019une Afrique qui se b\u00e2tit par elle-m\u00eame, pour elle-m\u00eame. Le combat est engag\u00e9.<\/p>\n\n\n\n<p class=\"wp-block-paragraph\"><strong>Malick MBOW, architecte, pr\u00e9sident du Mouvement Bakku<\/strong><\/p>\n","protected":false},"excerpt":{"rendered":"<p>Par un collectif d\u2019architectes et d\u2019intellectuels engag\u00e9s pour la souverainet\u00e9 culturelle du continent. L\u2019Afrique b\u00e2tit \u00e0 un rythme fr\u00e9n\u00e9tique, mais<\/p>\n","protected":false},"author":1,"featured_media":78105,"comment_status":"open","ping_status":"open","sticky":false,"template":"","format":"standard","meta":{"footnotes":""},"categories":[3],"tags":[],"class_list":["post-78104","post","type-post","status-publish","format-standard","has-post-thumbnail","hentry","category-event-more-news"],"_links":{"self":[{"href":"https:\/\/dekkbi.com\/index.php?rest_route=\/wp\/v2\/posts\/78104","targetHints":{"allow":["GET"]}}],"collection":[{"href":"https:\/\/dekkbi.com\/index.php?rest_route=\/wp\/v2\/posts"}],"about":[{"href":"https:\/\/dekkbi.com\/index.php?rest_route=\/wp\/v2\/types\/post"}],"author":[{"embeddable":true,"href":"https:\/\/dekkbi.com\/index.php?rest_route=\/wp\/v2\/users\/1"}],"replies":[{"embeddable":true,"href":"https:\/\/dekkbi.com\/index.php?rest_route=%2Fwp%2Fv2%2Fcomments&post=78104"}],"version-history":[{"count":1,"href":"https:\/\/dekkbi.com\/index.php?rest_route=\/wp\/v2\/posts\/78104\/revisions"}],"predecessor-version":[{"id":78106,"href":"https:\/\/dekkbi.com\/index.php?rest_route=\/wp\/v2\/posts\/78104\/revisions\/78106"}],"wp:featuredmedia":[{"embeddable":true,"href":"https:\/\/dekkbi.com\/index.php?rest_route=\/wp\/v2\/media\/78105"}],"wp:attachment":[{"href":"https:\/\/dekkbi.com\/index.php?rest_route=%2Fwp%2Fv2%2Fmedia&parent=78104"}],"wp:term":[{"taxonomy":"category","embeddable":true,"href":"https:\/\/dekkbi.com\/index.php?rest_route=%2Fwp%2Fv2%2Fcategories&post=78104"},{"taxonomy":"post_tag","embeddable":true,"href":"https:\/\/dekkbi.com\/index.php?rest_route=%2Fwp%2Fv2%2Ftags&post=78104"}],"curies":[{"name":"wp","href":"https:\/\/api.w.org\/{rel}","templated":true}]}}