{"id":78101,"date":"2026-09-03T09:12:36","date_gmt":"2026-09-03T09:12:36","guid":{"rendered":"https:\/\/dekkbi.com\/?p=78101"},"modified":"2026-09-03T09:12:37","modified_gmt":"2026-09-03T09:12:37","slug":"papillomavirus-80-de-couverture-vaccinale-pour-la-premiere-dose-au-premier-semestre-2026-officiel","status":"publish","type":"post","link":"https:\/\/dekkbi.com\/?p=78101","title":{"rendered":"Papillomavirus: 80% de couverture vaccinale pour la premi\u00e8re dose au premier semestre 2026 (officiel)"},"content":{"rendered":"\n<p class=\"wp-block-paragraph\">Dakar, (APS) \u2013 Le S\u00e9n\u00e9gal a atteint, au premier semestre 2026, un taux de couverture de 80% pour la premi\u00e8re dose du vaccin contre le papillomavirus humain (HPV), une famille de virus tr\u00e8s fr\u00e9quents infectant la peau et les muqueuses, se transmettant de contact cutan\u00e9 et par voie sexuelle, a-t-on appris mercredi du chef du bureau formation et supervision de la division de l\u2019immunisation du Programme \u00e9largi de vaccination (PEV).\u00a0<\/p>\n\n\n\n<p class=\"wp-block-paragraph\">\u2018\u2019Le plan de relance de la vaccination \u00e9labor\u00e9 en 2022 a permis d\u2019avoir un taux de 80 % concernant la premi\u00e8re dose et 72 % concernant la deuxi\u00e8me dose lors de ce premier semestre de l\u2019ann\u00e9e en cours\u2019\u2019, a d\u00e9clar\u00e9 Abdoulaye Mangane.<\/p>\n\n\n\n<p class=\"wp-block-paragraph\">Le chef du bureau formation et supervision de la division de l\u2019immunisation du Programme \u00e9largi de vaccination faisait une pr\u00e9sentation \u00e0 l\u2019occasion d\u2019un atelier consacr\u00e9 au plaidoyer en faveur de la vaccination contre le HPV organis\u00e9 par l\u2019Association des femmes m\u00e9decins du S\u00e9n\u00e9gal (AFEMS).<\/p>\n\n\n\n<p class=\"wp-block-paragraph\">Ces performances placent le S\u00e9n\u00e9gal sur une trajectoire favorable pour l\u2019atteinte de &nbsp;l\u2019objectif de 90 % de couverture vaccinale contre le papillomavirus humain d\u2019ici \u00e0 2030, conform\u00e9ment aux recommandations de l\u2019Organisation mondiale de la Sant\u00e9 (OMS).<\/p>\n\n\n\n<p class=\"wp-block-paragraph\">La progression de la couverture vaccinale reste toutefois confront\u00e9e \u00e0 plusieurs difficult\u00e9s, a relev\u00e9 Abdoulaye Mangane, citant notamment l\u2019h\u00e9sitation vaccinale, les rumeurs et les fausses informations qui alimentent la m\u00e9fiance chez certaines communaut\u00e9s.<\/p>\n\n\n\n<p class=\"wp-block-paragraph\">Le refus ou l\u2019h\u00e9sitation de certains parents constitue \u00e9galement un obstacle, avec des cas particuli\u00e8rement signal\u00e9s dans des \u00e9tablissements scolaires priv\u00e9s, a-t-il fait remarquer.<\/p>\n\n\n\n<p class=\"wp-block-paragraph\">Selon lui, le rattrapage multi-cohorte repr\u00e9sente un autre d\u00e9fi op\u00e9rationnel, en raison de la n\u00e9cessit\u00e9 de g\u00e9rer simultan\u00e9ment plusieurs cohortes de jeunes filles.<\/p>\n\n\n\n<p class=\"wp-block-paragraph\">M. Mangane a aussi relev\u00e9 les gr\u00e8ves r\u00e9currentes des agents de sant\u00e9, la r\u00e9tention de donn\u00e9es sanitaires dans certains districts et le boycott du Programme \u00e9largi de vaccination, susceptibles de perturber la continuit\u00e9 des activit\u00e9s et la remont\u00e9e des informations.<\/p>\n\n\n\n<p class=\"wp-block-paragraph\">Pour la pr\u00e9sidente de l\u2019AFEMS, la professeure Fatou Samba Ndiaye, les r\u00e9sultats enregistr\u00e9s \u00e0 mi-parcours sont \u2018\u2019\u00e0 peu pr\u00e8s satisfaisants\u2019\u2019, tout en appelant \u00e0 maintenir les efforts pour atteindre la cible de 90 %.<\/p>\n\n\n\n<p class=\"wp-block-paragraph\">\u2018\u2019L\u2019essentiel est de maintenir le cap et d\u2019arriver \u00e0 cette couverture que l\u2019OMS recommande qui est de 90 % d\u2019ici 2030\u2019\u2019, a-t-elle d\u00e9clar\u00e9.<\/p>\n\n\n\n<p class=\"wp-block-paragraph\">La pr\u00e9sidente de l\u2019AFEMS estime par ailleurs que le passage \u00e0 un sch\u00e9ma vaccinal \u00e0 dose unique pourrait contribuer \u00e0 acc\u00e9l\u00e9rer les progr\u00e8s. \u2018\u2019Le S\u00e9n\u00e9gal travaille ainsi \u00e0 la formalisation de cette option, avec l\u2019ambition d\u2019atteindre le seuil de 90 % d\u00e8s l\u2019ann\u00e9e prochaine\u2019\u2019, a-t-elle rappel\u00e9.<\/p>\n\n\n\n<p class=\"wp-block-paragraph\">D\u2019ici l\u2019ann\u00e9e prochaine, a poursuivi Fatou Samba Ndiaye, on pense qu\u2019on va arriver \u00e0 ce taux de 90 % avec la dose unique. C\u2019est possible et faisable dans notre pays.<\/p>\n\n\n\n<p class=\"wp-block-paragraph\">Elle a insist\u00e9 sur l\u2019importance de disposer de donn\u00e9es \u2018\u2019compl\u00e8tes et fiables\u2019\u2019 pour appr\u00e9cier correctement les niveaux de couverture.<\/p>\n\n\n\n<p class=\"wp-block-paragraph\">\u2018\u2019Si les donn\u00e9es ne sont pas toutes communiqu\u00e9es au niveau district et autres, on aura du mal \u00e0 avoir des chiffres r\u00e9els\u2019\u2019, a-t-elle relev\u00e9, appelant \u00e0 un r\u00e8glement de cette question au niveau central.<\/p>\n\n\n\n<p class=\"wp-block-paragraph\">NSS\/MTN\/ABB<\/p>\n","protected":false},"excerpt":{"rendered":"<p>Dakar, (APS) \u2013 Le S\u00e9n\u00e9gal a atteint, au premier semestre 2026, un taux de couverture de 80% pour la premi\u00e8re<\/p>\n","protected":false},"author":1,"featured_media":78102,"comment_status":"open","ping_status":"open","sticky":false,"template":"","format":"standard","meta":{"footnotes":""},"categories":[26],"tags":[],"class_list":["post-78101","post","type-post","status-publish","format-standard","has-post-thumbnail","hentry","category-fait-divers"],"_links":{"self":[{"href":"https:\/\/dekkbi.com\/index.php?rest_route=\/wp\/v2\/posts\/78101","targetHints":{"allow":["GET"]}}],"collection":[{"href":"https:\/\/dekkbi.com\/index.php?rest_route=\/wp\/v2\/posts"}],"about":[{"href":"https:\/\/dekkbi.com\/index.php?rest_route=\/wp\/v2\/types\/post"}],"author":[{"embeddable":true,"href":"https:\/\/dekkbi.com\/index.php?rest_route=\/wp\/v2\/users\/1"}],"replies":[{"embeddable":true,"href":"https:\/\/dekkbi.com\/index.php?rest_route=%2Fwp%2Fv2%2Fcomments&post=78101"}],"version-history":[{"count":1,"href":"https:\/\/dekkbi.com\/index.php?rest_route=\/wp\/v2\/posts\/78101\/revisions"}],"predecessor-version":[{"id":78103,"href":"https:\/\/dekkbi.com\/index.php?rest_route=\/wp\/v2\/posts\/78101\/revisions\/78103"}],"wp:featuredmedia":[{"embeddable":true,"href":"https:\/\/dekkbi.com\/index.php?rest_route=\/wp\/v2\/media\/78102"}],"wp:attachment":[{"href":"https:\/\/dekkbi.com\/index.php?rest_route=%2Fwp%2Fv2%2Fmedia&parent=78101"}],"wp:term":[{"taxonomy":"category","embeddable":true,"href":"https:\/\/dekkbi.com\/index.php?rest_route=%2Fwp%2Fv2%2Fcategories&post=78101"},{"taxonomy":"post_tag","embeddable":true,"href":"https:\/\/dekkbi.com\/index.php?rest_route=%2Fwp%2Fv2%2Ftags&post=78101"}],"curies":[{"name":"wp","href":"https:\/\/api.w.org\/{rel}","templated":true}]}}