{"id":78098,"date":"2026-09-03T09:05:01","date_gmt":"2026-09-03T09:05:01","guid":{"rendered":"https:\/\/dekkbi.com\/?p=78098"},"modified":"2026-09-03T09:05:03","modified_gmt":"2026-09-03T09:05:03","slug":"joj-dakar-2026-diomaye-faye-veut-une-mobilisation-totale-pour-un-rendez-vous-historique","status":"publish","type":"post","link":"https:\/\/dekkbi.com\/?p=78098","title":{"rendered":"JOJ Dakar 2026 : Diomaye Faye veut une mobilisation totale pour un rendez-vous historique"},"content":{"rendered":"\n<h3 class=\"wp-block-heading\">\u00c0 moins de deux mois de l\u2019ouverture des Jeux olympiques de la jeunesse Dakar 2026, le pr\u00e9sident Bassirou Diomaye Faye appelle \u00e0 une mobilisation de toute la Nation. Alors que les derni\u00e8res infrastructures sont en cours de finalisation, le chef de l\u2019\u00c9tat veut faire de cette premi\u00e8re \u00e9dition africaine des JOJ une vitrine du S\u00e9n\u00e9gal et de sa jeunesse.<\/h3>\n\n\n\n<p class=\"wp-block-paragraph\"><strong>Le S\u00e9n\u00e9gal dans la derni\u00e8re ligne droite<br><\/strong><br>Le compte \u00e0 rebours est lanc\u00e9 pour les JOJ Dakar 2026, pr\u00e9vus du 31 octobre au 13 novembre prochains.<\/p>\n\n\n\n<p class=\"wp-block-paragraph\">Lors du Conseil des ministres, Bassirou Diomaye Faye a salu\u00e9 les efforts d\u00e9ploy\u00e9s pour pr\u00e9parer les infrastructures destin\u00e9es \u00e0 accueillir les diff\u00e9rentes comp\u00e9titions.<\/p>\n\n\n\n<p class=\"wp-block-paragraph\">Le chef de l\u2019\u00c9tat a notamment rappel\u00e9 l\u2019inauguration, le 29 ao\u00fbt dernier, du Village olympique et du Centre \u00e9questre de Diamniadio, deux infrastructures importantes du dispositif des Jeux.<\/p>\n\n\n\n<p class=\"wp-block-paragraph\">Il a f\u00e9licit\u00e9 le gouvernement, le Comit\u00e9 d\u2019organisation des Jeux olympiques de la jeunesse (COJOJ) ainsi que l\u2019ensemble des acteurs engag\u00e9s dans la pr\u00e9paration de l\u2019\u00e9v\u00e9nement.<\/p>\n\n\n\n<p class=\"wp-block-paragraph\"><strong>Les derniers travaux \u00e0 finaliser<br><\/strong><br>Malgr\u00e9 les avanc\u00e9es enregistr\u00e9es, le pr\u00e9sident de la R\u00e9publique a demand\u00e9 que les travaux de proximit\u00e9 encore en cours soient achev\u00e9s dans les meilleurs d\u00e9lais.<\/p>\n\n\n\n<p class=\"wp-block-paragraph\">Il a \u00e9galement insist\u00e9 sur la n\u00e9cessit\u00e9 d\u2019am\u00e9liorer le cadre de vie dans les villes, localit\u00e9s et quartiers appel\u00e9s \u00e0 accueillir les comp\u00e9titions.<\/p>\n\n\n\n<p class=\"wp-block-paragraph\">Cette d\u00e9marche devra associer pleinement les populations locales, avec une attention particuli\u00e8re accord\u00e9e \u00e0 la mobilisation de la jeunesse.<\/p>\n\n\n\n<p class=\"wp-block-paragraph\"><strong>Une premi\u00e8re historique pour l\u2019Afrique<br><\/strong><br>Dakar s\u2019appr\u00eate \u00e0 accueillir une comp\u00e9tition in\u00e9dite sur le continent. Les JOJ 2026 seront en effet la premi\u00e8re \u00e9dition des Jeux olympiques de la jeunesse organis\u00e9e en Afrique.<\/p>\n\n\n\n<p class=\"wp-block-paragraph\">Pr\u00e8s de 2 700 athl\u00e8tes, repr\u00e9sentant plusieurs d\u00e9l\u00e9gations, sont attendus autour d&rsquo;une vingtaine de disciplines sportives.<\/p>\n\n\n\n<p class=\"wp-block-paragraph\">Au-del\u00e0 de la comp\u00e9tition, l\u2019\u00e9v\u00e9nement constitue une occasion de promouvoir les valeurs olympiques, la jeunesse et les talents sportifs africains.<\/p>\n\n\n\n<p class=\"wp-block-paragraph\"><strong>Le S\u00e9n\u00e9gal veut montrer son savoir-faire<br><\/strong><br>Pour le S\u00e9n\u00e9gal, ces Jeux repr\u00e9sentent \u00e9galement un enjeu d\u2019image et de rayonnement international.<\/p>\n\n\n\n<p class=\"wp-block-paragraph\">L\u2019organisation des JOJ doit permettre de mettre en avant l\u2019hospitalit\u00e9 s\u00e9n\u00e9galaise, le dynamisme culturel du pays et sa capacit\u00e9 \u00e0 accueillir un \u00e9v\u00e9nement sportif de dimension mondiale.<\/p>\n\n\n\n<p class=\"wp-block-paragraph\">Le slogan \u00ab L\u2019Afrique accueille, Dakar c\u00e9l\u00e8bre \u00bb traduit cette ambition de faire des Jeux une c\u00e9l\u00e9bration qui d\u00e9passe le seul cadre sportif.<\/p>\n\n\n\n<p class=\"wp-block-paragraph\"><strong>Diomaye Faye appelle \u00e0 l\u2019engagement de tous<br><\/strong><br>Pour le chef de l\u2019\u00c9tat, la r\u00e9ussite des JOJ ne d\u00e9pend pas uniquement des infrastructures ou de la qualit\u00e9 de l\u2019organisation technique.<\/p>\n\n\n\n<p class=\"wp-block-paragraph\">Elle repose \u00e9galement sur l\u2019adh\u00e9sion et la participation de l\u2019ensemble des S\u00e9n\u00e9galais. D\u2019o\u00f9 son appel \u00e0 une mobilisation nationale pour accompagner les pr\u00e9paratifs et assurer le succ\u00e8s de cette premi\u00e8re olympiade de la jeunesse organis\u00e9e en Afrique.<\/p>\n\n\n\n<p class=\"wp-block-paragraph\">\u00c0 quelques semaines du coup d\u2019envoi, Dakar se pr\u00e9pare ainsi \u00e0 accueillir un \u00e9v\u00e9nement qui entend placer la jeunesse, le sport et l\u2019Afrique au c\u0153ur de la sc\u00e8ne internationale.<\/p>\n\n\n\n<p class=\"wp-block-paragraph\">LERAL NET<\/p>\n","protected":false},"excerpt":{"rendered":"<p>\u00c0 moins de deux mois de l\u2019ouverture des Jeux olympiques de la jeunesse Dakar 2026, le pr\u00e9sident Bassirou Diomaye Faye<\/p>\n","protected":false},"author":1,"featured_media":78099,"comment_status":"open","ping_status":"open","sticky":false,"template":"","format":"standard","meta":{"footnotes":""},"categories":[9],"tags":[],"class_list":["post-78098","post","type-post","status-publish","format-standard","has-post-thumbnail","hentry","category-sports"],"_links":{"self":[{"href":"https:\/\/dekkbi.com\/index.php?rest_route=\/wp\/v2\/posts\/78098","targetHints":{"allow":["GET"]}}],"collection":[{"href":"https:\/\/dekkbi.com\/index.php?rest_route=\/wp\/v2\/posts"}],"about":[{"href":"https:\/\/dekkbi.com\/index.php?rest_route=\/wp\/v2\/types\/post"}],"author":[{"embeddable":true,"href":"https:\/\/dekkbi.com\/index.php?rest_route=\/wp\/v2\/users\/1"}],"replies":[{"embeddable":true,"href":"https:\/\/dekkbi.com\/index.php?rest_route=%2Fwp%2Fv2%2Fcomments&post=78098"}],"version-history":[{"count":1,"href":"https:\/\/dekkbi.com\/index.php?rest_route=\/wp\/v2\/posts\/78098\/revisions"}],"predecessor-version":[{"id":78100,"href":"https:\/\/dekkbi.com\/index.php?rest_route=\/wp\/v2\/posts\/78098\/revisions\/78100"}],"wp:featuredmedia":[{"embeddable":true,"href":"https:\/\/dekkbi.com\/index.php?rest_route=\/wp\/v2\/media\/78099"}],"wp:attachment":[{"href":"https:\/\/dekkbi.com\/index.php?rest_route=%2Fwp%2Fv2%2Fmedia&parent=78098"}],"wp:term":[{"taxonomy":"category","embeddable":true,"href":"https:\/\/dekkbi.com\/index.php?rest_route=%2Fwp%2Fv2%2Fcategories&post=78098"},{"taxonomy":"post_tag","embeddable":true,"href":"https:\/\/dekkbi.com\/index.php?rest_route=%2Fwp%2Fv2%2Ftags&post=78098"}],"curies":[{"name":"wp","href":"https:\/\/api.w.org\/{rel}","templated":true}]}}