{"id":78092,"date":"2026-09-03T08:52:16","date_gmt":"2026-09-03T08:52:16","guid":{"rendered":"https:\/\/dekkbi.com\/?p=78092"},"modified":"2026-09-03T08:52:17","modified_gmt":"2026-09-03T08:52:17","slug":"fonds-speciaux-le-bureau-de-lassemblee-nationale-fait-une-nouvelle-proposition-de-loi","status":"publish","type":"post","link":"https:\/\/dekkbi.com\/?p=78092","title":{"rendered":"Fonds sp\u00e9ciaux\u00a0: le bureau de l\u2019Assembl\u00e9e nationale fait une nouvelle proposition de loi"},"content":{"rendered":"\n<p class=\"wp-block-paragraph\">Dakar,  (APS) \u2013 L\u2019Assembl\u00e9e nationale d\u00e9clare avoir fait une proposition de loi organique visant \u00e0 r\u00e9glementer l\u2019usage des fonds sp\u00e9ciaux, plus d\u2019une semaine apr\u00e8s que le Conseil constitutionnel a invalid\u00e9 une initiative parlementaire prise pour le m\u00eame objectif.<\/p>\n\n\n\n<p class=\"wp-block-paragraph\">La nouvelle proposition faite par les d\u00e9put\u00e9s vise \u00e0 modifier la loi organique num\u00e9ro 2020-07 du 26 f\u00e9vrier 2020 relative aux lois de finances, selon un communiqu\u00e9 du bureau de ladite institution.<\/p>\n\n\n\n<p class=\"wp-block-paragraph\">Les membres du bureau annoncent avoir examin\u00e9 et \u2018\u2019valid\u00e9\u2019\u2019, ce mercredi, la recevabilit\u00e9 de deux propositions de loi.<\/p>\n\n\n\n<p class=\"wp-block-paragraph\">La proposition de loi organique modifiant la loi organique num\u00e9ro 2020-07 du 26 f\u00e9vrier 2020 relative aux lois de finances en fait partie.<\/p>\n\n\n\n<p class=\"wp-block-paragraph\">Le bureau de l\u2019Assembl\u00e9e nationale a \u2018\u2019valid\u00e9\u2019\u2019 aussi la recevabilit\u00e9 d\u2019une proposition de loi relative \u00e0 la sant\u00e9 en milieu carc\u00e9ral.<\/p>\n\n\n\n<p class=\"wp-block-paragraph\">\u2018\u2019Conform\u00e9ment aux dispositions de l\u2019article 69 du r\u00e8glement int\u00e9rieur de l\u2019Assembl\u00e9e nationale et pour donner suite \u00e0 la proc\u00e9dure, le bureau informe que le pr\u00e9sident de la R\u00e9publique sera saisi pour avis\u2019\u2019, ajoute le communiqu\u00e9.<\/p>\n\n\n\n<p class=\"wp-block-paragraph\">Les fonds sp\u00e9ciaux sont des allocations budg\u00e9taires dont ne b\u00e9n\u00e9ficient que certaines institutions de la R\u00e9publique.<\/p>\n\n\n\n<p class=\"wp-block-paragraph\">FD\/OID\/ESF\/MTN<\/p>\n","protected":false},"excerpt":{"rendered":"<p>Dakar, (APS) \u2013 L\u2019Assembl\u00e9e nationale d\u00e9clare avoir fait une proposition de loi organique visant \u00e0 r\u00e9glementer l\u2019usage des fonds sp\u00e9ciaux,<\/p>\n","protected":false},"author":1,"featured_media":78093,"comment_status":"open","ping_status":"open","sticky":false,"template":"","format":"standard","meta":{"footnotes":""},"categories":[6],"tags":[],"class_list":["post-78092","post","type-post","status-publish","format-standard","has-post-thumbnail","hentry","category-politics"],"_links":{"self":[{"href":"https:\/\/dekkbi.com\/index.php?rest_route=\/wp\/v2\/posts\/78092","targetHints":{"allow":["GET"]}}],"collection":[{"href":"https:\/\/dekkbi.com\/index.php?rest_route=\/wp\/v2\/posts"}],"about":[{"href":"https:\/\/dekkbi.com\/index.php?rest_route=\/wp\/v2\/types\/post"}],"author":[{"embeddable":true,"href":"https:\/\/dekkbi.com\/index.php?rest_route=\/wp\/v2\/users\/1"}],"replies":[{"embeddable":true,"href":"https:\/\/dekkbi.com\/index.php?rest_route=%2Fwp%2Fv2%2Fcomments&post=78092"}],"version-history":[{"count":1,"href":"https:\/\/dekkbi.com\/index.php?rest_route=\/wp\/v2\/posts\/78092\/revisions"}],"predecessor-version":[{"id":78094,"href":"https:\/\/dekkbi.com\/index.php?rest_route=\/wp\/v2\/posts\/78092\/revisions\/78094"}],"wp:featuredmedia":[{"embeddable":true,"href":"https:\/\/dekkbi.com\/index.php?rest_route=\/wp\/v2\/media\/78093"}],"wp:attachment":[{"href":"https:\/\/dekkbi.com\/index.php?rest_route=%2Fwp%2Fv2%2Fmedia&parent=78092"}],"wp:term":[{"taxonomy":"category","embeddable":true,"href":"https:\/\/dekkbi.com\/index.php?rest_route=%2Fwp%2Fv2%2Fcategories&post=78092"},{"taxonomy":"post_tag","embeddable":true,"href":"https:\/\/dekkbi.com\/index.php?rest_route=%2Fwp%2Fv2%2Ftags&post=78092"}],"curies":[{"name":"wp","href":"https:\/\/api.w.org\/{rel}","templated":true}]}}