{"id":78090,"date":"2026-09-03T08:47:13","date_gmt":"2026-09-03T08:47:13","guid":{"rendered":"https:\/\/dekkbi.com\/?p=78090"},"modified":"2026-09-03T08:47:14","modified_gmt":"2026-09-03T08:47:14","slug":"le-communique-du-conseil-des-ministres-du-mercredi-02-septembre-2026","status":"publish","type":"post","link":"https:\/\/dekkbi.com\/?p=78090","title":{"rendered":"LE COMMUNIQU\u00c9 DU CONSEIL DES MINISTRES DU MERCREDI 02 SEPTEMBRE 2026"},"content":{"rendered":"\n<h3 class=\"wp-block-heading\">Le Conseil des Ministres s\u2019est tenu le mercredi 02 septembre2026, au Palais de la R\u00e9publique, sous la pr\u00e9sidence de Son Excellence Monsieur Bassirou Diomaye Diakhar FAYE, Pr\u00e9sident de la R\u00e9publique.<\/h3>\n\n\n\n<p class=\"wp-block-paragraph\"><strong>AU TITRE DE LA COMMUNICATION DU PRESIDENT DE LA REPUBLIQUE<br><\/strong><br>Le Chef de l\u2019Etat a fait une communication portant sur les points suivants :<\/p>\n\n\n\n<p class=\"wp-block-paragraph\"><strong>C\u00e9l\u00e9brations du Maouloud<br><\/strong><br>En introduction \u00e0 sa communication, le Pr\u00e9sident de la R\u00e9publique adresse ses f\u00e9licitations \u00e0 la communaut\u00e9 musulmane, pour la bonne tenue des c\u00e9l\u00e9brations du Maouloud sur l\u2019\u00e9tendue du territoire national.<\/p>\n\n\n\n<p class=\"wp-block-paragraph\">Il f\u00e9licite \u00e9galement, le Gouvernement pour les dispositions prises, relativement \u00e0 l\u2019organisation des d\u00e9placements et c\u00e9r\u00e9monies li\u00e9s au Gamou et met l\u2019accent sur la n\u00e9cessit\u00e9 d\u2019une planification rigoureuse et d\u2019une coordination efficace des interventions de l\u2019Etat et de ses d\u00e9membrements lors des manifestations religieuses.<\/p>\n\n\n\n<p class=\"wp-block-paragraph\">Le Chef de l\u2019Etat pr\u00e9sente les condol\u00e9ances de la Nation :<\/p>\n\n\n\n<p class=\"wp-block-paragraph\">\u2013 \u00e0 la Communaut\u00e9 Khadre, suite au rappel \u00e0 Dieu du Khalife g\u00e9n\u00e9ral Cheikhna Cheikh Saadbou AIDARA ;<\/p>\n\n\n\n<p class=\"wp-block-paragraph\">\u2013 au Khalife g\u00e9n\u00e9ral des Niass\u00e8nes, suite \u00e0 la disparition de Cheikh Macky Ibrahima NIASS ;<\/p>\n\n\n\n<p class=\"wp-block-paragraph\">\u2013 au Khalife g\u00e9n\u00e9ral des Mourides, suite au d\u00e9c\u00e8s de son fils Serigne Ibrahima MBACKE.<\/p>\n\n\n\n<p class=\"wp-block-paragraph\">Intensification du travail gouvernemental et prise en charge optimale des urgences \u00e9conomiques et sociales<\/p>\n\n\n\n<p class=\"wp-block-paragraph\">Le Chef de l\u2019Etat salue la signature de l\u2019accord technique de principe entre le Gouvernement du S\u00e9n\u00e9gal et le FMI, devant appuyer les r\u00e9formes \u00e9conomiques et financi\u00e8res engag\u00e9es avec la mobilisation projet\u00e9e au titre de la Facilit\u00e9 \u00e9largie de cr\u00e9dit (FEC) d\u2019un montant de 1243 milliards de FCFA (soit 2,2 milliards USD) sur une p\u00e9riode de trois (03) ans.<\/p>\n\n\n\n<p class=\"wp-block-paragraph\">Dans ce cadre, il f\u00e9licite le Gouvernement, en particulier le Premier Ministre, le Ministre de l\u2019Economie, des Finances et du Plan, les Ministres charg\u00e9s du Budget et de l\u2019Economie, ainsi que les services de l\u2019Etat impliqu\u00e9s, pour le travail accompli et les r\u00e9sultats obtenus.<\/p>\n\n\n\n<p class=\"wp-block-paragraph\">Partant de sa vision d\u2019un S\u00e9n\u00e9gal souverain, juste et prosp\u00e8re, ancr\u00e9 dans ses valeurs fortes, il demande au Gouvernement d\u2019\u00eatre un Gouvernement d\u2019actions, de r\u00e9alisations et de r\u00e9sultats pour r\u00e9pondre aux aspirations et attentes des populations et am\u00e9liorer leur bien-\u00eatre dans la solidarit\u00e9. Le Chef de l\u2019Etat souligne l\u2019importance primordiale qu\u2019il accorde \u00e0 la pr\u00e9servation du pouvoir d\u2019achat des m\u00e9nages ainsi qu\u2019\u00e0 la mise en \u0153uvre de mesures de lutte contre la chert\u00e9 de la vie, par la maitrise des prix des denr\u00e9es et services de consommation courante. A cet effet, il insiste sur l\u2019application rigoureuse des instruments adapt\u00e9s de la loi sur les prix et la protection du Consommateur, en coh\u00e9rence avec notre politique de souverainet\u00e9 alimentaire.<\/p>\n\n\n\n<p class=\"wp-block-paragraph\">Le Pr\u00e9sident de la R\u00e9publique souligne l\u2019imp\u00e9ratif de r\u00e9guler les co\u00fbts des loyers, avec le d\u00e9ploiement efficace des dispositifs r\u00e9glementaires et coercitifs appropri\u00e9s. Il insiste, en outre, sur la n\u00e9cessit\u00e9 d\u2019asseoir un syst\u00e8me de veille strat\u00e9gique pour s\u00e9curiser durablement l\u2019ensemble des approvisionnements du pays etd\u2019accentuer les efforts de relance \u00e9conomique dans une dynamique de maitrise et d\u2019assainissement exceptionnel des finances publiques, de promotion de l\u2019investissement productif soutenue par des financements et partenariats adapt\u00e9s. Dans ce cadre, il rappelle au Premier Ministre l\u2019urgence d\u2019acc\u00e9l\u00e9rer la mise en \u0153uvre de mesures hardies de relance des fili\u00e8res et secteurs essentiels, en liaison avec les acteurs priv\u00e9s. Partant del\u2019importance d\u2019am\u00e9liorer significativement l\u2019environnement des affaires au S\u00e9n\u00e9gal, il demande au Premier Ministre de pr\u00e9parer la tenue prochaine du Conseil Pr\u00e9sidentiel de l\u2019Investissement (CPI), avec l\u2019implication de toutes les organisations du secteur priv\u00e9.<\/p>\n\n\n\n<p class=\"wp-block-paragraph\">Le Pr\u00e9sident de la R\u00e9publique a fortement insist\u00e9 sur la n\u00e9cessit\u00e9 d\u2019am\u00e9liorer le syst\u00e8me de veille et de suivi du secteur des hydrocarbures. A ce titre, il annonce la tenue prochaine d\u2019une session sp\u00e9ciale du COS- PETROGAZ et demande l\u2019activation des instances r\u00e9guli\u00e8res de pilotage du Fonds Interg\u00e9n\u00e9rationnel (FIG) devant proc\u00e9der \u00e0 la validation technique de la strat\u00e9gie d\u2019investissement propos\u00e9e par le FONSIS.<\/p>\n\n\n\n<p class=\"wp-block-paragraph\">Rappelant les priorit\u00e9s majeures \u00e0 savoir \u00ab Jeunesse, Employabilit\u00e9 et Emploi \u00bb, il engage le Gouvernement \u00e0 acc\u00e9l\u00e9rer l\u2019ancrage de la formation duale, la r\u00e9alisation des centres de formation professionnelle et technique d\u00e9partementaux, de m\u00eame que les ISEP et autres infrastructures scolaires et universitaires.Le Chef de l\u2019Etat demande de veiller \u00e0 la bonne pr\u00e9paration des prochaines rentr\u00e9es scolaire et universitaire et exhorte le Gouvernement \u00e0 finaliser la pr\u00e9paration du projet de loi de finances pour l\u2019ann\u00e9e 2027.<\/p>\n\n\n\n<p class=\"wp-block-paragraph\">Enfin, il encourage le Premier Ministre \u00e0 d\u00e9cliner le programme de travail int\u00e9gral du Gouvernement dans sa prochaine D\u00e9claration de Politique g\u00e9n\u00e9rale devant l\u2019Assembl\u00e9e nationale, convoqu\u00e9e en session extraordinaire.<\/p>\n\n\n\n<p class=\"wp-block-paragraph\"><strong>Consolidation de la politique sociale du Gouvernement<br><\/strong><br>Consid\u00e9rant la solidarit\u00e9 nationale comme fondement de notre commune volont\u00e9 de vivre ensemble, le Chef de l\u2019Etat demande au Premier Ministre de faire prendre toutes les mesures appropri\u00e9es afin d\u2019activer le paiement, dans les meilleurs d\u00e9lais,des bourses de s\u00e9curit\u00e9 familiale, dans le cadre du Registre national unique (RNU) actualis\u00e9 et valid\u00e9. Il demande au Gouvernement d\u2019\u00e9valuer l\u2019application de la loi d\u2019orientation sociale et des dispositifs de protection sociale et de la Carte d\u2019\u00e9galit\u00e9 de chances.<\/p>\n\n\n\n<p class=\"wp-block-paragraph\">Le Pr\u00e9sident de la R\u00e9publique fait noter l\u2019imp\u00e9ratif de mener une r\u00e9flexion strat\u00e9gique sur le financement durable de la Couverture sanitaire universelle (CSU), la revalorisation des pensions de retraite et la pr\u00e9servation des acquis li\u00e9s \u00e0 la gouvernance des institutions de protection sociale. Il demande de renforcer le Fonds de Solidarit\u00e9 nationale et le Commissariat \u00e0 la S\u00e9curit\u00e9 Alimentaire et \u00e0 la R\u00e9silience et d\u2019actualiser le cadre de pilotage et de suivi des impacts sociaux des entit\u00e9s, programmes et projets de promotion de l\u2019\u00e9quit\u00e9.<\/p>\n\n\n\n<p class=\"wp-block-paragraph\">Enfin, il demande au Ministre de la Famille, de l\u2019Action sociale et des Solidarit\u00e9s de pr\u00e9senter, lors du prochain Conseil des Ministres, le projet de loi sur l\u2019autonomisation \u00e9conomique des femmes, en vue de renforcer la protection et la promotion sociales des Femmes.<\/p>\n\n\n\n<p class=\"wp-block-paragraph\"><strong>Mise en \u0153uvre des r\u00e9formes pour am\u00e9liorer le syst\u00e8me de sant\u00e9<br><\/strong><br>Relativement \u00e0 la situation sociale dans le secteur de la sant\u00e9, le Chef de l\u2019Etat demande d\u2019engager les concertations ad\u00e9quates avec toutes les parties prenantes, en vue d\u2019asseoir une stabilit\u00e9 sociale durable. Il demande \u00e9galement d\u2019acc\u00e9l\u00e9rer la r\u00e9ception, dans les d\u00e9lais, de toutes les infrastructures sanitaires en cours de construction, particuli\u00e8rement l\u2019h\u00f4pital Aristide Le Dantec, le Centre national d\u2019Oncologie et l\u2019h\u00f4pital de Ourossogui. En outre, il demande au Premier Ministrede travailler sur un programme d\u2019urgence pour la densification de la carte sanitaire en Etablissements publics de sant\u00e9 (EPS). Il instruit aussi le Gouvernement d\u2019accentuer la veille sanitaire, de mobiliser les moyens requis pour le d\u00e9ploiement syst\u00e9matique des campagnes nationales de vaccination et d\u2019acc\u00e9l\u00e9rer les proc\u00e9dures de recrutement des nouveaux personnels de sant\u00e9.<\/p>\n\n\n\n<p class=\"wp-block-paragraph\"><strong>Mobilisation g\u00e9n\u00e9rale pour le succ\u00e8s des JOJ Dakar 2026<br><\/strong><br>Apr\u00e8s avoir proc\u00e9d\u00e9, le 29 ao\u00fbt 2026, \u00e0 l\u2019inauguration du Village olympique et du Centre \u00e9questre de Diamniadio, deux infrastructures n\u00e9vralgiques des JOJ Dakar 2026, le Chef de l\u2019Etatf\u00e9licite le Premier Ministre, le Ministre de l\u2019Economie, des Finances et du Plan, le Ministre des Infrastructures, le Ministre de l\u2019Enseignement sup\u00e9rieur, le Ministre de la Jeunesse et des Sports, le Haut Commandant de la Gendarmerie nationale et le COJOJ, pour les efforts consentis afin de livrer les travaux dans les d\u00e9lais. Il demande au Gouvernement, aux autorit\u00e9s administratives et aux Maires concern\u00e9s de veiller \u00e0 la finalisation des travaux de proximit\u00e9 r\u00e9siduels identifi\u00e9s et \u00e0 l\u2019am\u00e9lioration syst\u00e9matique du cadre de vie dans les villes, localit\u00e9s et quartiers d\u2019accueil, avec l\u2019implication des populations, notamment les jeunes.<\/p>\n\n\n\n<p class=\"wp-block-paragraph\">Enfin, il saisit l\u2019occasion du Conseil des Ministres pour lancer un appel \u00e0 la mobilisation nationale autour de l\u2019appropriation et du succ\u00e8s des JOJ Dakar 2026.<\/p>\n\n\n\n<p class=\"wp-block-paragraph\"><strong>AU TITRE DE LA COMMUNICATION DU PREMIER MINISTRE<br><\/strong><br>La communication du Premier Ministre a port\u00e9, d\u2019une part, sur la prise en charge des diligences post-accord technique entre le S\u00e9n\u00e9gal et le Fonds mon\u00e9taire international (FMI) pour un programme \u00e9conomique et financier et, d\u2019autre part, sur la feuille de route gouvernementale pour la p\u00e9riode septembre-d\u00e9cembre 2026.<\/p>\n\n\n\n<p class=\"wp-block-paragraph\">Sur le premier th\u00e8me, le Premier Ministre a indiqu\u00e9 que l\u2019accord technique avec le FMI et la d\u00e9cision de l\u2019Etat d\u2019annoncer publiquement le Plan de Traitement de la Dette du S\u00e9n\u00e9gal, intervenue le 1er septembre 2026, trois (03) mois, jour pour jour, apr\u00e8s la formation du nouveau Gouvernement, constituent un marqueur significatif du mandat du Chef de l\u2019Etat.<\/p>\n\n\n\n<p class=\"wp-block-paragraph\">Apr\u00e8s avoir soulign\u00e9 l\u2019appui d\u00e9terminant du Chef de l\u2019Etat dans l\u2019aboutissement de cette phase cruciale pour le redressement des finances publiques, le Premier Ministre a tenu \u00e0 f\u00e9liciter le Ministre de l\u2019Economie, des Finances et du Plan et l\u2019ensemble de son \u00e9quipe ainsi que celle de la Primature pour le professionnalisme et l\u2019abn\u00e9gation dont ils ont fait preuve dans ces dossiers.<\/p>\n\n\n\n<p class=\"wp-block-paragraph\">Le Premier Ministre a \u00e9galement demand\u00e9 aux ministres comp\u00e9tents d\u2019acc\u00e9l\u00e9rer la mise en place du dispositif de ciblage des subventions et de veiller au rappel du paiement des bourses nationales de s\u00e9curit\u00e9 familiale au plus tard en fin septembre 2026.<\/p>\n\n\n\n<p class=\"wp-block-paragraph\">Par ailleurs, il a invit\u00e9 le Ministre de l\u2019Economie, des Finances et du Plan \u00e0 veiller au d\u00e9p\u00f4t, dans les plus brefs d\u00e9lais, \u00e0 l\u2019Assembl\u00e9e nationale, de la Loi de Finances rectificative 2026,tenant compte de l\u2019accord technique avec les services du Fonds.<\/p>\n\n\n\n<p class=\"wp-block-paragraph\">De m\u00eame, il lui a demand\u00e9 de soumettre, au cours de la semaine, \u00e1 l\u2019approbation du Pr\u00e9sident de la R\u00e9publique, les r\u00e9sultats de l\u2019audit sur les arri\u00e9r\u00e9s int\u00e9rieurs, en vue du d\u00e9marrage de leur paiement avant la fin l\u2019ann\u00e9e 2026, en priorisant les cr\u00e9ances des TPE, PME et PMI.<\/p>\n\n\n\n<p class=\"wp-block-paragraph\">En outre, le Premier Ministre a instruit le Ministre charg\u00e9 des Finances, en relation avec ses coll\u00e8gues, de veiller \u00e0 la finalisation et \u00e0 l\u2019examen du projet de Loi de Finances Initiale 2027, par le Conseil des Ministres, au plus tard le 30 septembre 2026.<\/p>\n\n\n\n<p class=\"wp-block-paragraph\">Enfin, au regard de l\u2019urgence attach\u00e9e \u00e0 la relance du secteur de la construction, le Premier Ministre a demand\u00e9 aux Ministres charg\u00e9s de l\u2019Urbanisme, des Finances et de l\u2019Int\u00e9rieur de prendre les dispositions appropri\u00e9es ; celles-ci en vue de la prise des actes r\u00e9glementaires relatifs aux recommandations du Comit\u00e9 de Suivi des audits fonciers portant sur le r\u00e9am\u00e9nagement et la restructuration de certains lotissements dans les zones de Dakar et de Thi\u00e8s.<\/p>\n\n\n\n<p class=\"wp-block-paragraph\">Abordant le second th\u00e8me de sa communication, portant sur la feuille de route gouvernementale pour la p\u00e9riode septembre-d\u00e9cembre 2026, le Premier Ministre a demand\u00e9 aux ministres d\u2019attacher une importance capitale \u00e0 l\u2019\u00e9laboration des feuilles de route de leurs d\u00e9partements respectifs. Il s\u2019agit notamment d\u2019identifier avec pr\u00e9cision, les projets et r\u00e9formes \u00e0 entamer ou \u00e0finaliser, d\u2019une part, d\u2019ici la fin de l\u2019ann\u00e9e 2026 et d\u2019autre part, pour les ann\u00e9es 2027, 2028 et 2029.<\/p>\n\n\n\n<p class=\"wp-block-paragraph\">Il a particuli\u00e8rement mis l\u2019accent sur l\u2019imp\u00e9ratif de veiller \u00e0 la s\u00e9lectivit\u00e9 et \u00e0 la structuration des projets propos\u00e9s, crit\u00e8res essentiels qui seront appliqu\u00e9s pour l\u2019arbitrage des sollicitations budg\u00e9taires pour la LFI 2027.<\/p>\n\n\n\n<p class=\"wp-block-paragraph\"><strong>AU TITRE DES COMMUNICATIONS DES MINISTRES<br><\/strong><br>Le Ministre de l\u2019Economie, des Finances et du Plan a fait une communication sur le Programme \u00e9conomique et financier 2026-2029, suite \u00e0 l\u2019accord technique conclu avec le FMI.<\/p>\n\n\n\n<p class=\"wp-block-paragraph\">Le Ministre de l\u2019Energie et du P\u00e9trole a fait une communication sur la situation du secteur de l\u2019Energie.<\/p>\n\n\n\n<p class=\"wp-block-paragraph\">Le Ministre de la Jeunesse et des sports a fait une communication sur le Conseil consultatif des Jeunes du S\u00e9n\u00e9gal et sur les vacances citoyennes.<\/p>\n\n\n\n<p class=\"wp-block-paragraph\"><strong>AU TITRE DES TEXTES LEGISLATIFS ET REGLEMENTAIRES<br><\/strong><br>Le Conseil a examin\u00e9 et adopt\u00e9 le projet de loi autorisant le Pr\u00e9sident de la R\u00e9publique \u00e0 ratifier le Protocole \u00e0 la Charte africaine des Droits de l\u2019Homme et des Peuples, relatif au droit \u00e0 la nationalit\u00e9 et \u00e0 l\u2019\u00e9limination de l\u2019apatridie en Afrique, adopt\u00e9 le 18 f\u00e9vrier 2024 \u00e0 Addis Abeba.<\/p>\n\n\n\n<p class=\"wp-block-paragraph\">Bacary SARR,<\/p>\n\n\n\n<p class=\"wp-block-paragraph\">Ministre de la Communication et des Relations avec les Institutions,<\/p>\n\n\n\n<p class=\"wp-block-paragraph\">Porte-Parole du Gouvernement\u200b\u200b<\/p>\n","protected":false},"excerpt":{"rendered":"<p>Le Conseil des Ministres s\u2019est tenu le mercredi 02 septembre2026, au Palais de la R\u00e9publique, sous la pr\u00e9sidence de Son<\/p>\n","protected":false},"author":1,"featured_media":73477,"comment_status":"open","ping_status":"open","sticky":false,"template":"","format":"standard","meta":{"footnotes":""},"categories":[6],"tags":[],"class_list":["post-78090","post","type-post","status-publish","format-standard","has-post-thumbnail","hentry","category-politics"],"_links":{"self":[{"href":"https:\/\/dekkbi.com\/index.php?rest_route=\/wp\/v2\/posts\/78090","targetHints":{"allow":["GET"]}}],"collection":[{"href":"https:\/\/dekkbi.com\/index.php?rest_route=\/wp\/v2\/posts"}],"about":[{"href":"https:\/\/dekkbi.com\/index.php?rest_route=\/wp\/v2\/types\/post"}],"author":[{"embeddable":true,"href":"https:\/\/dekkbi.com\/index.php?rest_route=\/wp\/v2\/users\/1"}],"replies":[{"embeddable":true,"href":"https:\/\/dekkbi.com\/index.php?rest_route=%2Fwp%2Fv2%2Fcomments&post=78090"}],"version-history":[{"count":1,"href":"https:\/\/dekkbi.com\/index.php?rest_route=\/wp\/v2\/posts\/78090\/revisions"}],"predecessor-version":[{"id":78091,"href":"https:\/\/dekkbi.com\/index.php?rest_route=\/wp\/v2\/posts\/78090\/revisions\/78091"}],"wp:featuredmedia":[{"embeddable":true,"href":"https:\/\/dekkbi.com\/index.php?rest_route=\/wp\/v2\/media\/73477"}],"wp:attachment":[{"href":"https:\/\/dekkbi.com\/index.php?rest_route=%2Fwp%2Fv2%2Fmedia&parent=78090"}],"wp:term":[{"taxonomy":"category","embeddable":true,"href":"https:\/\/dekkbi.com\/index.php?rest_route=%2Fwp%2Fv2%2Fcategories&post=78090"},{"taxonomy":"post_tag","embeddable":true,"href":"https:\/\/dekkbi.com\/index.php?rest_route=%2Fwp%2Fv2%2Ftags&post=78090"}],"curies":[{"name":"wp","href":"https:\/\/api.w.org\/{rel}","templated":true}]}}