{"id":78087,"date":"2026-09-02T16:49:46","date_gmt":"2026-09-02T16:49:46","guid":{"rendered":"https:\/\/dekkbi.com\/?p=78087"},"modified":"2026-09-02T16:49:47","modified_gmt":"2026-09-02T16:49:47","slug":"ils-mont-humilie-et-sali-pierre-emerick-aubameyang-claque-la-porte-de-la-selection-gabonaise","status":"publish","type":"post","link":"https:\/\/dekkbi.com\/?p=78087","title":{"rendered":"\u201cIls m\u2019ont humili\u00e9 et sali\u201d: Pierre-Emerick Aubameyang claque la porte de la s\u00e9lection gabonaise"},"content":{"rendered":"\n<p class=\"wp-block-paragraph\">Il avait \u00e9t\u00e9 point\u00e9 du doigt et sanctionn\u00e9 apr\u00e8s l\u2019\u00e9chec du Gabon lors de la derni\u00e8re CAN et il ne l\u2019a pas dig\u00e9r\u00e9. Pierre-Emerick Aubameyang, meilleur buteur de l\u2019histire des Panth\u00e8res, a annonc\u00e9 qu\u2019il se mettait provisoirement en retrait de la s\u00e9lection.<\/p>\n\n\n\n<p class=\"wp-block-paragraph\">Le capitaine du Gabon Pierre-Emerick Aubameyang a annonc\u00e9 sa mise en retrait de l\u2019\u00e9quipe nationale de football, s\u2019estimant \u201chumili\u00e9\u201d par son exclusion puis sa r\u00e9int\u00e9gration apr\u00e8s l\u2019\u00e9chec \u00e0 la derni\u00e8re Coupe d\u2019Afrique des Nations, au Maroc.<\/p>\n\n\n\n<p class=\"wp-block-paragraph\">\u201cIls m\u2019ont humili\u00e9 et sali alors que j\u2019avais jou\u00e9 la CAN en \u00e9tant bless\u00e9\u201d, a d\u00e9nonc\u00e9 le capitaine gabonais dans une interview \u00e0 la t\u00e9l\u00e9vision mardi. \u201cC\u2019est la goutte d\u2019eau qui a fait d\u00e9border le vase et je pr\u00e9f\u00e8re m\u2019arr\u00eater l\u00e0.\u201d<\/p>\n\n\n\n<p class=\"wp-block-paragraph\">Le meilleur buteur de l\u2019histoire des Panth\u00e8res du Gabon garde un go\u00fbt amer apr\u00e8s avoir \u00e9t\u00e9 d\u00e9sign\u00e9 responsable de l\u2019\u00e9chec \u00e0 la Coupe d\u2019Afrique des nations (CAN) 2025 par le gouvernement gabonais. Le Gabon avait \u00e9t\u00e9 sorti de la comp\u00e9tition d\u00e8s la phase de groupes apr\u00e8s trois d\u00e9faites, dont une derni\u00e8re contre la C\u00f4te d\u2019Ivoire (3-2).<\/p>\n\n\n\n<p class=\"wp-block-paragraph\">\u201cC\u2019est une part de l\u2019identit\u00e9 nationale qui s\u2019en trouve fragilis\u00e9e\u201d, avait alors comment\u00e9 le pr\u00e9sident gabonais Brice Clotaire Oligui Nguema. En r\u00e9action, le gouvernement avait d\u00e9cid\u00e9 la dissolution du staff technique, la suspension de l\u2019\u00e9quipe nationale jusqu\u2019\u00e0 nouvel ordre, ainsi que la mise \u00e0 l\u2019\u00e9cart de Pierre-Emerick Aubameyang (37 ans) et Bruno Ecuele Manga (38 ans).<\/p>\n\n\n\n<p class=\"wp-block-paragraph\">La suspension de ces cadres v\u00e9t\u00e9rans de la s\u00e9lection avait suscit\u00e9 une vague d\u2019indignation parmi les supporters gabonais. \u201cJe pense que les probl\u00e8mes de l\u2019\u00e9quipe sont bien plus profonds que la petite personne que je suis\u201d, avait r\u00e9agi Aubameyang.<\/p>\n\n\n\n<p class=\"wp-block-paragraph\">Le buteur gabonais s\u2019est lanc\u00e9 un probable dernier d\u00e9fi en Europe en quittant l\u2019OM &#8211; une deuxi\u00e8me fois &#8211; pour rejoindre le Deportivo La Corogne, qui retrouve l\u2019\u00e9lite espagnole apr\u00e8s une longue travers\u00e9e du d\u00e9sert. Il a d\u00e9j\u00e0 inscrit trois buts pour sa nouvelle \u00e9quipe.<\/p>\n\n\n\n<p class=\"wp-block-paragraph\">Le nouveau s\u00e9lectionneur national du Gabon, S\u00e9bastien Mign\u00e9, devra composer avec le retrait de son capitaine alors que l\u2019\u00e9quipe pr\u00e9pare les prochaines \u00e9ch\u00e9ances des \u00e9liminatoires de la CAN.<\/p>\n\n\n\n<p class=\"wp-block-paragraph\">SOURCE RFI<\/p>\n","protected":false},"excerpt":{"rendered":"<p>Il avait \u00e9t\u00e9 point\u00e9 du doigt et sanctionn\u00e9 apr\u00e8s l\u2019\u00e9chec du Gabon lors de la derni\u00e8re CAN et il ne<\/p>\n","protected":false},"author":1,"featured_media":78088,"comment_status":"open","ping_status":"open","sticky":false,"template":"","format":"standard","meta":{"footnotes":""},"categories":[9],"tags":[],"class_list":["post-78087","post","type-post","status-publish","format-standard","has-post-thumbnail","hentry","category-sports"],"_links":{"self":[{"href":"https:\/\/dekkbi.com\/index.php?rest_route=\/wp\/v2\/posts\/78087","targetHints":{"allow":["GET"]}}],"collection":[{"href":"https:\/\/dekkbi.com\/index.php?rest_route=\/wp\/v2\/posts"}],"about":[{"href":"https:\/\/dekkbi.com\/index.php?rest_route=\/wp\/v2\/types\/post"}],"author":[{"embeddable":true,"href":"https:\/\/dekkbi.com\/index.php?rest_route=\/wp\/v2\/users\/1"}],"replies":[{"embeddable":true,"href":"https:\/\/dekkbi.com\/index.php?rest_route=%2Fwp%2Fv2%2Fcomments&post=78087"}],"version-history":[{"count":1,"href":"https:\/\/dekkbi.com\/index.php?rest_route=\/wp\/v2\/posts\/78087\/revisions"}],"predecessor-version":[{"id":78089,"href":"https:\/\/dekkbi.com\/index.php?rest_route=\/wp\/v2\/posts\/78087\/revisions\/78089"}],"wp:featuredmedia":[{"embeddable":true,"href":"https:\/\/dekkbi.com\/index.php?rest_route=\/wp\/v2\/media\/78088"}],"wp:attachment":[{"href":"https:\/\/dekkbi.com\/index.php?rest_route=%2Fwp%2Fv2%2Fmedia&parent=78087"}],"wp:term":[{"taxonomy":"category","embeddable":true,"href":"https:\/\/dekkbi.com\/index.php?rest_route=%2Fwp%2Fv2%2Fcategories&post=78087"},{"taxonomy":"post_tag","embeddable":true,"href":"https:\/\/dekkbi.com\/index.php?rest_route=%2Fwp%2Fv2%2Ftags&post=78087"}],"curies":[{"name":"wp","href":"https:\/\/api.w.org\/{rel}","templated":true}]}}