{"id":78073,"date":"2026-09-02T13:35:42","date_gmt":"2026-09-02T13:35:42","guid":{"rendered":"https:\/\/dekkbi.com\/?p=78073"},"modified":"2026-09-02T13:41:09","modified_gmt":"2026-09-02T13:41:09","slug":"zambie-apres-linvestiture-dhakainde-hichilema-lopposition-sinquiete-du-recul-democratique","status":"publish","type":"post","link":"https:\/\/dekkbi.com\/?p=78073","title":{"rendered":"Zambie: apr\u00e8s l\u2019investiture d\u2019Hakainde Hichilema, l\u2019opposition s\u2019inqui\u00e8te du recul d\u00e9mocratique"},"content":{"rendered":"\n<p class=\"wp-block-paragraph\">Hakainde Hichilema a entam\u00e9 mardi 1er septembre son deuxi\u00e8me mandat \u00e0 la t\u00eate de la Zambie. R\u00e9\u00e9lu avec 60,5&nbsp;% des voix selon les r\u00e9sultats officiels, contest\u00e9s par l\u2019opposition, le pr\u00e9sident promet de faire passer le pays de la stabilisation \u00e9conomique \u00e0 une croissance qui profite \u00e0 tous. Mais son investiture intervient dans un climat politique tendu : son principal rival, Brian Mundubile, est en prison, inculp\u00e9 de trahison, tandis que l\u2019opposition s\u2019alarme d\u2019un recul d\u00e9mocratique.<\/p>\n\n\n\n<p class=\"wp-block-paragraph\">par Christina Okello &#8211; SOURCE RFI<\/p>\n\n\n\n<p class=\"wp-block-paragraph\">Devant les tribunes combles du National Heroes Stadium de Lusaka, Hakainde Hichilema a donn\u00e9 le ton de son nouveau mandat. \u00ab&nbsp;<em>Ce mandat n\u2019appartient pas \u00e0 Hakainde Hichilema, mais au peuple zambien&nbsp;<\/em>\u00bb, a lanc\u00e9 le pr\u00e9sident. Son mot d\u2019ordre pour les cinq ann\u00e9es \u00e0 venir : \u00ab&nbsp;Grow Zambia&nbsp;\u00bb, faire grandir la&nbsp;<strong>Zambie<\/strong>.<\/p>\n\n\n\n<h2 class=\"wp-block-heading\">De la stabilisation \u00e0 la croissance<\/h2>\n\n\n\n<p class=\"wp-block-paragraph\">Apr\u00e8s un premier mandat consacr\u00e9, selon lui, \u00e0 stabiliser et relancer l\u2019\u00e9conomie, Hakainde Hichilema veut d\u00e9sormais acc\u00e9l\u00e9rer. \u00ab&nbsp;<em>Les cinq prochaines ann\u00e9es seront plac\u00e9es sous le signe de la croissance, de l\u2019expansion, des opportunit\u00e9s et de la prosp\u00e9rit\u00e9&nbsp;<\/em>\u00bb, a-t-il promis.<\/p>\n\n\n\n<p class=\"wp-block-paragraph\">Le pr\u00e9sident a toutefois reconnu que ces am\u00e9liorations ne s\u2019\u00e9taient pas encore traduites dans le quotidien de tous les Zambiens. \u00ab&nbsp;<em>Pour de nombreuses familles, le co\u00fbt de la vie reste difficile et les b\u00e9n\u00e9fices de notre stabilisation ne se font pas encore sentir \u00e0 tous les niveaux&nbsp;<\/em>\u00bb, a-t-il admis.<\/p>\n\n\n\n<p class=\"wp-block-paragraph\">Son gouvernement veut notamment d\u00e9velopper les secteurs minier, agricole, touristique et \u00e9nerg\u00e9tique.&nbsp;<strong>Hakainde Hichilema<\/strong>&nbsp;a r\u00e9sum\u00e9 son ambition par une image&nbsp;:&nbsp;\u00ab&nbsp;<em>La croissance \u00e9conomique doit avoir un sens \u00e0 table&nbsp;<\/em>\u00bb. Elle doit se traduire, selon lui, par l\u2019\u00e9ducation des enfants, des emplois pour les jeunes dipl\u00f4m\u00e9s ou encore des d\u00e9bouch\u00e9s pour les agriculteurs.<\/p>\n\n\n\n<h2 class=\"wp-block-heading\">Une investiture sous haute s\u00e9curit\u00e9<\/h2>\n\n\n\n<p class=\"wp-block-paragraph\">\u00c0 l\u2019ext\u00e9rieur du stade, l\u2019important dispositif de s\u00e9curit\u00e9 t\u00e9moignait d\u2019un climat bien diff\u00e9rent. La police zambienne disait disposer d\u2019informations faisant \u00e9tat de manifestations pr\u00e9vues pendant l\u2019investiture, notamment pour d\u00e9noncer l\u2019arrestation de plusieurs membres de l\u2019opposition.<\/p>\n\n\n\n<p class=\"wp-block-paragraph\">Muhabi Lungu, membre de l\u2019alliance de Brian Mundubile, a rejet\u00e9 cet argument. \u00ab&nbsp;<em>Plus de 300 personnes sont en prison, notre secr\u00e9taire g\u00e9n\u00e9ral est en fuite, et plusieurs hauts responsables de l\u2019alliance ne sont pas pr\u00e9sents, alors qui organise ces manifestations&nbsp;?<\/em>&nbsp;\u00bb, s\u2019est-il interrog\u00e9.<\/p>\n\n\n\n<p class=\"wp-block-paragraph\">Pour lui, \u00ab&nbsp;<em>cette investiture est un simulacre. C\u2019est le couronnement d\u2019un empereur qui a trich\u00e9 pour acc\u00e9der au pouvoir. Les \u00e9lections n\u2019ont \u00e9t\u00e9 ni libres ni \u00e9quitables&nbsp;<\/em>\u00bb. \u00ab&nbsp;<em>C\u2019est un jour tr\u00e8s triste pour la Zambie, un moment d\u2019infamie&nbsp;<\/em>\u00bb, a-t-il ajout\u00e9.<\/p>\n\n\n\n<p class=\"wp-block-paragraph\">Ces accusations interviennent apr\u00e8s un scrutin dont le d\u00e9roulement a suscit\u00e9 des interrogations. Des observateurs ind\u00e9pendants ont relev\u00e9 des anomalies dans les r\u00e9sultats officiels, tout en estimant qu\u2019Hakainde Hichilema avait franchi la barre des 50&nbsp;% n\u00e9cessaire pour l\u2019emporter. L\u2019acc\u00e8s aux principales juridictions du pays a par ailleurs \u00e9t\u00e9 ferm\u00e9 pour des raisons de s\u00e9curit\u00e9 le dernier jour du d\u00e9lai permettant de contester l\u2019\u00e9lection.<\/p>\n\n\n\n<h2 class=\"wp-block-heading\">\u00ab&nbsp;<em>Nous assistons \u00e0 la mort de la d\u00e9mocratie<\/em>&nbsp;\u00bb<\/h2>\n\n\n\n<p class=\"wp-block-paragraph\">M\u00eame inqui\u00e9tude chez Kapembwa Simbao, ancien ministre et pr\u00e9sident de Zambia We Want, l\u2019une des formations de l\u2019alliance d\u2019opposition.<\/p>\n\n\n\n<p class=\"wp-block-paragraph\">\u00ab&nbsp;<em>Les gens sont tr\u00e8s, tr\u00e8s frustr\u00e9s&nbsp;<\/em>\u00bb, a-t-il expliqu\u00e9. \u00ab&nbsp;<em>Ce qui s\u2019est pass\u00e9 apr\u00e8s l\u2019\u00e9lection est extr\u00eamement effrayant : la mort de l\u2019ancien ministre, l\u2019incarc\u00e9ration de tant de personnes [\u2026] Nous avons encore beaucoup de personnes qui se cachent.&nbsp;<\/em>\u00bb<\/p>\n\n\n\n<p class=\"wp-block-paragraph\">\u00ab&nbsp;<em>Nous semblons assister \u00e0 la mort de la d\u00e9mocratie dans ce pays. Rien de tel ne s\u2019\u00e9tait jamais produit ici&nbsp;<\/em>\u00bb, a poursuivi Kapembwa Simbao, craignant que la situation ne s\u2019aggrave dans les prochaines ann\u00e9es.<\/p>\n\n\n\n<h2 class=\"wp-block-heading\">La mort de Mutotwe Kafwaya au c\u0153ur des interrogations<\/h2>\n\n\n\n<p class=\"wp-block-paragraph\">Parmi les \u00e9v\u00e9nements qui ont marqu\u00e9 l\u2019apr\u00e8s-scrutin figure la mort de Mutotwe Kafwaya, ancien ministre et membre de l\u2019opposition, tu\u00e9 par balle le 14 ao\u00fbt lors d\u2019une op\u00e9ration des forces de s\u00e9curit\u00e9 \u00e0 Lusaka. Les circonstances de sa mort restent contest\u00e9es&nbsp;:&nbsp;les autorit\u00e9s affirment que les forces de s\u00e9curit\u00e9 ont essuy\u00e9 des tirs, une version mise en doute par l\u2019opposition.<\/p>\n\n\n\n<p class=\"wp-block-paragraph\">Kapembwa Simbao, qui l\u2019avait c\u00f4toy\u00e9 au Parlement, demande que toute la lumi\u00e8re soit faite. \u00ab&nbsp;<em>C\u2019\u00e9tait un homme tellement inoffensif&nbsp;<\/em>\u00bb, raconte-t-il. \u00ab&nbsp;<em>Ils affirment qu\u2019il y a eu un \u00e9change de tirs. Je voudrais vraiment savoir s\u2019il a lui-m\u00eame tir\u00e9, ou m\u00eame s\u2019il avait une arme.&nbsp;<\/em>\u00bb<\/p>\n\n\n\n<h2 class=\"wp-block-heading\">Brian Mundubile toujours derri\u00e8re les barreaux<\/h2>\n\n\n\n<p class=\"wp-block-paragraph\">La tension se cristallise aussi autour de Brian Mundubile. Cr\u00e9dit\u00e9 d\u2019environ 38&nbsp;% des voix selon les r\u00e9sultats officiels, le principal adversaire d\u2019Hakainde Hichilema a rejet\u00e9 les r\u00e9sultats. Apr\u00e8s s\u2019\u00eatre cach\u00e9, disant craindre pour sa s\u00e9curit\u00e9, il s\u2019est finalement rendu aux autorit\u00e9s avec son colistier Makebi Zulu. Tous deux sont d\u00e9tenus dans le cadre d\u2019une affaire de trahison et contestent les accusations port\u00e9es contre eux.<\/p>\n\n\n\n<p class=\"wp-block-paragraph\">\u00ab&nbsp;<em>Traduisez-les en justice et prouvez vos accusations&nbsp;<\/em>\u00bb, r\u00e9clame Kapembwa Simbao. \u00ab&nbsp;Et si ce n\u2019est pas le cas, lib\u00e9rez-les.&nbsp;\u00bb<\/p>\n\n\n\n<h2 class=\"wp-block-heading\">\u00ab&nbsp;<em>Des adversaires politiques, pas des ennemis<\/em>&nbsp;\u00bb<\/h2>\n\n\n\n<p class=\"wp-block-paragraph\">Face \u00e0 ces tensions, Hakainde Hichilema a consacr\u00e9 une partie de son discours \u00e0 l\u2019unit\u00e9 nationale. \u00ab&nbsp;<em>Celui qui a vot\u00e9 contre nous n\u2019est pas notre ennemi. C\u2019est notre fr\u00e8re. C\u2019est notre s\u0153ur. Ce sont nos compatriotes&nbsp;<\/em>\u00bb, a-t-il d\u00e9clar\u00e9.<\/p>\n\n\n\n<p class=\"wp-block-paragraph\">Il a \u00e9galement tendu la main \u00e0 ses adversaires&nbsp;:&nbsp;\u00ab&nbsp;<em>Vous restez une partie importante de notre d\u00e9mocratie et nous respectons vos choix. L\u00e0 o\u00f9 nous sommes en d\u00e9saccord, nous le sommes en tant qu\u2019adversaires politiques, pas en tant qu\u2019ennemis&nbsp;<\/em>\u00bb. Il a promis d\u2019\u00e9couter les \u00ab&nbsp;<em>critiques constructives&nbsp;<\/em>\u00bb de l\u2019opposition.<\/p>\n\n\n\n<p class=\"wp-block-paragraph\">Le d\u00e9fi de son deuxi\u00e8me mandat sera donc autant \u00e9conomique que politique : tenir sa promesse d\u2019une croissance qui profite \u00e0 tous, tout en apaisant les tensions n\u00e9es du scrutin.<\/p>\n\n\n\n<p class=\"wp-block-paragraph\"><\/p>\n","protected":false},"excerpt":{"rendered":"<p>Hakainde Hichilema a entam\u00e9 mardi 1er septembre son deuxi\u00e8me mandat \u00e0 la t\u00eate de la Zambie. R\u00e9\u00e9lu avec 60,5&nbsp;% des<\/p>\n","protected":false},"author":1,"featured_media":78074,"comment_status":"open","ping_status":"open","sticky":false,"template":"","format":"standard","meta":{"footnotes":""},"categories":[51],"tags":[],"class_list":["post-78073","post","type-post","status-publish","format-standard","has-post-thumbnail","hentry","category-general"],"_links":{"self":[{"href":"https:\/\/dekkbi.com\/index.php?rest_route=\/wp\/v2\/posts\/78073","targetHints":{"allow":["GET"]}}],"collection":[{"href":"https:\/\/dekkbi.com\/index.php?rest_route=\/wp\/v2\/posts"}],"about":[{"href":"https:\/\/dekkbi.com\/index.php?rest_route=\/wp\/v2\/types\/post"}],"author":[{"embeddable":true,"href":"https:\/\/dekkbi.com\/index.php?rest_route=\/wp\/v2\/users\/1"}],"replies":[{"embeddable":true,"href":"https:\/\/dekkbi.com\/index.php?rest_route=%2Fwp%2Fv2%2Fcomments&post=78073"}],"version-history":[{"count":4,"href":"https:\/\/dekkbi.com\/index.php?rest_route=\/wp\/v2\/posts\/78073\/revisions"}],"predecessor-version":[{"id":78080,"href":"https:\/\/dekkbi.com\/index.php?rest_route=\/wp\/v2\/posts\/78073\/revisions\/78080"}],"wp:featuredmedia":[{"embeddable":true,"href":"https:\/\/dekkbi.com\/index.php?rest_route=\/wp\/v2\/media\/78074"}],"wp:attachment":[{"href":"https:\/\/dekkbi.com\/index.php?rest_route=%2Fwp%2Fv2%2Fmedia&parent=78073"}],"wp:term":[{"taxonomy":"category","embeddable":true,"href":"https:\/\/dekkbi.com\/index.php?rest_route=%2Fwp%2Fv2%2Fcategories&post=78073"},{"taxonomy":"post_tag","embeddable":true,"href":"https:\/\/dekkbi.com\/index.php?rest_route=%2Fwp%2Fv2%2Ftags&post=78073"}],"curies":[{"name":"wp","href":"https:\/\/api.w.org\/{rel}","templated":true}]}}