{"id":78068,"date":"2026-09-02T13:27:38","date_gmt":"2026-09-02T13:27:38","guid":{"rendered":"https:\/\/dekkbi.com\/?p=78068"},"modified":"2026-09-02T13:27:38","modified_gmt":"2026-09-02T13:27:38","slug":"moyen-orient-liran-annonce-une-nouvelle-strategie-pour-briser-les-etats-unis","status":"publish","type":"post","link":"https:\/\/dekkbi.com\/?p=78068","title":{"rendered":"Moyen-Orient: l&rsquo;Iran annonce une nouvelle strat\u00e9gie pour \u00abbriser\u00bb les \u00c9tats-Unis"},"content":{"rendered":"\n<p class=\"wp-block-paragraph\">L&rsquo;Iran a attaqu\u00e9 mercredi 2 septembre des bases militaires am\u00e9ricaines dans le Golfe, apr\u00e8s une deuxi\u00e8me s\u00e9rie de frappes des \u00c9tats-Unis contre son territoire ces derniers jours et les a avertis qu&rsquo;ils seraient \u00ab&nbsp;<em>bient\u00f4t confront\u00e9s \u00e0 une nouvelle strat\u00e9gie<\/em>&nbsp;\u00bb. Les forces iraniennes ont affirm\u00e9 avoir lanc\u00e9 des attaques contre des cibles militaires am\u00e9ricaines aux \u00c9mirats arabes unis, au Kowe\u00eft et \u00e0 Bahre\u00efn, apr\u00e8s avoir d\u00e9j\u00e0 revendiqu\u00e9 des frappes sur la Jordanie et le Kurdistan irakien.&nbsp;<\/p>\n\n\n\n<p class=\"wp-block-paragraph\"><strong>Ce qu&rsquo;il faut retenir :<\/strong><\/p>\n\n\n\n<p class=\"wp-block-paragraph\">\u25ba&nbsp;Les \u00c9tats-Unis ont lanc\u00e9 mardi 1er&nbsp;septembre de \u2060nouvelles frappes \u200ben Iran. Les nouvelles frappes am\u00e9ricaines interviennent apr\u00e8s les \u00e9changes de tirs survenus au cours du week-end, les premiers depuis le mois de juillet.<\/p>\n\n\n\n<p class=\"wp-block-paragraph\">\u25ba En riposte, l&rsquo;Iran a attaqu\u00e9 mercredi 2 septembre\u00a0<strong>des bases militaires am\u00e9ricaines dans le Golfe<\/strong>. Les forces iraniennes ont affirm\u00e9 avoir lanc\u00e9 des attaques contre des cibles militaires am\u00e9ricaines aux \u00c9mirats arabes unis, au Kowe\u00eft et \u00e0 Bahre\u00efn, apr\u00e8s avoir revendiqu\u00e9 des frappes sur la Jordanie et le Kurdistan irakien. Il s\u2019agit de l&rsquo;escalade dans les hostilit\u00e9s la plus grave \u200bdepuis des semaines.<\/p>\n\n\n\n<p class=\"wp-block-paragraph\">\u25ba Au moins 18 personnes ont \u00e9t\u00e9 tu\u00e9es lors de la derni\u00e8re s\u00e9rie de bombardements am\u00e9ricains contre l&rsquo;Iran dans la nuit de mardi \u00e0 mercredi. Les Gardiens de la R\u00e9volution iraniens ont annonc\u00e9 la mort de quatre de leurs membres. Trois membres du Bassidj, une branche paramilitaire de la puissante force arm\u00e9e, dans une frappe am\u00e9ricaine sur une \u00eele iranienne du Golfe ont \u00e9t\u00e9 tu\u00e9s, ont aussi annonc\u00e9 les Gardiens de la R\u00e9volution.<\/p>\n\n\n\n<h2 class=\"wp-block-heading\">L&rsquo;Iran annonce une nouvelle strat\u00e9gie pour \u00abbriser\u00bb l&rsquo;ennemi apr\u00e8s les derni\u00e8res frappes am\u00e9ricaines<\/h2>\n\n\n\n<p class=\"wp-block-paragraph\">Le chef de la plus haute instance s\u00e9curitaire iranienne a averti mercredi les \u00c9tats-Unis qu&rsquo;ils seraient confront\u00e9s \u00e0 une \u00ab&nbsp;<em>nouvelle strat\u00e9gie<\/em>&nbsp;\u00bb dans la guerre au Moyen-Orient, apr\u00e8s une vive recrudescence des hostilit\u00e9s entre les deux bellig\u00e9rants.<\/p>\n\n\n\n<p class=\"wp-block-paragraph\">\u00ab&nbsp;<em>Vous verrez bient\u00f4t que la nouvelle strat\u00e9gie de l&rsquo;Iran sur le champ de bataille, sur le plan diplomatique et face au blocus \u00e9conomique, brisera vos fondements<\/em>&nbsp;\u00bb, a d\u00e9clar\u00e9 sur X Mohsen Reza\u00ef, secr\u00e9taire du Conseil supr\u00eame de s\u00e9curit\u00e9 nationale, sans en d\u00e9tailler les contours.<\/p>\n\n\n\n<h2 class=\"wp-block-heading\">Liban: une frappe isra\u00e9lienne tue un homme dans le sud<\/h2>\n\n\n\n<p class=\"wp-block-paragraph\">Un homme a \u00e9t\u00e9 tu\u00e9 et un autre bless\u00e9 mercredi dans une frappe isra\u00e9lienne sur la ville de Nabatiy\u00e9, dans le sud du Liban, a rapport\u00e9 un m\u00e9dia d&rsquo;\u00c9tat, l&rsquo;arm\u00e9e isra\u00e9lienne affirmant avoir vis\u00e9 des infrastructures du Hezbollah pro-iranien.<\/p>\n\n\n\n<p class=\"wp-block-paragraph\">Depuis des semaines, les violences se concentrent dans la r\u00e9gion de Nabatiy\u00e9 o\u00f9 l&rsquo;arm\u00e9e isra\u00e9lienne, qui occupe une partie du sud du Liban, tente de d\u00e9loger le Hezbollah d&rsquo;une colline strat\u00e9gique, Ali Taher.<\/p>\n\n\n\n<p class=\"wp-block-paragraph\">Selon l&rsquo;Agence nationale d&rsquo;information (Ani, officielle), \u00ab<em>&nbsp;un homme a \u00e9t\u00e9 tu\u00e9 et un autre bless\u00e9 dans une frappe men\u00e9e par un drone ennemi&nbsp;<\/em>\u00bb mercredi matin sur un quartier de Nabatiy\u00e9. L&rsquo;arm\u00e9e isra\u00e9lienne avait men\u00e9 plusieurs frappes sur le secteur \u00e0 l&rsquo;aube, d&rsquo;apr\u00e8s l&rsquo;Ani.<\/p>\n\n\n\n<p class=\"wp-block-paragraph\">SOURCE RFI<\/p>\n","protected":false},"excerpt":{"rendered":"<p>L&rsquo;Iran a attaqu\u00e9 mercredi 2 septembre des bases militaires am\u00e9ricaines dans le Golfe, apr\u00e8s une deuxi\u00e8me s\u00e9rie de frappes des<\/p>\n","protected":false},"author":1,"featured_media":73794,"comment_status":"open","ping_status":"open","sticky":false,"template":"","format":"standard","meta":{"footnotes":""},"categories":[51],"tags":[],"class_list":["post-78068","post","type-post","status-publish","format-standard","has-post-thumbnail","hentry","category-general"],"_links":{"self":[{"href":"https:\/\/dekkbi.com\/index.php?rest_route=\/wp\/v2\/posts\/78068","targetHints":{"allow":["GET"]}}],"collection":[{"href":"https:\/\/dekkbi.com\/index.php?rest_route=\/wp\/v2\/posts"}],"about":[{"href":"https:\/\/dekkbi.com\/index.php?rest_route=\/wp\/v2\/types\/post"}],"author":[{"embeddable":true,"href":"https:\/\/dekkbi.com\/index.php?rest_route=\/wp\/v2\/users\/1"}],"replies":[{"embeddable":true,"href":"https:\/\/dekkbi.com\/index.php?rest_route=%2Fwp%2Fv2%2Fcomments&post=78068"}],"version-history":[{"count":1,"href":"https:\/\/dekkbi.com\/index.php?rest_route=\/wp\/v2\/posts\/78068\/revisions"}],"predecessor-version":[{"id":78069,"href":"https:\/\/dekkbi.com\/index.php?rest_route=\/wp\/v2\/posts\/78068\/revisions\/78069"}],"wp:featuredmedia":[{"embeddable":true,"href":"https:\/\/dekkbi.com\/index.php?rest_route=\/wp\/v2\/media\/73794"}],"wp:attachment":[{"href":"https:\/\/dekkbi.com\/index.php?rest_route=%2Fwp%2Fv2%2Fmedia&parent=78068"}],"wp:term":[{"taxonomy":"category","embeddable":true,"href":"https:\/\/dekkbi.com\/index.php?rest_route=%2Fwp%2Fv2%2Fcategories&post=78068"},{"taxonomy":"post_tag","embeddable":true,"href":"https:\/\/dekkbi.com\/index.php?rest_route=%2Fwp%2Fv2%2Ftags&post=78068"}],"curies":[{"name":"wp","href":"https:\/\/api.w.org\/{rel}","templated":true}]}}