{"id":78061,"date":"2026-09-02T13:08:09","date_gmt":"2026-09-02T13:08:09","guid":{"rendered":"https:\/\/dekkbi.com\/?p=78061"},"modified":"2026-09-02T13:08:10","modified_gmt":"2026-09-02T13:08:10","slug":"lutte-contre-le-changement-climatique-yoff-mobilise-30-millions-de-fcfa-en-soutien-aux-projets-des-jeunes","status":"publish","type":"post","link":"https:\/\/dekkbi.com\/?p=78061","title":{"rendered":"Lutte contre le changement climatique : Yoff mobilise 30 millions de FCfa en soutien aux projets des jeunes"},"content":{"rendered":"\n<p class=\"wp-block-paragraph\"><strong>Pour accompagner des initiatives climatiques port\u00e9es par les jeunes, la commune de Yoff mobilise 50\u200900\u00a0dollars, soit environ 30\u00a0millions de FCFA. Huit jeunes porteurs de projets seront retenus pour apporter des solutions aux d\u00e9fis li\u00e9s au changement climatique dans cette collectivit\u00e9 territoriale.<\/strong><\/p>\n\n\n\n<p class=\"wp-block-paragraph\">Yoff figure parmi les 300&nbsp;collectivit\u00e9s territoriales b\u00e9n\u00e9ficiaires du Fonds d\u2019action climatique pour les jeunes (Ycaf, en anglais), financ\u00e9 par Bloomberg philanthropies. Cet appui de 50.000&nbsp;dollars, soit environ 30&nbsp;millions de FCfa, ouvre une nouvelle fen\u00eatre pour les jeunes d\u00e9sireux d\u2019apporter des r\u00e9ponses aux probl\u00e8mes environnementaux de leur commune.<\/p>\n\n\n\n<p class=\"wp-block-paragraph\">Dans la salle de d\u00e9lib\u00e9ration du Conseil municipal, le 31&nbsp;ao\u00fbt 2026, le maire Seydina Issa Laye Sambe a salu\u00e9 une opportunit\u00e9 qui, selon lui, permet de mieux associer la jeunesse \u00e0 l\u2019action climatique locale. \u00ab\u2009Cette initiative constitue \u00e0 la fois une reconnaissance de l\u2019engagement de notre jeunesse et une formidable occasion de placer les jeunes au c\u0153ur de l\u2019action climatique de la commune de Yoff\u2009\u00bb, a-t-il d\u00e9clar\u00e9.<\/p>\n\n\n\n<p class=\"wp-block-paragraph\">Huit b\u00e9n\u00e9ficiaires devront pr\u00e9senter des initiatives en rapport avec les r\u00e9alit\u00e9s de la collectivit\u00e9 territoriale. Le maire cite notamment l\u2019\u00e9rosion des terres, la pollution de l\u2019eau, les d\u00e9chets et la d\u00e9gradation des espaces verts parmi les pr\u00e9occupations auxquelles les jeunes peuvent apporter des r\u00e9ponses. Pour Seydina Issa Laye Sambe, cette d\u00e9marche doit rompre avec une conception de la jeunesse limit\u00e9e au r\u00f4le de b\u00e9n\u00e9ficiaire. \u00ab\u2009Ils doivent en \u00eatre les acteurs, les concepteurs et les leaders\u2009\u00bb, a-t-il insist\u00e9.<\/p>\n\n\n\n<p class=\"wp-block-paragraph\">Les candidatures devront \u00eatre port\u00e9es par au moins deux jeunes \u00e2g\u00e9s de 15 \u00e0 24&nbsp;ans. Les projets seront soumis \u00e0 un comit\u00e9 d\u2019\u00e9valuation ind\u00e9pendant, avec l\u2019objectif de privil\u00e9gier des initiatives inclusives et susceptibles de produire un impact concret sur les populations. \u00ab\u2009Nous ne chercherons pas n\u00e9cessairement les projets les plus co\u00fbteux ou les plus complexes\u2009\u00bb, a pr\u00e9cis\u00e9 le maire qui mise davantage sur des solutions capables de mobiliser les communaut\u00e9s.<\/p>\n\n\n\n<p class=\"wp-block-paragraph\">Pour Fatimata Sy, repr\u00e9sentante du Fonds d\u2019action climatique pour les jeunes (Ycaf), l\u2019int\u00e9r\u00eat du programme r\u00e9side dans cette capacit\u00e9 des jeunes, \u00e0 partir des probl\u00e8mes qu\u2019ils rencontrent au quotidien, de construire des r\u00e9ponses locales. Elle \u00e9voque notamment la gestion des d\u00e9chets, la pollution et la pr\u00e9servation du cadre de vie. \u00ab\u2009Nous voulons qu\u2019ils puissent identifier les probl\u00e8mes auxquels ils sont confront\u00e9s dans leurs quartiers et proposer des r\u00e9ponses adapt\u00e9es\u2009\u00bb, a-t-elle expliqu\u00e9.<\/p>\n\n\n\n<p class=\"wp-block-paragraph\">Au-del\u00e0 du financement, l\u2019initiative vise \u00e0 renforcer la participation des jeunes aux politiques climatiques locales. \u00ab\u2009Il ne s\u2019agit pas seulement de leur apporter un financement, mais de leur permettre de devenir des acteurs de la transformation de leur commune\u2009\u00bb, a ajout\u00e9 Mme Sy.<\/p>\n\n\n\n<p class=\"wp-block-paragraph\"><strong>Babacar Gu\u00e8ye DIOP<\/strong><\/p>\n","protected":false},"excerpt":{"rendered":"<p>Pour accompagner des initiatives climatiques port\u00e9es par les jeunes, la commune de Yoff mobilise 50\u200900\u00a0dollars, soit environ 30\u00a0millions de FCFA.<\/p>\n","protected":false},"author":1,"featured_media":78062,"comment_status":"open","ping_status":"open","sticky":false,"template":"","format":"standard","meta":{"footnotes":""},"categories":[21],"tags":[],"class_list":["post-78061","post","type-post","status-publish","format-standard","has-post-thumbnail","hentry","category-societe"],"_links":{"self":[{"href":"https:\/\/dekkbi.com\/index.php?rest_route=\/wp\/v2\/posts\/78061","targetHints":{"allow":["GET"]}}],"collection":[{"href":"https:\/\/dekkbi.com\/index.php?rest_route=\/wp\/v2\/posts"}],"about":[{"href":"https:\/\/dekkbi.com\/index.php?rest_route=\/wp\/v2\/types\/post"}],"author":[{"embeddable":true,"href":"https:\/\/dekkbi.com\/index.php?rest_route=\/wp\/v2\/users\/1"}],"replies":[{"embeddable":true,"href":"https:\/\/dekkbi.com\/index.php?rest_route=%2Fwp%2Fv2%2Fcomments&post=78061"}],"version-history":[{"count":1,"href":"https:\/\/dekkbi.com\/index.php?rest_route=\/wp\/v2\/posts\/78061\/revisions"}],"predecessor-version":[{"id":78063,"href":"https:\/\/dekkbi.com\/index.php?rest_route=\/wp\/v2\/posts\/78061\/revisions\/78063"}],"wp:featuredmedia":[{"embeddable":true,"href":"https:\/\/dekkbi.com\/index.php?rest_route=\/wp\/v2\/media\/78062"}],"wp:attachment":[{"href":"https:\/\/dekkbi.com\/index.php?rest_route=%2Fwp%2Fv2%2Fmedia&parent=78061"}],"wp:term":[{"taxonomy":"category","embeddable":true,"href":"https:\/\/dekkbi.com\/index.php?rest_route=%2Fwp%2Fv2%2Fcategories&post=78061"},{"taxonomy":"post_tag","embeddable":true,"href":"https:\/\/dekkbi.com\/index.php?rest_route=%2Fwp%2Fv2%2Ftags&post=78061"}],"curies":[{"name":"wp","href":"https:\/\/api.w.org\/{rel}","templated":true}]}}