{"id":78056,"date":"2026-09-02T12:21:26","date_gmt":"2026-09-02T12:21:26","guid":{"rendered":"https:\/\/dekkbi.com\/?p=78056"},"modified":"2026-09-02T12:21:27","modified_gmt":"2026-09-02T12:21:27","slug":"mutinerie-a-niamey-laes-denonce-une-tentative-de-destabilisation","status":"publish","type":"post","link":"https:\/\/dekkbi.com\/?p=78056","title":{"rendered":"Mutinerie \u00e0 Niamey: L\u2019AES d\u00e9nonce une tentative de d\u00e9stabilisation"},"content":{"rendered":"\n<p class=\"wp-block-paragraph\">La Conf\u00e9d\u00e9ration des \u00c9tats du Sahel (AES) a publi\u00e9 ce samedi un communiqu\u00e9 qualifiant d\u2019\u00ab entreprise de d\u00e9stabilisation \u00bb la mutinerie survenue \u00e0 Niamey durant la nuit du 28 au 29 ao\u00fbt. Selon le texte, sign\u00e9 par le porte-parole du gouvernement du Burkina Faso, Pingdwend\u00e9 Gilbert Ou\u00e9draogo, un groupe de soldats a men\u00e9 des attaques ayant cibl\u00e9 la base a\u00e9rienne 101 ainsi que d\u2019autres sites sensibles de la capitale nig\u00e9rienne, avant d\u2019\u00eatre neutralis\u00e9 par les forces r\u00e9publicaines loyalistes.<br><br>Cette version se distingue par sa tonalit\u00e9 de celle communiqu\u00e9e par le minist\u00e8re nig\u00e9rien de la D\u00e9fense. Dans un communiqu\u00e9 lu \u00e0 la t\u00e9l\u00e9vision nationale, le g\u00e9n\u00e9ral de corps d\u2019arm\u00e9e Salifou Mody a \u00e9voqu\u00e9 un \u00ab mouvement d\u2019humeur \u00bb impliquant des militaires \u00ab en rupture avec le r\u00e8glement militaire \u00bb, qui auraient s\u00e9questr\u00e9 des camarades au sein de la caserne avant d\u2019ouvrir le feu sur plusieurs points de la ville, notamment aux abords de l\u2019a\u00e9roport international Diori Hamani et du palais pr\u00e9sidentiel. Les autorit\u00e9s nig\u00e9riennes ont appel\u00e9 la population au calme.<br><br>Sur le terrain, la situation demeurait toutefois incertaine plusieurs heures apr\u00e8s les premi\u00e8res annonces officielles. Des tirs nourris et des explosions ont \u00e9t\u00e9 rapport\u00e9s jusque dans la matin\u00e9e de samedi, y compris apr\u00e8s que les autorit\u00e9s eurent fait \u00e9tat d\u2019un retour progressif au contr\u00f4le des sites vis\u00e9s, selon des t\u00e9moins cit\u00e9s par la presse internationale.<br><br>Dans son communiqu\u00e9, l\u2019AES r\u00e9affirme son soutien total aux institutions de la R\u00e9publique du Niger et salue la loyaut\u00e9 des Forces de d\u00e9fense et de s\u00e9curit\u00e9 nig\u00e9riennes. L\u2019organisation dit \u00e9galement rester d\u00e9termin\u00e9e \u00e0 pr\u00e9server l\u2019unit\u00e9 et la coh\u00e9sion de la Conf\u00e9d\u00e9ration, qui regroupe le Burkina Faso, le Mali et le Niger. Elle appelle enfin les populations des trois pays \u00e0 la vigilance face aux campagnes de d\u00e9sinformation susceptibles d\u2019accompagner ce type d\u2019\u00e9v\u00e9nement.<br><br>Cet \u00e9pisode intervient sept mois apr\u00e8s une attaque arm\u00e9e revendiqu\u00e9e par le groupe \u00c9tat islamique contre le m\u00eame site, dans la nuit du 28 au 29 janvier 2026, qui avait d\u00e9j\u00e0 mis en lumi\u00e8re la vuln\u00e9rabilit\u00e9 de cette installation strat\u00e9gique abritant le commandement des forces conjointes de l\u2019AES.<\/p>\n\n\n\n<figure class=\"wp-block-image is-resized\"><a href=\"javascript:void(0)\"><img decoding=\"async\" src=\"https:\/\/www.dakaractu.com\/photo\/art\/default\/97854777-68113707.jpg?v=1788038456\" alt=\"Mutinerie \u00e0 Niamey : L\u2019AES d\u00e9nonce une tentative de d\u00e9stabilisation\" style=\"width:684px;height:auto\" title=\"Mutinerie \u00e0 Niamey : L\u2019AES d\u00e9nonce une tentative de d\u00e9stabilisation\"\/><\/a><\/figure>\n\n\n\n<p class=\"wp-block-paragraph\"><\/p>\n","protected":false},"excerpt":{"rendered":"<p>La Conf\u00e9d\u00e9ration des \u00c9tats du Sahel (AES) a publi\u00e9 ce samedi un communiqu\u00e9 qualifiant d\u2019\u00ab entreprise de d\u00e9stabilisation \u00bb la<\/p>\n","protected":false},"author":1,"featured_media":38098,"comment_status":"open","ping_status":"open","sticky":false,"template":"","format":"standard","meta":{"footnotes":""},"categories":[51],"tags":[],"class_list":["post-78056","post","type-post","status-publish","format-standard","has-post-thumbnail","hentry","category-general"],"_links":{"self":[{"href":"https:\/\/dekkbi.com\/index.php?rest_route=\/wp\/v2\/posts\/78056","targetHints":{"allow":["GET"]}}],"collection":[{"href":"https:\/\/dekkbi.com\/index.php?rest_route=\/wp\/v2\/posts"}],"about":[{"href":"https:\/\/dekkbi.com\/index.php?rest_route=\/wp\/v2\/types\/post"}],"author":[{"embeddable":true,"href":"https:\/\/dekkbi.com\/index.php?rest_route=\/wp\/v2\/users\/1"}],"replies":[{"embeddable":true,"href":"https:\/\/dekkbi.com\/index.php?rest_route=%2Fwp%2Fv2%2Fcomments&post=78056"}],"version-history":[{"count":1,"href":"https:\/\/dekkbi.com\/index.php?rest_route=\/wp\/v2\/posts\/78056\/revisions"}],"predecessor-version":[{"id":78057,"href":"https:\/\/dekkbi.com\/index.php?rest_route=\/wp\/v2\/posts\/78056\/revisions\/78057"}],"wp:featuredmedia":[{"embeddable":true,"href":"https:\/\/dekkbi.com\/index.php?rest_route=\/wp\/v2\/media\/38098"}],"wp:attachment":[{"href":"https:\/\/dekkbi.com\/index.php?rest_route=%2Fwp%2Fv2%2Fmedia&parent=78056"}],"wp:term":[{"taxonomy":"category","embeddable":true,"href":"https:\/\/dekkbi.com\/index.php?rest_route=%2Fwp%2Fv2%2Fcategories&post=78056"},{"taxonomy":"post_tag","embeddable":true,"href":"https:\/\/dekkbi.com\/index.php?rest_route=%2Fwp%2Fv2%2Ftags&post=78056"}],"curies":[{"name":"wp","href":"https:\/\/api.w.org\/{rel}","templated":true}]}}