{"id":78049,"date":"2026-09-02T11:56:44","date_gmt":"2026-09-02T11:56:44","guid":{"rendered":"https:\/\/dekkbi.com\/?p=78049"},"modified":"2026-09-02T11:56:45","modified_gmt":"2026-09-02T11:56:45","slug":"taniere-pape-matar-sarr-iliman-ndiaye-ismaila-sarr-lamine-camara-le-mercato-anime-des-lions","status":"publish","type":"post","link":"https:\/\/dekkbi.com\/?p=78049","title":{"rendered":"Tani\u00e8re \u2013 Pape Matar Sarr, Iliman Ndiaye, Isma\u00efla Sarr, Lamine Camara\u2026 : Le mercato anim\u00e9 des Lions"},"content":{"rendered":"\n<p class=\"wp-block-paragraph\"><strong>Apr\u00e8s Nicolas Jackson (Chelsea) ou encore Ibrahim Mbaye (Psg) qui ont sign\u00e9 \u00e0 Aston Villa, les internationaux s\u00e9n\u00e9galais continuent d\u2019animer le mercato. C\u2019est le cas de Pape Matar Sarr (Juve) et Iliman Ndiaye (Man City). D\u2019autres comme Isma\u00efla Sarr et Lamine Camara pourraient aussi faire la m\u00eame chose, \u00e0 quelques heures de la fin du mercato.&nbsp;<\/strong><\/p>\n\n\n\n<p class=\"wp-block-paragraph\"><strong>Par Woury DIALLO \u2013\u00a0<\/strong>Les internationaux s\u00e9n\u00e9galais continuent d\u2019animer le mercato d\u2019\u00e9t\u00e9. Entre d\u00e9parts, n\u00e9gociations et incertitudes sur la destination, les champions d\u2019Afrique 2025 ont toujours la cote, surtout en Premier League, destination privil\u00e9gi\u00e9e par les Lions.<br>En effet, apr\u00e8s le jeune Parisien, Ibrahim Mbaye, et l\u2019attaquant de Chelsea, Nicolas Jackson, transf\u00e9r\u00e9s \u00e0 Aston Villa, c\u2019est au tour du milieu de terrain de Tottenham, Pape Matar Sarr, de filer vers l\u2019Italie. L\u2019ancien pensionnaire de G\u00e9n\u00e9ration Foot va d\u00e9couvrir la Serie A suite \u00e0 un accord pouvant atteindre 30 M d\u2019euros, selon la presse italienne. Le milieu s\u00e9n\u00e9galais de 23 ans d\u00e9barque \u00e0 Turin sous la forme d\u2019un pr\u00eat avec option d\u2019achat. Une option qui ne restera pas longtemps th\u00e9orique : elle deviendra obligatoire si certains crit\u00e8res sont remplis, parmi lesquels une qualification de la Juventus pour la Ligue des Champions et un nombre pr\u00e9cis de matchs disput\u00e9s par l\u2019international s\u00e9n\u00e9galais sur la saison. Arriv\u00e9 en 2021 en provenance du Fc Metz, Sarr quitte les Spurs apr\u00e8s plus de 100 matchs officiels disput\u00e9s.<br>Annonc\u00e9 proche de Totten\u00adham, Iliman Ndiaye (26 ans, 2 matchs en Premier League cette saison) devrait plut\u00f4t s\u2019envoler vers Man\u00adchester City ! Les Citizens s\u2019appr\u00eatent \u00e0 arracher la signature du milieu offensif d\u2019Everton gr\u00e2ce \u00e0 une offre d\u2019environ 76 millions d\u2019euros (bonus compris). L\u2019in\u00adternational s\u00e9n\u00e9galais, d\u00e9j\u00e0 d\u2019accord avec le club mancunien, passera sa visite m\u00e9dicale ce mardi.<br>Toujours dans le secteur du milieu, la Premier League pourrait enregistrer l\u2019arriv\u00e9e du milieu de terrain de l\u2019As Mo\u00adnaco, Lamine Camara. M\u00eame si le dossier du natif de Diou\u00adloulou semble plus compliqu\u00e9.<br>En effet, selon plusieurs m\u00e9dias britanniques, l\u2019int\u00e9r\u00eat de Chelsea pour l\u2019international s\u00e9n\u00e9galais de 22 ans pourrait s\u2019estomper. En plus de l\u2019int\u00e9r\u00eat de Chelsea pour le milieu de terrain fran\u00e7ais de l\u2019As Roma, Manu Kon\u00e9, les dirigeants mon\u00e9gasques souhaitent con\u00adserver leur joueur, au moins jusqu\u2019au prochain mercato. Une position affirm\u00e9e vendredi par le Pdg Thiago Scuro et r\u00e9affirm\u00e9e dimanche soir par l\u2019entra\u00eeneur Filipe Lu\u00eds. Cepen\u00addant, \u00e0 quelques heures de la fermeture du mercato, la donne peut rapidement changer.<br>Tout peut \u00e9voluer pour l\u2019attaquant de Crystal Palace, Isma\u00efla Sarr. Suivi par plusieurs clubs anglais, \u00e0 l\u2019image de Liverpool, le S\u00e9n\u00e9galais a exprim\u00e9 son envie de d\u00e9part aux dirigeants de son club. Reste \u00e0 savoir si les trois parties pourront trouver un accord \u00e0 la fin du mercato.<br>Autant de mouvements que le nouveau s\u00e9lectionneur des Lions, Patrick Vieira, devra prendre en compte, au moment de confectionner sa premi\u00e8re liste pour le d\u00e9but des \u00e9liminatoires de la Can 2027, pr\u00e9vu du 21 septembre au 6 octobre. Le S\u00e9n\u00e9gal est log\u00e9 dans le Groupe J aux c\u00f4t\u00e9s du Mozambique, du Soudan et de l\u2019Ethiopie. La premi\u00e8re sortie est pr\u00e9vue le 23 septembre face au Mozam\u00adbique, au Stade Abdoulaye Wade de Diamniadio, avant le d\u00e9\u00adplacement en Ethiopie, le 27 septembre.<\/p>\n\n\n\n<p class=\"wp-block-paragraph\"><strong>wdiallo@lequotidien.sn<\/strong><\/p>\n","protected":false},"excerpt":{"rendered":"<p>Apr\u00e8s Nicolas Jackson (Chelsea) ou encore Ibrahim Mbaye (Psg) qui ont sign\u00e9 \u00e0 Aston Villa, les internationaux s\u00e9n\u00e9galais continuent d\u2019animer<\/p>\n","protected":false},"author":1,"featured_media":78050,"comment_status":"open","ping_status":"open","sticky":false,"template":"","format":"standard","meta":{"footnotes":""},"categories":[9],"tags":[],"class_list":["post-78049","post","type-post","status-publish","format-standard","has-post-thumbnail","hentry","category-sports"],"_links":{"self":[{"href":"https:\/\/dekkbi.com\/index.php?rest_route=\/wp\/v2\/posts\/78049","targetHints":{"allow":["GET"]}}],"collection":[{"href":"https:\/\/dekkbi.com\/index.php?rest_route=\/wp\/v2\/posts"}],"about":[{"href":"https:\/\/dekkbi.com\/index.php?rest_route=\/wp\/v2\/types\/post"}],"author":[{"embeddable":true,"href":"https:\/\/dekkbi.com\/index.php?rest_route=\/wp\/v2\/users\/1"}],"replies":[{"embeddable":true,"href":"https:\/\/dekkbi.com\/index.php?rest_route=%2Fwp%2Fv2%2Fcomments&post=78049"}],"version-history":[{"count":1,"href":"https:\/\/dekkbi.com\/index.php?rest_route=\/wp\/v2\/posts\/78049\/revisions"}],"predecessor-version":[{"id":78051,"href":"https:\/\/dekkbi.com\/index.php?rest_route=\/wp\/v2\/posts\/78049\/revisions\/78051"}],"wp:featuredmedia":[{"embeddable":true,"href":"https:\/\/dekkbi.com\/index.php?rest_route=\/wp\/v2\/media\/78050"}],"wp:attachment":[{"href":"https:\/\/dekkbi.com\/index.php?rest_route=%2Fwp%2Fv2%2Fmedia&parent=78049"}],"wp:term":[{"taxonomy":"category","embeddable":true,"href":"https:\/\/dekkbi.com\/index.php?rest_route=%2Fwp%2Fv2%2Fcategories&post=78049"},{"taxonomy":"post_tag","embeddable":true,"href":"https:\/\/dekkbi.com\/index.php?rest_route=%2Fwp%2Fv2%2Ftags&post=78049"}],"curies":[{"name":"wp","href":"https:\/\/api.w.org\/{rel}","templated":true}]}}