{"id":78046,"date":"2026-09-02T11:54:50","date_gmt":"2026-09-02T11:54:50","guid":{"rendered":"https:\/\/dekkbi.com\/?p=78046"},"modified":"2026-09-02T11:54:50","modified_gmt":"2026-09-02T11:54:50","slug":"sonko-apres-le-tolle-autour-de-la-dpg-il-ny-a-ni-tension-ni-probleme-juste-le-fonctionnement-normal-des-institutions","status":"publish","type":"post","link":"https:\/\/dekkbi.com\/?p=78046","title":{"rendered":"Sonko apr\u00e8s le toll\u00e9 autour de la DPG : \u00ab Il n\u2019y a ni tension ni probl\u00e8me, juste le fonctionnement normal des institutions&#8230; \u00bb"},"content":{"rendered":"\n<p class=\"wp-block-paragraph\">Le pr\u00e9sident de l\u2019Assembl\u00e9e nationale, Ousmane Sonko, a ouvert mardi 1er septembre la deuxi\u00e8me session extraordinaire de l\u2019institution en clarifiant la proc\u00e9dure applicable \u00e0 la D\u00e9claration de politique g\u00e9n\u00e9rale (DPG) du Premier ministre Ahmadou Al Aminou Mohamed L\u00f4, au lendemain de vives pol\u00e9miques sur le calendrier de cet exercice constitutionnel.<br><br>Sonko a rappel\u00e9 que la fixation d\u2019une date pour la DPG, dans les huit jours suivant l\u2019ouverture de la session, rel\u00e8ve d\u2019une simple facult\u00e9 laiss\u00e9e \u00e0 l\u2019ex\u00e9cutif et, plus pr\u00e9cis\u00e9ment, au pr\u00e9sident de la R\u00e9publique. \u00ab Contrairement \u00e0 la pratique \u00bb, a-t-il soulign\u00e9, l\u2019Assembl\u00e9e n\u2019a re\u00e7u aucune correspondance du chef de l\u2019\u00c9tat \u00e0 ce sujet, le d\u00e9cret n\u00b0 2026-1530 convoquant la session extraordinaire \u00e0 compter du 1er septembre n\u2019ayant pas fix\u00e9 de date exacte pour la d\u00e9claration elle-m\u00eame.<br><br>En l\u2019absence de cette planification par l\u2019ex\u00e9cutif, le pr\u00e9sident de l\u2019Assembl\u00e9e a indiqu\u00e9 que l\u2019institution s\u2019appuierait sur les dispositions pertinentes de son r\u00e8glement int\u00e9rieur, notamment l\u2019article 22, qui organise la Conf\u00e9rence des pr\u00e9sidents. Cet organe r\u00e9unit le pr\u00e9sident et les vice-pr\u00e9sidents de l\u2019Assembl\u00e9e, les pr\u00e9sidents des commissions dont celle des Finances et du Contr\u00f4le budg\u00e9taire, ainsi que les pr\u00e9sidents des groupes parlementaires et le repr\u00e9sentant des d\u00e9put\u00e9s non-inscrits. C\u2019est cette conf\u00e9rence qui arr\u00eatera l\u2019ordre du jour, fixera le calendrier des travaux en commission et en s\u00e9ance pl\u00e9ni\u00e8re, et organisera les d\u00e9bats conform\u00e9ment \u00e0 l\u2019article 77, alin\u00e9a 4, du r\u00e8glement, notamment la r\u00e9partition du temps de parole entre les groupes.<br><br>Sonko a pr\u00e9cis\u00e9 que la s\u00e9ance d\u2019ouverture du jour se cl\u00f4turerait d\u00e8s l\u2019\u00e9puisement de son point unique le constat du quorum, la DPG proprement dite devant intervenir selon le calendrier que fixera la Conf\u00e9rence des pr\u00e9sidents.<br><br>Face aux accusations, port\u00e9es notamment par des d\u00e9put\u00e9s de sa propre majorit\u00e9, d\u2019une man\u0153uvre de l\u2019ex\u00e9cutif visant \u00e0 brouiller le calendrier et \u00e0 en faire porter la responsabilit\u00e9 au Parlement, le pr\u00e9sident de l&rsquo;Assembl\u00e9e s&rsquo;est voulu apaisant. \u00ab Les textes sont tr\u00e8s clairs \u00bb, a-t-il affirm\u00e9, ajoutant qu\u2019ils seraient appliqu\u00e9s \u00ab autant qu\u2019il le faudra \u00bb, et qu\u2019il n\u2019y avait \u00ab ni tension, ni probl\u00e8me \u00bb, mais juste \u00ab le fonctionnement normal des institutions&#8230; \u00bb<\/p>\n\n\n\n<p class=\"wp-block-paragraph\">SOURCE DAKARACTU<\/p>\n","protected":false},"excerpt":{"rendered":"<p>Le pr\u00e9sident de l\u2019Assembl\u00e9e nationale, Ousmane Sonko, a ouvert mardi 1er septembre la deuxi\u00e8me session extraordinaire de l\u2019institution en clarifiant<\/p>\n","protected":false},"author":1,"featured_media":77669,"comment_status":"open","ping_status":"open","sticky":false,"template":"","format":"standard","meta":{"footnotes":""},"categories":[6],"tags":[],"class_list":["post-78046","post","type-post","status-publish","format-standard","has-post-thumbnail","hentry","category-politics"],"_links":{"self":[{"href":"https:\/\/dekkbi.com\/index.php?rest_route=\/wp\/v2\/posts\/78046","targetHints":{"allow":["GET"]}}],"collection":[{"href":"https:\/\/dekkbi.com\/index.php?rest_route=\/wp\/v2\/posts"}],"about":[{"href":"https:\/\/dekkbi.com\/index.php?rest_route=\/wp\/v2\/types\/post"}],"author":[{"embeddable":true,"href":"https:\/\/dekkbi.com\/index.php?rest_route=\/wp\/v2\/users\/1"}],"replies":[{"embeddable":true,"href":"https:\/\/dekkbi.com\/index.php?rest_route=%2Fwp%2Fv2%2Fcomments&post=78046"}],"version-history":[{"count":1,"href":"https:\/\/dekkbi.com\/index.php?rest_route=\/wp\/v2\/posts\/78046\/revisions"}],"predecessor-version":[{"id":78048,"href":"https:\/\/dekkbi.com\/index.php?rest_route=\/wp\/v2\/posts\/78046\/revisions\/78048"}],"wp:featuredmedia":[{"embeddable":true,"href":"https:\/\/dekkbi.com\/index.php?rest_route=\/wp\/v2\/media\/77669"}],"wp:attachment":[{"href":"https:\/\/dekkbi.com\/index.php?rest_route=%2Fwp%2Fv2%2Fmedia&parent=78046"}],"wp:term":[{"taxonomy":"category","embeddable":true,"href":"https:\/\/dekkbi.com\/index.php?rest_route=%2Fwp%2Fv2%2Fcategories&post=78046"},{"taxonomy":"post_tag","embeddable":true,"href":"https:\/\/dekkbi.com\/index.php?rest_route=%2Fwp%2Fv2%2Ftags&post=78046"}],"curies":[{"name":"wp","href":"https:\/\/api.w.org\/{rel}","templated":true}]}}