{"id":78042,"date":"2026-09-02T11:51:03","date_gmt":"2026-09-02T11:51:03","guid":{"rendered":"https:\/\/dekkbi.com\/?p=78042"},"modified":"2026-09-02T11:51:04","modified_gmt":"2026-09-02T11:51:04","slug":"dette-abdourahmane-sarr-apres-la-sortie-de-cheikh-diba-le-fmi-reitere-quelle-nest-pas-viable","status":"publish","type":"post","link":"https:\/\/dekkbi.com\/?p=78042","title":{"rendered":"Dette \/ Abdourahmane Sarr apr\u00e8s la sortie de Cheikh Diba: \u00ab le FMI r\u00e9it\u00e8re qu\u2019elle n\u2019est pas viable \u00bb"},"content":{"rendered":"\n<p class=\"wp-block-paragraph\">Dans une tribune publi\u00e9e ce mardi, l\u2019ancien ministre de l\u2019\u00c9conomie, du Plan et de la Coop\u00e9ration, Abdourahmane Sarr, r\u00e9agit \u00e0 la conclusion de la mission du Fonds mon\u00e9taire international (FMI) au S\u00e9n\u00e9gal, sanctionn\u00e9e par un accord au niveau des services du FMI avec les autorit\u00e9s s\u00e9n\u00e9galaises, repr\u00e9sent\u00e9es par le ministre de l\u2019\u00c9conomie et des Finances.<br>\u00a0<br>En attendant la publication des d\u00e9tails de cet accord, r\u00e9clam\u00e9s par le pouvoir l\u00e9gislatif \u00e0 travers le Pr\u00e9sident de l\u2019Assembl\u00e9e nationale, Abdourahmane Sarr rel\u00e8ve que le FMI r\u00e9it\u00e8re, dans sa d\u00e9claration, sa position sur le caract\u00e8re non viable de la dette s\u00e9n\u00e9galaise. Selon lui, l\u2019institution fonde cette appr\u00e9ciation sur l\u2019annonce faite par les autorit\u00e9s s\u00e9n\u00e9galaises de leur intention de solliciter un traitement de la dette afin d\u2019en r\u00e9tablir la viabilit\u00e9.<br>\u00a0<br>L\u2019ancien ministre souligne par ailleurs que le financement catalytique du FMI est conditionn\u00e9 \u00e0 l\u2019origine du gap de financement \u00e0 combler : celui-ci ne doit pas r\u00e9sulter de d\u00e9penses jug\u00e9es improductives par l\u2019institution, notamment les subventions \u00e9nerg\u00e9tiques non cibl\u00e9es, auxquelles le FMI pr\u00e9f\u00e8re des transferts mon\u00e9taires directs vers les couches vuln\u00e9rables. Il rappelle que le cadrage macro\u00e9conomique du S\u00e9n\u00e9gal n\u2019a pas pr\u00e9sent\u00e9 de gap de financement au cours des deux derni\u00e8res ann\u00e9es, tout en estimant qu\u2019un financement du FMI \u00e0 des conditions favorables constituerait une bonne nouvelle, \u00e0 condition qu\u2019il ne d\u00e9tourne pas le pays de ses objectifs de transformation syst\u00e9mique inscrits dans la Vision 2050 et le plan quinquennal. Pour lui, aucune strat\u00e9gie de d\u00e9veloppement ne peut se d\u00e9ployer sans un cadre macro\u00e9conomique solide.<br>\u00a0<br>Sur la question de la dette cach\u00e9e, dont les responsabilit\u00e9s devront \u00eatre \u00e9tablies et dont l\u2019\u00e9lucidation conditionnera, selon lui, la d\u00e9rogation du FMI pour manquement \u00e0 l\u2019obligation de d\u00e9claration (misreporting), Abdourahmane Sarr affirme qu\u2019aucune construction durable ne peut reposer sur le mensonge et la dissimulation. Il estime que le changement suppose du renouveau, jugeant que l\u2019\u00c9tat s\u00e9n\u00e9galais, dans son organisation actuelle, a montr\u00e9 ses limites. \u00c0 ses yeux, r\u00e9tablir les \u00e9quilibres budg\u00e9taires, r\u00e9duire les charges d\u2019int\u00e9r\u00eats et redistribuer les ressources publiques ne suffiront pas \u00e0 transformer la r\u00e9alit\u00e9 du pays : la transformation structurelle passera d\u2019abord, selon lui, par la lib\u00e9ration des \u00e9nergies des S\u00e9n\u00e9galais eux-m\u00eames.<\/p>\n\n\n\n<p class=\"wp-block-paragraph\">SOURCE DAKARACTU<\/p>\n","protected":false},"excerpt":{"rendered":"<p>Dans une tribune publi\u00e9e ce mardi, l\u2019ancien ministre de l\u2019\u00c9conomie, du Plan et de la Coop\u00e9ration, Abdourahmane Sarr, r\u00e9agit \u00e0<\/p>\n","protected":false},"author":1,"featured_media":51890,"comment_status":"open","ping_status":"open","sticky":false,"template":"","format":"standard","meta":{"footnotes":""},"categories":[3],"tags":[],"class_list":["post-78042","post","type-post","status-publish","format-standard","has-post-thumbnail","hentry","category-event-more-news"],"_links":{"self":[{"href":"https:\/\/dekkbi.com\/index.php?rest_route=\/wp\/v2\/posts\/78042","targetHints":{"allow":["GET"]}}],"collection":[{"href":"https:\/\/dekkbi.com\/index.php?rest_route=\/wp\/v2\/posts"}],"about":[{"href":"https:\/\/dekkbi.com\/index.php?rest_route=\/wp\/v2\/types\/post"}],"author":[{"embeddable":true,"href":"https:\/\/dekkbi.com\/index.php?rest_route=\/wp\/v2\/users\/1"}],"replies":[{"embeddable":true,"href":"https:\/\/dekkbi.com\/index.php?rest_route=%2Fwp%2Fv2%2Fcomments&post=78042"}],"version-history":[{"count":1,"href":"https:\/\/dekkbi.com\/index.php?rest_route=\/wp\/v2\/posts\/78042\/revisions"}],"predecessor-version":[{"id":78043,"href":"https:\/\/dekkbi.com\/index.php?rest_route=\/wp\/v2\/posts\/78042\/revisions\/78043"}],"wp:featuredmedia":[{"embeddable":true,"href":"https:\/\/dekkbi.com\/index.php?rest_route=\/wp\/v2\/media\/51890"}],"wp:attachment":[{"href":"https:\/\/dekkbi.com\/index.php?rest_route=%2Fwp%2Fv2%2Fmedia&parent=78042"}],"wp:term":[{"taxonomy":"category","embeddable":true,"href":"https:\/\/dekkbi.com\/index.php?rest_route=%2Fwp%2Fv2%2Fcategories&post=78042"},{"taxonomy":"post_tag","embeddable":true,"href":"https:\/\/dekkbi.com\/index.php?rest_route=%2Fwp%2Fv2%2Ftags&post=78042"}],"curies":[{"name":"wp","href":"https:\/\/api.w.org\/{rel}","templated":true}]}}